{"id":672,"date":"2019-11-09T12:26:58","date_gmt":"2019-11-09T12:26:58","guid":{"rendered":"https:\/\/iomodontologia.com.br\/?p=672"},"modified":"2019-11-09T12:26:58","modified_gmt":"2019-11-09T12:26:58","slug":"como-estresse-ansiedade-afetam-a-saude-bucal","status":"publish","type":"post","link":"https:\/\/iomodontologia.com.br\/index.php\/2019\/11\/09\/como-estresse-ansiedade-afetam-a-saude-bucal\/","title":{"rendered":"Estresse e Ansiedade podem afetar a sua sa\u00fade bucal"},"content":{"rendered":"<p style=\"text-align: center;\"><b><span data-contrast=\"auto\">Estresse e Ansiedade podem afetar a sua sa\u00fade bucal<\/span><\/b><span data-ccp-props=\"{&quot;201341983&quot;:0,&quot;335551550&quot;:2,&quot;335551620&quot;:2,&quot;335559739&quot;:160,&quot;335559740&quot;:259}\">\u00a0<\/span><\/p>\n<p><span data-ccp-props=\"{&quot;201341983&quot;:0,&quot;335559739&quot;:160,&quot;335559740&quot;:259}\">\u00a0<\/span><\/p>\n<p><span data-contrast=\"auto\">Somos expostos a todo tipo de tarefas que podem nos deixar estressados como rotina de trabalho rigorosa, deveres acad\u00eamicos, tr\u00e2nsito intenso e etc&#8230; quando todo esse estresse nos sobrecarrega acaba causando desequil\u00edbrio em nosso organismo e trazendo problemas para nossa sa\u00fade inclusive para a sa\u00fade bucal, ainda mais quando se tem h\u00e1bitos negativos como tabagismo e alcoolismo por exemplo \u2013 segundo Dr. David\u00a0<\/span><span data-contrast=\"auto\">Cochran<\/span><span data-contrast=\"auto\">, Presidente da Academia Americana de\u00a0<\/span><span data-contrast=\"auto\">Periodontologia<\/span><span data-contrast=\"auto\">\u00a0e professor titular do Departamento de\u00a0<\/span><span data-contrast=\"auto\">Periodontologia<\/span><span data-contrast=\"auto\">\u00a0do Centro de Ci\u00eancias da Sa\u00fade da Universidade do Texas em San\u00a0<\/span><span data-contrast=\"auto\">Antonio<\/span><span data-contrast=\"auto\">.<\/span><span data-ccp-props=\"{&quot;201341983&quot;:0,&quot;335559739&quot;:160,&quot;335559740&quot;:259}\">\u00a0<\/span><\/p>\n<p><span data-ccp-props=\"{&quot;201341983&quot;:0,&quot;335559739&quot;:160,&quot;335559740&quot;:259}\">\u00a0<\/span><\/p>\n<p><span data-contrast=\"auto\">Estudos publicados pelo\u00a0<\/span><span data-contrast=\"auto\">Journal<\/span><span data-contrast=\"auto\">\u00a0<\/span><span data-contrast=\"auto\">of<\/span><span data-contrast=\"auto\">\u00a0<\/span><span data-contrast=\"auto\">Periodontology<\/span><span data-contrast=\"auto\">\u00a0apontam que o estresse e a ansiedade afetam a higiene bucal de 56% dos participantes da pesquisa (queixam-se da falta de tempo para fazer a limpeza com fio dental \u201cexemplo\u201d) al\u00e9m disso a alta do horm\u00f4nio cortisol produzido pelo estresse pode levar o paciente a doen\u00e7a periodontal.<\/span><span data-ccp-props=\"{&quot;201341983&quot;:0,&quot;335559739&quot;:160,&quot;335559740&quot;:259}\">\u00a0<\/span><\/p>\n<p><span data-ccp-props=\"{&quot;201341983&quot;:0,&quot;335559739&quot;:160,&quot;335559740&quot;:259}\">\u00a0<\/span><\/p>\n<p><span data-contrast=\"auto\">Estresse e Ansiedade afetam sua sa\u00fade bucal com os seguintes problemas:<\/span><span data-ccp-props=\"{&quot;201341983&quot;:0,&quot;335559739&quot;:160,&quot;335559740&quot;:259}\">\u00a0<\/span><\/p>\n<ul>\n<li data-leveltext=\"\uf0b7\" data-font=\"Symbol\" data-listid=\"1\" aria-setsize=\"-1\" data-aria-posinset=\"1\" data-aria-level=\"1\"><span data-contrast=\"auto\">ATM ou Bruxismo \u2013 Um problema muito comum caracterizado por problemas que afetam a articula\u00e7\u00e3o temporomandibular como pressionar os dentes ou ranger enquanto dorme.<\/span><span data-ccp-props=\"{&quot;134233279&quot;:true,&quot;201341983&quot;:0,&quot;335559739&quot;:160,&quot;335559740&quot;:259}\">\u00a0<\/span><\/li>\n<li data-leveltext=\"\uf0b7\" data-font=\"Symbol\" data-listid=\"1\" aria-setsize=\"-1\" data-aria-posinset=\"2\" data-aria-level=\"1\"><span data-contrast=\"auto\">Aftas \u2013 Surgimento de feridas causadas por bact\u00e9rias ou at\u00e9 mesmo defici\u00eancia no sistema imunol\u00f3gico.<\/span><span data-ccp-props=\"{&quot;134233279&quot;:true,&quot;201341983&quot;:0,&quot;335559739&quot;:160,&quot;335559740&quot;:259}\">\u00a0<\/span><\/li>\n<li data-leveltext=\"\uf0b7\" data-font=\"Symbol\" data-listid=\"1\" aria-setsize=\"-1\" data-aria-posinset=\"3\" data-aria-level=\"1\"><span data-contrast=\"auto\">Boca seca \u2013 Baixa saliva\u00e7\u00e3o, o que impede de manter a boca \u00famida e bem hidratada.<\/span><span data-ccp-props=\"{&quot;134233279&quot;:true,&quot;201341983&quot;:0,&quot;335559739&quot;:160,&quot;335559740&quot;:259}\">\u00a0<\/span><\/li>\n<\/ul>\n<p><span data-ccp-props=\"{&quot;201341983&quot;:0,&quot;335559685&quot;:360,&quot;335559739&quot;:160,&quot;335559740&quot;:259}\">\u00a0<\/span><\/p>\n<p><span data-contrast=\"auto\">Esses s\u00e3o apenas alguns dos problemas que o estresse pode trazer pra sa\u00fade da sua boca. Caso voc\u00ea esteja passando por algum desses problemas \u00e9 importante planejar\u00a0<\/span><span data-contrast=\"auto\">um nova rotina<\/span><span data-contrast=\"auto\">\u00a0de alimenta\u00e7\u00e3o, sono e pr\u00e1tica de atividades\u00a0<\/span><span data-contrast=\"auto\">f\u00edsicas<\/span><span data-contrast=\"auto\">, e claro, NUNCA deixe de pedir a orienta\u00e7\u00e3o do seu\u00a0<\/span><span data-contrast=\"auto\">cirurgi\u00e3o<\/span><span data-contrast=\"auto\">\u00a0dentista de confian\u00e7a, ele saber\u00e1 como te ajudar da melhor forma.<\/span><span data-ccp-props=\"{&quot;201341983&quot;:0,&quot;335559739&quot;:160,&quot;335559740&quot;:259}\">\u00a0<\/span><\/p>\n<p><span data-ccp-props=\"{&quot;201341983&quot;:0,&quot;335559739&quot;:160,&quot;335559740&quot;:259}\">\u00a0<\/span><\/p>\n<p><span data-contrast=\"auto\">Fontes:<\/span><span data-ccp-props=\"{&quot;201341983&quot;:0,&quot;335559739&quot;:160,&quot;335559740&quot;:259}\">\u00a0<\/span><\/p>\n<p><a href=\"https:\/\/www.meuportoseguro.com.br\/bem-estar\/seu-sorriso\/o-estresse-e-seu-efeito-sobre-a-saude-bucal\/\"><span data-contrast=\"none\">www.meuportoseguro.com.br<\/span><\/a><\/p>\n<p><a href=\"https:\/\/www.msn.com\/pt-br\/saude\/saudebucal\/voc%C3%AA-sabia-que-o-estresse-pode-afetar-a-sa%C3%BAde-bucal\/ar-BBBxiqS\"><span data-contrast=\"none\">www.msn.com<\/span><\/a><\/p>\n<p><a href=\"https:\/\/www.colgate.com.br\/oral-health\/conditions\/temporomandibular-disorder\/what-is-temporomandibular-joint-disorder-tmj\"><span data-contrast=\"none\">www.colgate.com.br<\/span><\/a><\/p>\n<p><img decoding=\"async\" class=\"alignnone  wp-image-651\" src=\"https:\/\/iomodontologia.com.br\/wp-content\/uploads\/2019\/11\/logoface-300x300.png\" alt=\"\" width=\"47\" height=\"47\" srcset=\"https:\/\/iomodontologia.com.br\/wp-content\/uploads\/2019\/11\/logoface-300x300.png 300w, https:\/\/iomodontologia.com.br\/wp-content\/uploads\/2019\/11\/logoface-100x100.png 100w, https:\/\/iomodontologia.com.br\/wp-content\/uploads\/2019\/11\/logoface-150x150.png 150w, https:\/\/iomodontologia.com.br\/wp-content\/uploads\/2019\/11\/logoface.png 512w, https:\/\/iomodontologia.com.br\/wp-content\/uploads\/2019\/11\/logoface-65x65.png 65w, https:\/\/iomodontologia.com.br\/wp-content\/uploads\/2019\/11\/logoface-500x500.png 500w\" sizes=\"(max-width: 47px) 100vw, 47px\" \/> <a href=\"http:\/\/fb.com\/iomodontologia\/\" target=\"_blank\" rel=\"noopener noreferrer\">fb.com\/iomodontologia\/<\/a><\/p>\n<p><img decoding=\"async\" class=\"alignnone  wp-image-652\" src=\"https:\/\/iomodontologia.com.br\/wp-content\/uploads\/2019\/11\/01-300x300.png\" alt=\"\" width=\"44\" height=\"44\" srcset=\"https:\/\/iomodontologia.com.br\/wp-content\/uploads\/2019\/11\/01-300x300.png 300w, https:\/\/iomodontologia.com.br\/wp-content\/uploads\/2019\/11\/01-100x100.png 100w, https:\/\/iomodontologia.com.br\/wp-content\/uploads\/2019\/11\/01-600x603.png 600w, https:\/\/iomodontologia.com.br\/wp-content\/uploads\/2019\/11\/01-1019x1024.png 1019w, https:\/\/iomodontologia.com.br\/wp-content\/uploads\/2019\/11\/01-150x150.png 150w, https:\/\/iomodontologia.com.br\/wp-content\/uploads\/2019\/11\/01-768x772.png 768w, https:\/\/iomodontologia.com.br\/wp-content\/uploads\/2019\/11\/01-1529x1536.png 1529w, https:\/\/iomodontologia.com.br\/wp-content\/uploads\/2019\/11\/01-2038x2048.png 2038w, https:\/\/iomodontologia.com.br\/wp-content\/uploads\/2019\/11\/01-65x65.png 65w, https:\/\/iomodontologia.com.br\/wp-content\/uploads\/2019\/11\/01-500x500.png 500w, https:\/\/iomodontologia.com.br\/wp-content\/uploads\/2019\/11\/01-580x583.png 580w, https:\/\/iomodontologia.com.br\/wp-content\/uploads\/2019\/11\/01-860x864.png 860w, https:\/\/iomodontologia.com.br\/wp-content\/uploads\/2019\/11\/01-1160x1165.png 1160w, https:\/\/iomodontologia.com.br\/wp-content\/uploads\/2019\/11\/01-1320x1326.png 1320w\" sizes=\"(max-width: 44px) 100vw, 44px\" \/> <a href=\"https:\/\/api.whatsapp.com\/send?phone=5511984450119&amp;text=Ol%C3%A1\" target=\"_blank\" rel=\"noopener noreferrer\">(11) 98445.0119<\/a><\/p>\n<figure id=\"attachment_650\" aria-describedby=\"caption-attachment-650\" style=\"width: 300px\" class=\"wp-caption alignnone\"><img decoding=\"async\" class=\"size-medium wp-image-650\" src=\"https:\/\/iomodontologia.com.br\/wp-content\/uploads\/2019\/11\/IOM-Logo-slogan-300x129.png\" alt=\"\" width=\"300\" height=\"129\" srcset=\"https:\/\/iomodontologia.com.br\/wp-content\/uploads\/2019\/11\/IOM-Logo-slogan-300x129.png 300w, https:\/\/iomodontologia.com.br\/wp-content\/uploads\/2019\/11\/IOM-Logo-slogan-600x257.png 600w, https:\/\/iomodontologia.com.br\/wp-content\/uploads\/2019\/11\/IOM-Logo-slogan-1024x439.png 1024w, https:\/\/iomodontologia.com.br\/wp-content\/uploads\/2019\/11\/IOM-Logo-slogan-768x329.png 768w, https:\/\/iomodontologia.com.br\/wp-content\/uploads\/2019\/11\/IOM-Logo-slogan-1536x659.png 1536w, https:\/\/iomodontologia.com.br\/wp-content\/uploads\/2019\/11\/IOM-Logo-slogan-580x249.png 580w, https:\/\/iomodontologia.com.br\/wp-content\/uploads\/2019\/11\/IOM-Logo-slogan-860x369.png 860w, https:\/\/iomodontologia.com.br\/wp-content\/uploads\/2019\/11\/IOM-Logo-slogan-1160x498.png 1160w, https:\/\/iomodontologia.com.br\/wp-content\/uploads\/2019\/11\/IOM-Logo-slogan-1320x566.png 1320w, https:\/\/iomodontologia.com.br\/wp-content\/uploads\/2019\/11\/IOM-Logo-slogan.png 2000w\" sizes=\"(max-width: 300px) 100vw, 300px\" \/><figcaption id=\"caption-attachment-650\" class=\"wp-caption-text\">IOM Instituto Odontol\u00f3gico Mogiano<\/figcaption><\/figure>\n","protected":false},"excerpt":{"rendered":"<p>Estresse e Ansiedade podem afetar a sua sa\u00fade bucal\u00a0 \u00a0 Somos expostos a todo tipo de tarefas que podem nos deixar estressados como rotina de trabalho rigorosa, deveres acad\u00eamicos, tr\u00e2nsito intenso e etc&#8230; quando todo esse estresse nos sobrecarrega acaba causando desequil\u00edbrio em nosso organismo e trazendo problemas para nossa sa\u00fade inclusive para a sa\u00fade&#8230;<\/p>\n","protected":false},"author":1,"featured_media":673,"comment_status":"open","ping_status":"open","sticky":false,"template":"","format":"standard","meta":{"_joinchat":[],"footnotes":""},"categories":[61],"tags":[],"class_list":["post-672","post","type-post","status-publish","format-standard","has-post-thumbnail","hentry","category-artigos"],"yoast_head":"<!-- This site is optimized with the Yoast SEO plugin v26.8 - https:\/\/yoast.com\/product\/yoast-seo-wordpress\/ -->\n<title>Estresse e Ansiedade podem afetar a sua sa\u00fade bucal - IOM - INSTITUTO ODONTOL\u00d3GICO<\/title>\n<meta name=\"robots\" content=\"index, follow, max-snippet:-1, max-image-preview:large, max-video-preview:-1\" \/>\n<link rel=\"canonical\" href=\"https:\/\/iomodontologia.com.br\/index.php\/2019\/11\/09\/como-estresse-ansiedade-afetam-a-saude-bucal\/\" \/>\n<meta property=\"og:locale\" content=\"pt_BR\" \/>\n<meta property=\"og:type\" content=\"article\" \/>\n<meta property=\"og:title\" content=\"Estresse e Ansiedade podem afetar a sua sa\u00fade bucal - IOM - INSTITUTO ODONTOL\u00d3GICO\" \/>\n<meta property=\"og:description\" content=\"Estresse e Ansiedade podem afetar a sua sa\u00fade bucal\u00a0 \u00a0 Somos expostos a todo tipo de tarefas que podem nos deixar estressados como rotina de trabalho rigorosa, deveres acad\u00eamicos, tr\u00e2nsito intenso e etc&#8230; quando todo esse estresse nos sobrecarrega acaba causando desequil\u00edbrio em nosso organismo e trazendo problemas para nossa sa\u00fade inclusive para a sa\u00fade...\" \/>\n<meta property=\"og:url\" content=\"https:\/\/iomodontologia.com.br\/index.php\/2019\/11\/09\/como-estresse-ansiedade-afetam-a-saude-bucal\/\" \/>\n<meta property=\"og:site_name\" content=\"IOM - INSTITUTO ODONTOL\u00d3GICO\" \/>\n<meta property=\"article:publisher\" content=\"https:\/\/www.facebook.com\/iomodontologia\" \/>\n<meta property=\"article:published_time\" content=\"2019-11-09T12:26:58+00:00\" \/>\n<meta property=\"og:image\" content=\"https:\/\/iomodontologia.com.br\/wp-content\/uploads\/2019\/11\/2359.jpg\" \/>\n\t<meta property=\"og:image:width\" content=\"2560\" \/>\n\t<meta property=\"og:image:height\" content=\"1707\" \/>\n\t<meta property=\"og:image:type\" content=\"image\/jpeg\" \/>\n<meta name=\"author\" content=\"IOM\" \/>\n<meta name=\"twitter:card\" content=\"summary_large_image\" \/>\n<meta name=\"twitter:label1\" content=\"Escrito por\" \/>\n\t<meta name=\"twitter:data1\" content=\"IOM\" \/>\n\t<meta name=\"twitter:label2\" content=\"Est. tempo de leitura\" \/>\n\t<meta name=\"twitter:data2\" content=\"2 minutos\" \/>\n<script type=\"application\/ld+json\" class=\"yoast-schema-graph\">{\"@context\":\"https:\/\/schema.org\",\"@graph\":[{\"@type\":\"Article\",\"@id\":\"https:\/\/iomodontologia.com.br\/index.php\/2019\/11\/09\/como-estresse-ansiedade-afetam-a-saude-bucal\/#article\",\"isPartOf\":{\"@id\":\"https:\/\/iomodontologia.com.br\/index.php\/2019\/11\/09\/como-estresse-ansiedade-afetam-a-saude-bucal\/\"},\"author\":{\"name\":\"IOM\",\"@id\":\"https:\/\/iomodontologia.com.br\/#\/schema\/person\/2d8ae883d777958331a9492184992de0\"},\"headline\":\"Estresse e Ansiedade podem afetar a sua sa\u00fade bucal\",\"datePublished\":\"2019-11-09T12:26:58+00:00\",\"mainEntityOfPage\":{\"@id\":\"https:\/\/iomodontologia.com.br\/index.php\/2019\/11\/09\/como-estresse-ansiedade-afetam-a-saude-bucal\/\"},\"wordCount\":335,\"commentCount\":0,\"publisher\":{\"@id\":\"https:\/\/iomodontologia.com.br\/#organization\"},\"image\":{\"@id\":\"https:\/\/iomodontologia.com.br\/index.php\/2019\/11\/09\/como-estresse-ansiedade-afetam-a-saude-bucal\/#primaryimage\"},\"thumbnailUrl\":\"https:\/\/iomodontologia.com.br\/wp-content\/uploads\/2019\/11\/2359.jpg\",\"articleSection\":[\"Artigos\"],\"inLanguage\":\"pt-BR\",\"potentialAction\":[{\"@type\":\"CommentAction\",\"name\":\"Comment\",\"target\":[\"https:\/\/iomodontologia.com.br\/index.php\/2019\/11\/09\/como-estresse-ansiedade-afetam-a-saude-bucal\/#respond\"]}]},{\"@type\":\"WebPage\",\"@id\":\"https:\/\/iomodontologia.com.br\/index.php\/2019\/11\/09\/como-estresse-ansiedade-afetam-a-saude-bucal\/\",\"url\":\"https:\/\/iomodontologia.com.br\/index.php\/2019\/11\/09\/como-estresse-ansiedade-afetam-a-saude-bucal\/\",\"name\":\"Estresse e Ansiedade podem afetar a sua sa\u00fade bucal - IOM - INSTITUTO ODONTOL\u00d3GICO\",\"isPartOf\":{\"@id\":\"https:\/\/iomodontologia.com.br\/#website\"},\"primaryImageOfPage\":{\"@id\":\"https:\/\/iomodontologia.com.br\/index.php\/2019\/11\/09\/como-estresse-ansiedade-afetam-a-saude-bucal\/#primaryimage\"},\"image\":{\"@id\":\"https:\/\/iomodontologia.com.br\/index.php\/2019\/11\/09\/como-estresse-ansiedade-afetam-a-saude-bucal\/#primaryimage\"},\"thumbnailUrl\":\"https:\/\/iomodontologia.com.br\/wp-content\/uploads\/2019\/11\/2359.jpg\",\"datePublished\":\"2019-11-09T12:26:58+00:00\",\"breadcrumb\":{\"@id\":\"https:\/\/iomodontologia.com.br\/index.php\/2019\/11\/09\/como-estresse-ansiedade-afetam-a-saude-bucal\/#breadcrumb\"},\"inLanguage\":\"pt-BR\",\"potentialAction\":[{\"@type\":\"ReadAction\",\"target\":[\"https:\/\/iomodontologia.com.br\/index.php\/2019\/11\/09\/como-estresse-ansiedade-afetam-a-saude-bucal\/\"]}]},{\"@type\":\"ImageObject\",\"inLanguage\":\"pt-BR\",\"@id\":\"https:\/\/iomodontologia.com.br\/index.php\/2019\/11\/09\/como-estresse-ansiedade-afetam-a-saude-bucal\/#primaryimage\",\"url\":\"https:\/\/iomodontologia.com.br\/wp-content\/uploads\/2019\/11\/2359.jpg\",\"contentUrl\":\"https:\/\/iomodontologia.com.br\/wp-content\/uploads\/2019\/11\/2359.jpg\",\"width\":2560,\"height\":1707,\"caption\":\"Young man with his hands at his temples, sitting at the white desk working at laptop, the mug aside, home interior. Business concept photo, lifestyle\"},{\"@type\":\"BreadcrumbList\",\"@id\":\"https:\/\/iomodontologia.com.br\/index.php\/2019\/11\/09\/como-estresse-ansiedade-afetam-a-saude-bucal\/#breadcrumb\",\"itemListElement\":[{\"@type\":\"ListItem\",\"position\":1,\"name\":\"Home\",\"item\":\"https:\/\/iomodontologia.com.br\/\"},{\"@type\":\"ListItem\",\"position\":2,\"name\":\"Estresse e Ansiedade podem afetar a sua sa\u00fade bucal\"}]},{\"@type\":\"WebSite\",\"@id\":\"https:\/\/iomodontologia.com.br\/#website\",\"url\":\"https:\/\/iomodontologia.com.br\/\",\"name\":\"IOM - INSTITUTO ODONTOL\u00d3GICO\",\"description\":\"CL\u00cdNICA ODONTOL\u00d3GICA\",\"publisher\":{\"@id\":\"https:\/\/iomodontologia.com.br\/#organization\"},\"potentialAction\":[{\"@type\":\"SearchAction\",\"target\":{\"@type\":\"EntryPoint\",\"urlTemplate\":\"https:\/\/iomodontologia.com.br\/?s={search_term_string}\"},\"query-input\":{\"@type\":\"PropertyValueSpecification\",\"valueRequired\":true,\"valueName\":\"search_term_string\"}}],\"inLanguage\":\"pt-BR\"},{\"@type\":\"Organization\",\"@id\":\"https:\/\/iomodontologia.com.br\/#organization\",\"name\":\"IOM - Instituto Odontol\u00f3gico Mogiano\",\"url\":\"https:\/\/iomodontologia.com.br\/\",\"logo\":{\"@type\":\"ImageObject\",\"inLanguage\":\"pt-BR\",\"@id\":\"https:\/\/iomodontologia.com.br\/#\/schema\/logo\/image\/\",\"url\":\"https:\/\/iomodontologia.com.br\/wp-content\/uploads\/2019\/11\/IOM-Logo-slogan.png\",\"contentUrl\":\"https:\/\/iomodontologia.com.br\/wp-content\/uploads\/2019\/11\/IOM-Logo-slogan.png\",\"width\":2000,\"height\":858,\"caption\":\"IOM - Instituto Odontol\u00f3gico Mogiano\"},\"image\":{\"@id\":\"https:\/\/iomodontologia.com.br\/#\/schema\/logo\/image\/\"},\"sameAs\":[\"https:\/\/www.facebook.com\/iomodontologia\",\"https:\/\/www.instagram.com\/iom.odonto\"]},{\"@type\":\"Person\",\"@id\":\"https:\/\/iomodontologia.com.br\/#\/schema\/person\/2d8ae883d777958331a9492184992de0\",\"name\":\"IOM\",\"image\":{\"@type\":\"ImageObject\",\"inLanguage\":\"pt-BR\",\"@id\":\"https:\/\/iomodontologia.com.br\/#\/schema\/person\/image\/\",\"url\":\"https:\/\/secure.gravatar.com\/avatar\/003dc2a3c14e0b6b5d63ec9413622bf8?s=96&d=mm&r=g\",\"contentUrl\":\"https:\/\/secure.gravatar.com\/avatar\/003dc2a3c14e0b6b5d63ec9413622bf8?s=96&d=mm&r=g\",\"caption\":\"IOM\"},\"sameAs\":[\"http:\/\/taprontosite.com.br\/iom\"],\"url\":\"https:\/\/iomodontologia.com.br\/index.php\/author\/iom\/\"}]}<\/script>\n<!-- \/ Yoast SEO plugin. -->","yoast_head_json":{"title":"Estresse e Ansiedade podem afetar a sua sa\u00fade bucal - IOM - INSTITUTO ODONTOL\u00d3GICO","robots":{"index":"index","follow":"follow","max-snippet":"max-snippet:-1","max-image-preview":"max-image-preview:large","max-video-preview":"max-video-preview:-1"},"canonical":"https:\/\/iomodontologia.com.br\/index.php\/2019\/11\/09\/como-estresse-ansiedade-afetam-a-saude-bucal\/","og_locale":"pt_BR","og_type":"article","og_title":"Estresse e Ansiedade podem afetar a sua sa\u00fade bucal - IOM - INSTITUTO ODONTOL\u00d3GICO","og_description":"Estresse e Ansiedade podem afetar a sua sa\u00fade bucal\u00a0 \u00a0 Somos expostos a todo tipo de tarefas que podem nos deixar estressados como rotina de trabalho rigorosa, deveres acad\u00eamicos, tr\u00e2nsito intenso e etc&#8230; quando todo esse estresse nos sobrecarrega acaba causando desequil\u00edbrio em nosso organismo e trazendo problemas para nossa sa\u00fade inclusive para a sa\u00fade...","og_url":"https:\/\/iomodontologia.com.br\/index.php\/2019\/11\/09\/como-estresse-ansiedade-afetam-a-saude-bucal\/","og_site_name":"IOM - INSTITUTO ODONTOL\u00d3GICO","article_publisher":"https:\/\/www.facebook.com\/iomodontologia","article_published_time":"2019-11-09T12:26:58+00:00","og_image":[{"width":2560,"height":1707,"url":"https:\/\/iomodontologia.com.br\/wp-content\/uploads\/2019\/11\/2359.jpg","type":"image\/jpeg"}],"author":"IOM","twitter_card":"summary_large_image","twitter_misc":{"Escrito por":"IOM","Est. tempo de leitura":"2 minutos"},"schema":{"@context":"https:\/\/schema.org","@graph":[{"@type":"Article","@id":"https:\/\/iomodontologia.com.br\/index.php\/2019\/11\/09\/como-estresse-ansiedade-afetam-a-saude-bucal\/#article","isPartOf":{"@id":"https:\/\/iomodontologia.com.br\/index.php\/2019\/11\/09\/como-estresse-ansiedade-afetam-a-saude-bucal\/"},"author":{"name":"IOM","@id":"https:\/\/iomodontologia.com.br\/#\/schema\/person\/2d8ae883d777958331a9492184992de0"},"headline":"Estresse e Ansiedade podem afetar a sua sa\u00fade bucal","datePublished":"2019-11-09T12:26:58+00:00","mainEntityOfPage":{"@id":"https:\/\/iomodontologia.com.br\/index.php\/2019\/11\/09\/como-estresse-ansiedade-afetam-a-saude-bucal\/"},"wordCount":335,"commentCount":0,"publisher":{"@id":"https:\/\/iomodontologia.com.br\/#organization"},"image":{"@id":"https:\/\/iomodontologia.com.br\/index.php\/2019\/11\/09\/como-estresse-ansiedade-afetam-a-saude-bucal\/#primaryimage"},"thumbnailUrl":"https:\/\/iomodontologia.com.br\/wp-content\/uploads\/2019\/11\/2359.jpg","articleSection":["Artigos"],"inLanguage":"pt-BR","potentialAction":[{"@type":"CommentAction","name":"Comment","target":["https:\/\/iomodontologia.com.br\/index.php\/2019\/11\/09\/como-estresse-ansiedade-afetam-a-saude-bucal\/#respond"]}]},{"@type":"WebPage","@id":"https:\/\/iomodontologia.com.br\/index.php\/2019\/11\/09\/como-estresse-ansiedade-afetam-a-saude-bucal\/","url":"https:\/\/iomodontologia.com.br\/index.php\/2019\/11\/09\/como-estresse-ansiedade-afetam-a-saude-bucal\/","name":"Estresse e Ansiedade podem afetar a sua sa\u00fade bucal - IOM - INSTITUTO ODONTOL\u00d3GICO","isPartOf":{"@id":"https:\/\/iomodontologia.com.br\/#website"},"primaryImageOfPage":{"@id":"https:\/\/iomodontologia.com.br\/index.php\/2019\/11\/09\/como-estresse-ansiedade-afetam-a-saude-bucal\/#primaryimage"},"image":{"@id":"https:\/\/iomodontologia.com.br\/index.php\/2019\/11\/09\/como-estresse-ansiedade-afetam-a-saude-bucal\/#primaryimage"},"thumbnailUrl":"https:\/\/iomodontologia.com.br\/wp-content\/uploads\/2019\/11\/2359.jpg","datePublished":"2019-11-09T12:26:58+00:00","breadcrumb":{"@id":"https:\/\/iomodontologia.com.br\/index.php\/2019\/11\/09\/como-estresse-ansiedade-afetam-a-saude-bucal\/#breadcrumb"},"inLanguage":"pt-BR","potentialAction":[{"@type":"ReadAction","target":["https:\/\/iomodontologia.com.br\/index.php\/2019\/11\/09\/como-estresse-ansiedade-afetam-a-saude-bucal\/"]}]},{"@type":"ImageObject","inLanguage":"pt-BR","@id":"https:\/\/iomodontologia.com.br\/index.php\/2019\/11\/09\/como-estresse-ansiedade-afetam-a-saude-bucal\/#primaryimage","url":"https:\/\/iomodontologia.com.br\/wp-content\/uploads\/2019\/11\/2359.jpg","contentUrl":"https:\/\/iomodontologia.com.br\/wp-content\/uploads\/2019\/11\/2359.jpg","width":2560,"height":1707,"caption":"Young man with his hands at his temples, sitting at the white desk working at laptop, the mug aside, home interior. Business concept photo, lifestyle"},{"@type":"BreadcrumbList","@id":"https:\/\/iomodontologia.com.br\/index.php\/2019\/11\/09\/como-estresse-ansiedade-afetam-a-saude-bucal\/#breadcrumb","itemListElement":[{"@type":"ListItem","position":1,"name":"Home","item":"https:\/\/iomodontologia.com.br\/"},{"@type":"ListItem","position":2,"name":"Estresse e Ansiedade podem afetar a sua sa\u00fade bucal"}]},{"@type":"WebSite","@id":"https:\/\/iomodontologia.com.br\/#website","url":"https:\/\/iomodontologia.com.br\/","name":"IOM - INSTITUTO ODONTOL\u00d3GICO","description":"CL\u00cdNICA ODONTOL\u00d3GICA","publisher":{"@id":"https:\/\/iomodontologia.com.br\/#organization"},"potentialAction":[{"@type":"SearchAction","target":{"@type":"EntryPoint","urlTemplate":"https:\/\/iomodontologia.com.br\/?s={search_term_string}"},"query-input":{"@type":"PropertyValueSpecification","valueRequired":true,"valueName":"search_term_string"}}],"inLanguage":"pt-BR"},{"@type":"Organization","@id":"https:\/\/iomodontologia.com.br\/#organization","name":"IOM - Instituto Odontol\u00f3gico Mogiano","url":"https:\/\/iomodontologia.com.br\/","logo":{"@type":"ImageObject","inLanguage":"pt-BR","@id":"https:\/\/iomodontologia.com.br\/#\/schema\/logo\/image\/","url":"https:\/\/iomodontologia.com.br\/wp-content\/uploads\/2019\/11\/IOM-Logo-slogan.png","contentUrl":"https:\/\/iomodontologia.com.br\/wp-content\/uploads\/2019\/11\/IOM-Logo-slogan.png","width":2000,"height":858,"caption":"IOM - Instituto Odontol\u00f3gico Mogiano"},"image":{"@id":"https:\/\/iomodontologia.com.br\/#\/schema\/logo\/image\/"},"sameAs":["https:\/\/www.facebook.com\/iomodontologia","https:\/\/www.instagram.com\/iom.odonto"]},{"@type":"Person","@id":"https:\/\/iomodontologia.com.br\/#\/schema\/person\/2d8ae883d777958331a9492184992de0","name":"IOM","image":{"@type":"ImageObject","inLanguage":"pt-BR","@id":"https:\/\/iomodontologia.com.br\/#\/schema\/person\/image\/","url":"https:\/\/secure.gravatar.com\/avatar\/003dc2a3c14e0b6b5d63ec9413622bf8?s=96&d=mm&r=g","contentUrl":"https:\/\/secure.gravatar.com\/avatar\/003dc2a3c14e0b6b5d63ec9413622bf8?s=96&d=mm&r=g","caption":"IOM"},"sameAs":["http:\/\/taprontosite.com.br\/iom"],"url":"https:\/\/iomodontologia.com.br\/index.php\/author\/iom\/"}]}},"_links":{"self":[{"href":"https:\/\/iomodontologia.com.br\/index.php\/wp-json\/wp\/v2\/posts\/672","targetHints":{"allow":["GET"]}}],"collection":[{"href":"https:\/\/iomodontologia.com.br\/index.php\/wp-json\/wp\/v2\/posts"}],"about":[{"href":"https:\/\/iomodontologia.com.br\/index.php\/wp-json\/wp\/v2\/types\/post"}],"author":[{"embeddable":true,"href":"https:\/\/iomodontologia.com.br\/index.php\/wp-json\/wp\/v2\/users\/1"}],"replies":[{"embeddable":true,"href":"https:\/\/iomodontologia.com.br\/index.php\/wp-json\/wp\/v2\/comments?post=672"}],"version-history":[{"count":0,"href":"https:\/\/iomodontologia.com.br\/index.php\/wp-json\/wp\/v2\/posts\/672\/revisions"}],"wp:featuredmedia":[{"embeddable":true,"href":"https:\/\/iomodontologia.com.br\/index.php\/wp-json\/wp\/v2\/media\/673"}],"wp:attachment":[{"href":"https:\/\/iomodontologia.com.br\/index.php\/wp-json\/wp\/v2\/media?parent=672"}],"wp:term":[{"taxonomy":"category","embeddable":true,"href":"https:\/\/iomodontologia.com.br\/index.php\/wp-json\/wp\/v2\/categories?post=672"},{"taxonomy":"post_tag","embeddable":true,"href":"https:\/\/iomodontologia.com.br\/index.php\/wp-json\/wp\/v2\/tags?post=672"}],"curies":[{"name":"wp","href":"https:\/\/api.w.org\/{rel}","templated":true}]}}