{"id":642,"date":"2019-11-07T16:33:41","date_gmt":"2019-11-07T16:33:41","guid":{"rendered":"https:\/\/iomodontologia.com.br\/?p=642"},"modified":"2019-11-07T16:33:41","modified_gmt":"2019-11-07T16:33:41","slug":"conheca-5-famosos-que-usaram-aparelho-ortodontico","status":"publish","type":"post","link":"https:\/\/iomodontologia.com.br\/index.php\/2019\/11\/07\/conheca-5-famosos-que-usaram-aparelho-ortodontico\/","title":{"rendered":"Conhe\u00e7a 5 famosos que usaram aparelho ortod\u00f4ntico"},"content":{"rendered":"<p><b><span data-contrast=\"auto\">Conhe\u00e7a esses 5 famosos que usaram aparelho ortod\u00f4ntico<\/span><\/b><span data-ccp-props=\"{&quot;201341983&quot;:0,&quot;335551550&quot;:2,&quot;335551620&quot;:2,&quot;335559685&quot;:708,&quot;335559739&quot;:160,&quot;335559740&quot;:259}\">\u00a0<\/span><\/p>\n<p><span data-ccp-props=\"{&quot;201341983&quot;:0,&quot;335551550&quot;:2,&quot;335551620&quot;:2,&quot;335559685&quot;:708,&quot;335559739&quot;:160,&quot;335559740&quot;:259}\">\u00a0<\/span><\/p>\n<p><span data-contrast=\"auto\">O uso de aparelhos ortod\u00f4nticos faz parte do dia-a-dia de quem preza por um sorriso perfeito, voc\u00ea com certeza deve conhecer algu\u00e9m que usa ou usou aparelho e hoje tem um sorriso muito bem alinhado. Al\u00e9m da est\u00e9tica apresent\u00e1vel ap\u00f3s o tratamento o aparelho tr\u00e1s diversos benef\u00edcios pra sua sa\u00fade bucal, e hoje n\u00f3s vamos conhecer 5 celebridades que fizeram uso e tiveram \u00f3timos resultados.<\/span><span data-ccp-props=\"{&quot;201341983&quot;:0,&quot;335551550&quot;:2,&quot;335551620&quot;:2,&quot;335559685&quot;:708,&quot;335559739&quot;:160,&quot;335559740&quot;:259}\">\u00a0<\/span><\/p>\n<p><span data-ccp-props=\"{&quot;201341983&quot;:0,&quot;335551550&quot;:2,&quot;335551620&quot;:2,&quot;335559685&quot;:708,&quot;335559739&quot;:160,&quot;335559740&quot;:259}\">\u00a0<\/span><\/p>\n<p><span data-contrast=\"auto\"><strong>Adriane Galisteu<\/strong>\u00a0<\/span><span data-ccp-props=\"{&quot;201341983&quot;:0,&quot;335551550&quot;:1,&quot;335551620&quot;:1,&quot;335559739&quot;:160,&quot;335559740&quot;:259}\">\u00a0<\/span><\/p>\n<p><span data-ccp-props=\"{&quot;201341983&quot;:0,&quot;335551550&quot;:1,&quot;335551620&quot;:1,&quot;335559739&quot;:160,&quot;335559740&quot;:259}\">\u00a0<\/span><\/p>\n<p><span data-contrast=\"auto\">A modelo e apresentadora usou aparelho ortod\u00f4ntico por cerca de 2 anos, como sempre levou a est\u00e9tica como prioridade na sua carreira ela optou por um modelo transparente quase\u00a0impercept\u00edvel, talvez por isso voc\u00ea nunca tenha notado o seu uso.\u00a0<\/span><span data-ccp-props=\"{&quot;201341983&quot;:0,&quot;335551550&quot;:2,&quot;335551620&quot;:2,&quot;335559739&quot;:160,&quot;335559740&quot;:259}\">\u00a0<\/span><\/p>\n<p><span data-ccp-props=\"{&quot;201341983&quot;:0,&quot;335551550&quot;:1,&quot;335551620&quot;:1,&quot;335559739&quot;:160,&quot;335559740&quot;:259}\">\u00a0<\/span><\/p>\n<p><strong>Cl\u00e9o Pires<\/strong><span data-ccp-props=\"{&quot;201341983&quot;:0,&quot;335551550&quot;:1,&quot;335551620&quot;:1,&quot;335559739&quot;:160,&quot;335559740&quot;:259}\">\u00a0<\/span><\/p>\n<p><span data-ccp-props=\"{&quot;201341983&quot;:0,&quot;335551550&quot;:2,&quot;335551620&quot;:2,&quot;335559739&quot;:160,&quot;335559740&quot;:259}\">\u00a0<\/span><\/p>\n<p><span data-contrast=\"auto\">A atriz Brasileira Cl\u00e9o Pires sofria com bruxismo e para amenizar o problema foi indicado o uso do aparelho ortod\u00f4ntico por um curto per\u00edodo de tempo<\/span><span data-ccp-props=\"{&quot;201341983&quot;:0,&quot;335551550&quot;:2,&quot;335551620&quot;:2,&quot;335559739&quot;:160,&quot;335559740&quot;:259}\">\u00a0<\/span><\/p>\n<p><strong>Grazi\u00a0Massafera\u00a0<\/strong><\/p>\n<p><span data-ccp-props=\"{&quot;201341983&quot;:0,&quot;335551550&quot;:1,&quot;335551620&quot;:1,&quot;335559739&quot;:160,&quot;335559740&quot;:259}\">\u00a0<\/span><\/p>\n<p><span data-contrast=\"auto\">Ela tamb\u00e9m optou pelo uso de um aparelho transparente no tratamento dos seus dentes, hoje\u00a0<\/span><span data-contrast=\"auto\">ela possu\u00ed<\/span><span data-contrast=\"auto\">\u00a0um sorriso que dispensa coment\u00e1rios.<\/span><span data-ccp-props=\"{&quot;201341983&quot;:0,&quot;335551550&quot;:2,&quot;335551620&quot;:2,&quot;335559739&quot;:160,&quot;335559740&quot;:259}\">\u00a0<\/span><\/p>\n<p><span data-ccp-props=\"{&quot;201341983&quot;:0,&quot;335551550&quot;:2,&quot;335551620&quot;:2,&quot;335559739&quot;:160,&quot;335559740&quot;:259}\">\u00a0<\/span><\/p>\n<p><strong>Neymar Jr.\u00a0<\/strong><\/p>\n<p><span data-ccp-props=\"{&quot;201341983&quot;:0,&quot;335551550&quot;:1,&quot;335551620&quot;:1,&quot;335559739&quot;:160,&quot;335559740&quot;:259}\">\u00a0<\/span><\/p>\n<p><span data-contrast=\"auto\">Estamos falando de um dos maiores jogares de futebol do Brasil e do mundo na atualidade. O Jogador tamb\u00e9m usou aparelho fixo tradicional e mais tarde alterou para o aparelho ortod\u00f4ntico lingual (fixa na face interna dos dentes) o que proporcionava mais seguran\u00e7a nas suas partidas de futebol.<\/span><span data-ccp-props=\"{&quot;201341983&quot;:0,&quot;335551550&quot;:2,&quot;335551620&quot;:2,&quot;335559739&quot;:160,&quot;335559740&quot;:259}\">\u00a0<\/span><\/p>\n<p><span data-ccp-props=\"{&quot;201341983&quot;:0,&quot;335551550&quot;:2,&quot;335551620&quot;:2,&quot;335559739&quot;:160,&quot;335559740&quot;:259}\">\u00a0<\/span><\/p>\n<p><strong>Cristiano Ronaldo\u00a0<\/strong><\/p>\n<p><span data-ccp-props=\"{&quot;201341983&quot;:0,&quot;335551550&quot;:1,&quot;335551620&quot;:1,&quot;335559739&quot;:160,&quot;335559740&quot;:259}\">\u00a0<\/span><\/p>\n<p><span data-contrast=\"auto\">Um dos maiores protagonistas da hist\u00f3ria do futebol, o craque Portugu\u00eas nem sempre teve o sorriso bonito que vemos hoje, no in\u00edcio da sua carreira ele fez um tratamento com aparelho para corrigir espa\u00e7os entre seus e dentes al\u00e9m de alinh\u00e1-los.<\/span><span data-ccp-props=\"{&quot;201341983&quot;:0,&quot;335551550&quot;:2,&quot;335551620&quot;:2,&quot;335559739&quot;:160,&quot;335559740&quot;:259}\">\u00a0<\/span><\/p>\n<p><span data-ccp-props=\"{&quot;201341983&quot;:0,&quot;335551550&quot;:2,&quot;335551620&quot;:2,&quot;335559739&quot;:160,&quot;335559740&quot;:259}\">\u00a0<\/span><\/p>\n<p><b><span data-contrast=\"auto\">Voc\u00ea tem o sonho de ter dentes bonitos, brancos e\u00a0<\/span><\/b><b><span data-contrast=\"auto\">alinhados?<\/span><\/b><b><span data-contrast=\"auto\">\u00a0<\/span><\/b><span data-ccp-props=\"{&quot;201341983&quot;:0,&quot;335551550&quot;:2,&quot;335551620&quot;:2,&quot;335559739&quot;:160,&quot;335559740&quot;:259}\">\u00a0<\/span><\/p>\n<p><span data-ccp-props=\"{&quot;201341983&quot;:0,&quot;335551550&quot;:2,&quot;335551620&quot;:2,&quot;335559739&quot;:160,&quot;335559740&quot;:259}\">\u00a0<\/span><\/p>\n<p><span data-contrast=\"auto\">N\u00e3o perca tempo, agende uma consulta e venha conhecer o que a de mais moderno e est\u00e9tico em parelhos ortod\u00f4nticos quase\u00a0<\/span><span data-contrast=\"auto\">impercept\u00edveis<\/span><span data-contrast=\"auto\">\u00a0&#8211;\u00a0Invisalign\u00a0<\/span><span data-ccp-props=\"{&quot;201341983&quot;:0,&quot;335551550&quot;:2,&quot;335551620&quot;:2,&quot;335559739&quot;:160,&quot;335559740&quot;:259}\">\u00a0<\/span><\/p>\n<p><strong>Acompanhe nossas redes sociais\u00a0<\/strong><\/p>\n<p><img decoding=\"async\" class=\"alignnone wp-image-651\" src=\"https:\/\/iomodontologia.com.br\/wp-content\/uploads\/2019\/11\/logoface-300x300.png\" alt=\"\" width=\"42\" height=\"42\" srcset=\"https:\/\/iomodontologia.com.br\/wp-content\/uploads\/2019\/11\/logoface-300x300.png 300w, https:\/\/iomodontologia.com.br\/wp-content\/uploads\/2019\/11\/logoface-100x100.png 100w, https:\/\/iomodontologia.com.br\/wp-content\/uploads\/2019\/11\/logoface-150x150.png 150w, https:\/\/iomodontologia.com.br\/wp-content\/uploads\/2019\/11\/logoface.png 512w, https:\/\/iomodontologia.com.br\/wp-content\/uploads\/2019\/11\/logoface-65x65.png 65w, https:\/\/iomodontologia.com.br\/wp-content\/uploads\/2019\/11\/logoface-500x500.png 500w\" sizes=\"(max-width: 42px) 100vw, 42px\" \/> <a href=\"https:\/\/www.facebook.com\/iomodontologia\/\">fb.com\/iomodontologia<\/a><\/p>\n<p><img decoding=\"async\" class=\"alignnone  wp-image-652\" src=\"https:\/\/iomodontologia.com.br\/wp-content\/uploads\/2019\/11\/01-300x300.png\" alt=\"\" width=\"40\" height=\"40\" srcset=\"https:\/\/iomodontologia.com.br\/wp-content\/uploads\/2019\/11\/01-300x300.png 300w, https:\/\/iomodontologia.com.br\/wp-content\/uploads\/2019\/11\/01-100x100.png 100w, https:\/\/iomodontologia.com.br\/wp-content\/uploads\/2019\/11\/01-600x603.png 600w, https:\/\/iomodontologia.com.br\/wp-content\/uploads\/2019\/11\/01-1019x1024.png 1019w, https:\/\/iomodontologia.com.br\/wp-content\/uploads\/2019\/11\/01-150x150.png 150w, https:\/\/iomodontologia.com.br\/wp-content\/uploads\/2019\/11\/01-768x772.png 768w, https:\/\/iomodontologia.com.br\/wp-content\/uploads\/2019\/11\/01-1529x1536.png 1529w, https:\/\/iomodontologia.com.br\/wp-content\/uploads\/2019\/11\/01-2038x2048.png 2038w, https:\/\/iomodontologia.com.br\/wp-content\/uploads\/2019\/11\/01-65x65.png 65w, https:\/\/iomodontologia.com.br\/wp-content\/uploads\/2019\/11\/01-500x500.png 500w, https:\/\/iomodontologia.com.br\/wp-content\/uploads\/2019\/11\/01-580x583.png 580w, https:\/\/iomodontologia.com.br\/wp-content\/uploads\/2019\/11\/01-860x864.png 860w, https:\/\/iomodontologia.com.br\/wp-content\/uploads\/2019\/11\/01-1160x1165.png 1160w, https:\/\/iomodontologia.com.br\/wp-content\/uploads\/2019\/11\/01-1320x1326.png 1320w\" sizes=\"(max-width: 40px) 100vw, 40px\" \/><a href=\"https:\/\/api.whatsapp.com\/send?phone=5511984450119&amp;text=Ol%C3%A1\">(11) 98445.0119<\/a><\/p>\n<p>&nbsp;<\/p>\n<p><img decoding=\"async\" class=\"size-medium wp-image-650\" src=\"https:\/\/iomodontologia.com.br\/wp-content\/uploads\/2019\/11\/IOM-Logo-slogan-300x129.png\" alt=\"\" width=\"300\" height=\"129\" srcset=\"https:\/\/iomodontologia.com.br\/wp-content\/uploads\/2019\/11\/IOM-Logo-slogan-300x129.png 300w, https:\/\/iomodontologia.com.br\/wp-content\/uploads\/2019\/11\/IOM-Logo-slogan-600x257.png 600w, https:\/\/iomodontologia.com.br\/wp-content\/uploads\/2019\/11\/IOM-Logo-slogan-1024x439.png 1024w, https:\/\/iomodontologia.com.br\/wp-content\/uploads\/2019\/11\/IOM-Logo-slogan-768x329.png 768w, https:\/\/iomodontologia.com.br\/wp-content\/uploads\/2019\/11\/IOM-Logo-slogan-1536x659.png 1536w, https:\/\/iomodontologia.com.br\/wp-content\/uploads\/2019\/11\/IOM-Logo-slogan-580x249.png 580w, https:\/\/iomodontologia.com.br\/wp-content\/uploads\/2019\/11\/IOM-Logo-slogan-860x369.png 860w, https:\/\/iomodontologia.com.br\/wp-content\/uploads\/2019\/11\/IOM-Logo-slogan-1160x498.png 1160w, https:\/\/iomodontologia.com.br\/wp-content\/uploads\/2019\/11\/IOM-Logo-slogan-1320x566.png 1320w, https:\/\/iomodontologia.com.br\/wp-content\/uploads\/2019\/11\/IOM-Logo-slogan.png 2000w\" sizes=\"(max-width: 300px) 100vw, 300px\" \/><\/p>\n","protected":false},"excerpt":{"rendered":"<p>Conhe\u00e7a esses 5 famosos que usaram aparelho ortod\u00f4ntico\u00a0 \u00a0 O uso de aparelhos ortod\u00f4nticos faz parte do dia-a-dia de quem preza por um sorriso perfeito, voc\u00ea com certeza deve conhecer algu\u00e9m que usa ou usou aparelho e hoje tem um sorriso muito bem alinhado. Al\u00e9m da est\u00e9tica apresent\u00e1vel ap\u00f3s o tratamento o aparelho tr\u00e1s diversos&#8230;<\/p>\n","protected":false},"author":1,"featured_media":643,"comment_status":"open","ping_status":"open","sticky":false,"template":"","format":"standard","meta":{"_joinchat":[],"footnotes":""},"categories":[61],"tags":[],"class_list":["post-642","post","type-post","status-publish","format-standard","has-post-thumbnail","hentry","category-artigos"],"yoast_head":"<!-- This site is optimized with the Yoast SEO plugin v26.8 - https:\/\/yoast.com\/product\/yoast-seo-wordpress\/ -->\n<title>Conhe\u00e7a 5 famosos que usaram aparelho ortod\u00f4ntico - IOM - INSTITUTO ODONTOL\u00d3GICO<\/title>\n<meta name=\"robots\" content=\"index, follow, max-snippet:-1, max-image-preview:large, max-video-preview:-1\" \/>\n<link rel=\"canonical\" href=\"https:\/\/iomodontologia.com.br\/index.php\/2019\/11\/07\/conheca-5-famosos-que-usaram-aparelho-ortodontico\/\" \/>\n<meta property=\"og:locale\" content=\"pt_BR\" \/>\n<meta property=\"og:type\" content=\"article\" \/>\n<meta property=\"og:title\" content=\"Conhe\u00e7a 5 famosos que usaram aparelho ortod\u00f4ntico - IOM - INSTITUTO ODONTOL\u00d3GICO\" \/>\n<meta property=\"og:description\" content=\"Conhe\u00e7a esses 5 famosos que usaram aparelho ortod\u00f4ntico\u00a0 \u00a0 O uso de aparelhos ortod\u00f4nticos faz parte do dia-a-dia de quem preza por um sorriso perfeito, voc\u00ea com certeza deve conhecer algu\u00e9m que usa ou usou aparelho e hoje tem um sorriso muito bem alinhado. Al\u00e9m da est\u00e9tica apresent\u00e1vel ap\u00f3s o tratamento o aparelho tr\u00e1s diversos...\" \/>\n<meta property=\"og:url\" content=\"https:\/\/iomodontologia.com.br\/index.php\/2019\/11\/07\/conheca-5-famosos-que-usaram-aparelho-ortodontico\/\" \/>\n<meta property=\"og:site_name\" content=\"IOM - INSTITUTO ODONTOL\u00d3GICO\" \/>\n<meta property=\"article:publisher\" content=\"https:\/\/www.facebook.com\/iomodontologia\" \/>\n<meta property=\"article:published_time\" content=\"2019-11-07T16:33:41+00:00\" \/>\n<meta property=\"og:image\" content=\"https:\/\/iomodontologia.com.br\/wp-content\/uploads\/2019\/11\/3497.jpg\" \/>\n\t<meta property=\"og:image:width\" content=\"2560\" \/>\n\t<meta property=\"og:image:height\" content=\"1707\" \/>\n\t<meta property=\"og:image:type\" content=\"image\/jpeg\" \/>\n<meta name=\"author\" content=\"IOM\" \/>\n<meta name=\"twitter:card\" content=\"summary_large_image\" \/>\n<meta name=\"twitter:label1\" content=\"Escrito por\" \/>\n\t<meta name=\"twitter:data1\" content=\"IOM\" \/>\n\t<meta name=\"twitter:label2\" content=\"Est. tempo de leitura\" \/>\n\t<meta name=\"twitter:data2\" content=\"2 minutos\" \/>\n<script type=\"application\/ld+json\" class=\"yoast-schema-graph\">{\"@context\":\"https:\/\/schema.org\",\"@graph\":[{\"@type\":\"Article\",\"@id\":\"https:\/\/iomodontologia.com.br\/index.php\/2019\/11\/07\/conheca-5-famosos-que-usaram-aparelho-ortodontico\/#article\",\"isPartOf\":{\"@id\":\"https:\/\/iomodontologia.com.br\/index.php\/2019\/11\/07\/conheca-5-famosos-que-usaram-aparelho-ortodontico\/\"},\"author\":{\"name\":\"IOM\",\"@id\":\"https:\/\/iomodontologia.com.br\/#\/schema\/person\/2d8ae883d777958331a9492184992de0\"},\"headline\":\"Conhe\u00e7a 5 famosos que usaram aparelho ortod\u00f4ntico\",\"datePublished\":\"2019-11-07T16:33:41+00:00\",\"mainEntityOfPage\":{\"@id\":\"https:\/\/iomodontologia.com.br\/index.php\/2019\/11\/07\/conheca-5-famosos-que-usaram-aparelho-ortodontico\/\"},\"wordCount\":342,\"commentCount\":0,\"publisher\":{\"@id\":\"https:\/\/iomodontologia.com.br\/#organization\"},\"image\":{\"@id\":\"https:\/\/iomodontologia.com.br\/index.php\/2019\/11\/07\/conheca-5-famosos-que-usaram-aparelho-ortodontico\/#primaryimage\"},\"thumbnailUrl\":\"https:\/\/iomodontologia.com.br\/wp-content\/uploads\/2019\/11\/3497.jpg\",\"articleSection\":[\"Artigos\"],\"inLanguage\":\"pt-BR\",\"potentialAction\":[{\"@type\":\"CommentAction\",\"name\":\"Comment\",\"target\":[\"https:\/\/iomodontologia.com.br\/index.php\/2019\/11\/07\/conheca-5-famosos-que-usaram-aparelho-ortodontico\/#respond\"]}]},{\"@type\":\"WebPage\",\"@id\":\"https:\/\/iomodontologia.com.br\/index.php\/2019\/11\/07\/conheca-5-famosos-que-usaram-aparelho-ortodontico\/\",\"url\":\"https:\/\/iomodontologia.com.br\/index.php\/2019\/11\/07\/conheca-5-famosos-que-usaram-aparelho-ortodontico\/\",\"name\":\"Conhe\u00e7a 5 famosos que usaram aparelho ortod\u00f4ntico - IOM - INSTITUTO ODONTOL\u00d3GICO\",\"isPartOf\":{\"@id\":\"https:\/\/iomodontologia.com.br\/#website\"},\"primaryImageOfPage\":{\"@id\":\"https:\/\/iomodontologia.com.br\/index.php\/2019\/11\/07\/conheca-5-famosos-que-usaram-aparelho-ortodontico\/#primaryimage\"},\"image\":{\"@id\":\"https:\/\/iomodontologia.com.br\/index.php\/2019\/11\/07\/conheca-5-famosos-que-usaram-aparelho-ortodontico\/#primaryimage\"},\"thumbnailUrl\":\"https:\/\/iomodontologia.com.br\/wp-content\/uploads\/2019\/11\/3497.jpg\",\"datePublished\":\"2019-11-07T16:33:41+00:00\",\"breadcrumb\":{\"@id\":\"https:\/\/iomodontologia.com.br\/index.php\/2019\/11\/07\/conheca-5-famosos-que-usaram-aparelho-ortodontico\/#breadcrumb\"},\"inLanguage\":\"pt-BR\",\"potentialAction\":[{\"@type\":\"ReadAction\",\"target\":[\"https:\/\/iomodontologia.com.br\/index.php\/2019\/11\/07\/conheca-5-famosos-que-usaram-aparelho-ortodontico\/\"]}]},{\"@type\":\"ImageObject\",\"inLanguage\":\"pt-BR\",\"@id\":\"https:\/\/iomodontologia.com.br\/index.php\/2019\/11\/07\/conheca-5-famosos-que-usaram-aparelho-ortodontico\/#primaryimage\",\"url\":\"https:\/\/iomodontologia.com.br\/wp-content\/uploads\/2019\/11\/3497.jpg\",\"contentUrl\":\"https:\/\/iomodontologia.com.br\/wp-content\/uploads\/2019\/11\/3497.jpg\",\"width\":2560,\"height\":1707,\"caption\":\"Outdoor portrait of beautiful girl taking a selfie with mobile phone in city.\"},{\"@type\":\"BreadcrumbList\",\"@id\":\"https:\/\/iomodontologia.com.br\/index.php\/2019\/11\/07\/conheca-5-famosos-que-usaram-aparelho-ortodontico\/#breadcrumb\",\"itemListElement\":[{\"@type\":\"ListItem\",\"position\":1,\"name\":\"Home\",\"item\":\"https:\/\/iomodontologia.com.br\/\"},{\"@type\":\"ListItem\",\"position\":2,\"name\":\"Conhe\u00e7a 5 famosos que usaram aparelho ortod\u00f4ntico\"}]},{\"@type\":\"WebSite\",\"@id\":\"https:\/\/iomodontologia.com.br\/#website\",\"url\":\"https:\/\/iomodontologia.com.br\/\",\"name\":\"IOM - INSTITUTO ODONTOL\u00d3GICO\",\"description\":\"CL\u00cdNICA ODONTOL\u00d3GICA\",\"publisher\":{\"@id\":\"https:\/\/iomodontologia.com.br\/#organization\"},\"potentialAction\":[{\"@type\":\"SearchAction\",\"target\":{\"@type\":\"EntryPoint\",\"urlTemplate\":\"https:\/\/iomodontologia.com.br\/?s={search_term_string}\"},\"query-input\":{\"@type\":\"PropertyValueSpecification\",\"valueRequired\":true,\"valueName\":\"search_term_string\"}}],\"inLanguage\":\"pt-BR\"},{\"@type\":\"Organization\",\"@id\":\"https:\/\/iomodontologia.com.br\/#organization\",\"name\":\"IOM - Instituto Odontol\u00f3gico Mogiano\",\"url\":\"https:\/\/iomodontologia.com.br\/\",\"logo\":{\"@type\":\"ImageObject\",\"inLanguage\":\"pt-BR\",\"@id\":\"https:\/\/iomodontologia.com.br\/#\/schema\/logo\/image\/\",\"url\":\"https:\/\/iomodontologia.com.br\/wp-content\/uploads\/2019\/11\/IOM-Logo-slogan.png\",\"contentUrl\":\"https:\/\/iomodontologia.com.br\/wp-content\/uploads\/2019\/11\/IOM-Logo-slogan.png\",\"width\":2000,\"height\":858,\"caption\":\"IOM - Instituto Odontol\u00f3gico Mogiano\"},\"image\":{\"@id\":\"https:\/\/iomodontologia.com.br\/#\/schema\/logo\/image\/\"},\"sameAs\":[\"https:\/\/www.facebook.com\/iomodontologia\",\"https:\/\/www.instagram.com\/iom.odonto\"]},{\"@type\":\"Person\",\"@id\":\"https:\/\/iomodontologia.com.br\/#\/schema\/person\/2d8ae883d777958331a9492184992de0\",\"name\":\"IOM\",\"image\":{\"@type\":\"ImageObject\",\"inLanguage\":\"pt-BR\",\"@id\":\"https:\/\/iomodontologia.com.br\/#\/schema\/person\/image\/\",\"url\":\"https:\/\/secure.gravatar.com\/avatar\/003dc2a3c14e0b6b5d63ec9413622bf8?s=96&d=mm&r=g\",\"contentUrl\":\"https:\/\/secure.gravatar.com\/avatar\/003dc2a3c14e0b6b5d63ec9413622bf8?s=96&d=mm&r=g\",\"caption\":\"IOM\"},\"sameAs\":[\"http:\/\/taprontosite.com.br\/iom\"],\"url\":\"https:\/\/iomodontologia.com.br\/index.php\/author\/iom\/\"}]}<\/script>\n<!-- \/ Yoast SEO plugin. -->","yoast_head_json":{"title":"Conhe\u00e7a 5 famosos que usaram aparelho ortod\u00f4ntico - IOM - INSTITUTO ODONTOL\u00d3GICO","robots":{"index":"index","follow":"follow","max-snippet":"max-snippet:-1","max-image-preview":"max-image-preview:large","max-video-preview":"max-video-preview:-1"},"canonical":"https:\/\/iomodontologia.com.br\/index.php\/2019\/11\/07\/conheca-5-famosos-que-usaram-aparelho-ortodontico\/","og_locale":"pt_BR","og_type":"article","og_title":"Conhe\u00e7a 5 famosos que usaram aparelho ortod\u00f4ntico - IOM - INSTITUTO ODONTOL\u00d3GICO","og_description":"Conhe\u00e7a esses 5 famosos que usaram aparelho ortod\u00f4ntico\u00a0 \u00a0 O uso de aparelhos ortod\u00f4nticos faz parte do dia-a-dia de quem preza por um sorriso perfeito, voc\u00ea com certeza deve conhecer algu\u00e9m que usa ou usou aparelho e hoje tem um sorriso muito bem alinhado. Al\u00e9m da est\u00e9tica apresent\u00e1vel ap\u00f3s o tratamento o aparelho tr\u00e1s diversos...","og_url":"https:\/\/iomodontologia.com.br\/index.php\/2019\/11\/07\/conheca-5-famosos-que-usaram-aparelho-ortodontico\/","og_site_name":"IOM - INSTITUTO ODONTOL\u00d3GICO","article_publisher":"https:\/\/www.facebook.com\/iomodontologia","article_published_time":"2019-11-07T16:33:41+00:00","og_image":[{"width":2560,"height":1707,"url":"https:\/\/iomodontologia.com.br\/wp-content\/uploads\/2019\/11\/3497.jpg","type":"image\/jpeg"}],"author":"IOM","twitter_card":"summary_large_image","twitter_misc":{"Escrito por":"IOM","Est. tempo de leitura":"2 minutos"},"schema":{"@context":"https:\/\/schema.org","@graph":[{"@type":"Article","@id":"https:\/\/iomodontologia.com.br\/index.php\/2019\/11\/07\/conheca-5-famosos-que-usaram-aparelho-ortodontico\/#article","isPartOf":{"@id":"https:\/\/iomodontologia.com.br\/index.php\/2019\/11\/07\/conheca-5-famosos-que-usaram-aparelho-ortodontico\/"},"author":{"name":"IOM","@id":"https:\/\/iomodontologia.com.br\/#\/schema\/person\/2d8ae883d777958331a9492184992de0"},"headline":"Conhe\u00e7a 5 famosos que usaram aparelho ortod\u00f4ntico","datePublished":"2019-11-07T16:33:41+00:00","mainEntityOfPage":{"@id":"https:\/\/iomodontologia.com.br\/index.php\/2019\/11\/07\/conheca-5-famosos-que-usaram-aparelho-ortodontico\/"},"wordCount":342,"commentCount":0,"publisher":{"@id":"https:\/\/iomodontologia.com.br\/#organization"},"image":{"@id":"https:\/\/iomodontologia.com.br\/index.php\/2019\/11\/07\/conheca-5-famosos-que-usaram-aparelho-ortodontico\/#primaryimage"},"thumbnailUrl":"https:\/\/iomodontologia.com.br\/wp-content\/uploads\/2019\/11\/3497.jpg","articleSection":["Artigos"],"inLanguage":"pt-BR","potentialAction":[{"@type":"CommentAction","name":"Comment","target":["https:\/\/iomodontologia.com.br\/index.php\/2019\/11\/07\/conheca-5-famosos-que-usaram-aparelho-ortodontico\/#respond"]}]},{"@type":"WebPage","@id":"https:\/\/iomodontologia.com.br\/index.php\/2019\/11\/07\/conheca-5-famosos-que-usaram-aparelho-ortodontico\/","url":"https:\/\/iomodontologia.com.br\/index.php\/2019\/11\/07\/conheca-5-famosos-que-usaram-aparelho-ortodontico\/","name":"Conhe\u00e7a 5 famosos que usaram aparelho ortod\u00f4ntico - IOM - INSTITUTO ODONTOL\u00d3GICO","isPartOf":{"@id":"https:\/\/iomodontologia.com.br\/#website"},"primaryImageOfPage":{"@id":"https:\/\/iomodontologia.com.br\/index.php\/2019\/11\/07\/conheca-5-famosos-que-usaram-aparelho-ortodontico\/#primaryimage"},"image":{"@id":"https:\/\/iomodontologia.com.br\/index.php\/2019\/11\/07\/conheca-5-famosos-que-usaram-aparelho-ortodontico\/#primaryimage"},"thumbnailUrl":"https:\/\/iomodontologia.com.br\/wp-content\/uploads\/2019\/11\/3497.jpg","datePublished":"2019-11-07T16:33:41+00:00","breadcrumb":{"@id":"https:\/\/iomodontologia.com.br\/index.php\/2019\/11\/07\/conheca-5-famosos-que-usaram-aparelho-ortodontico\/#breadcrumb"},"inLanguage":"pt-BR","potentialAction":[{"@type":"ReadAction","target":["https:\/\/iomodontologia.com.br\/index.php\/2019\/11\/07\/conheca-5-famosos-que-usaram-aparelho-ortodontico\/"]}]},{"@type":"ImageObject","inLanguage":"pt-BR","@id":"https:\/\/iomodontologia.com.br\/index.php\/2019\/11\/07\/conheca-5-famosos-que-usaram-aparelho-ortodontico\/#primaryimage","url":"https:\/\/iomodontologia.com.br\/wp-content\/uploads\/2019\/11\/3497.jpg","contentUrl":"https:\/\/iomodontologia.com.br\/wp-content\/uploads\/2019\/11\/3497.jpg","width":2560,"height":1707,"caption":"Outdoor portrait of beautiful girl taking a selfie with mobile phone in city."},{"@type":"BreadcrumbList","@id":"https:\/\/iomodontologia.com.br\/index.php\/2019\/11\/07\/conheca-5-famosos-que-usaram-aparelho-ortodontico\/#breadcrumb","itemListElement":[{"@type":"ListItem","position":1,"name":"Home","item":"https:\/\/iomodontologia.com.br\/"},{"@type":"ListItem","position":2,"name":"Conhe\u00e7a 5 famosos que usaram aparelho ortod\u00f4ntico"}]},{"@type":"WebSite","@id":"https:\/\/iomodontologia.com.br\/#website","url":"https:\/\/iomodontologia.com.br\/","name":"IOM - INSTITUTO ODONTOL\u00d3GICO","description":"CL\u00cdNICA ODONTOL\u00d3GICA","publisher":{"@id":"https:\/\/iomodontologia.com.br\/#organization"},"potentialAction":[{"@type":"SearchAction","target":{"@type":"EntryPoint","urlTemplate":"https:\/\/iomodontologia.com.br\/?s={search_term_string}"},"query-input":{"@type":"PropertyValueSpecification","valueRequired":true,"valueName":"search_term_string"}}],"inLanguage":"pt-BR"},{"@type":"Organization","@id":"https:\/\/iomodontologia.com.br\/#organization","name":"IOM - Instituto Odontol\u00f3gico Mogiano","url":"https:\/\/iomodontologia.com.br\/","logo":{"@type":"ImageObject","inLanguage":"pt-BR","@id":"https:\/\/iomodontologia.com.br\/#\/schema\/logo\/image\/","url":"https:\/\/iomodontologia.com.br\/wp-content\/uploads\/2019\/11\/IOM-Logo-slogan.png","contentUrl":"https:\/\/iomodontologia.com.br\/wp-content\/uploads\/2019\/11\/IOM-Logo-slogan.png","width":2000,"height":858,"caption":"IOM - Instituto Odontol\u00f3gico Mogiano"},"image":{"@id":"https:\/\/iomodontologia.com.br\/#\/schema\/logo\/image\/"},"sameAs":["https:\/\/www.facebook.com\/iomodontologia","https:\/\/www.instagram.com\/iom.odonto"]},{"@type":"Person","@id":"https:\/\/iomodontologia.com.br\/#\/schema\/person\/2d8ae883d777958331a9492184992de0","name":"IOM","image":{"@type":"ImageObject","inLanguage":"pt-BR","@id":"https:\/\/iomodontologia.com.br\/#\/schema\/person\/image\/","url":"https:\/\/secure.gravatar.com\/avatar\/003dc2a3c14e0b6b5d63ec9413622bf8?s=96&d=mm&r=g","contentUrl":"https:\/\/secure.gravatar.com\/avatar\/003dc2a3c14e0b6b5d63ec9413622bf8?s=96&d=mm&r=g","caption":"IOM"},"sameAs":["http:\/\/taprontosite.com.br\/iom"],"url":"https:\/\/iomodontologia.com.br\/index.php\/author\/iom\/"}]}},"_links":{"self":[{"href":"https:\/\/iomodontologia.com.br\/index.php\/wp-json\/wp\/v2\/posts\/642","targetHints":{"allow":["GET"]}}],"collection":[{"href":"https:\/\/iomodontologia.com.br\/index.php\/wp-json\/wp\/v2\/posts"}],"about":[{"href":"https:\/\/iomodontologia.com.br\/index.php\/wp-json\/wp\/v2\/types\/post"}],"author":[{"embeddable":true,"href":"https:\/\/iomodontologia.com.br\/index.php\/wp-json\/wp\/v2\/users\/1"}],"replies":[{"embeddable":true,"href":"https:\/\/iomodontologia.com.br\/index.php\/wp-json\/wp\/v2\/comments?post=642"}],"version-history":[{"count":0,"href":"https:\/\/iomodontologia.com.br\/index.php\/wp-json\/wp\/v2\/posts\/642\/revisions"}],"wp:featuredmedia":[{"embeddable":true,"href":"https:\/\/iomodontologia.com.br\/index.php\/wp-json\/wp\/v2\/media\/643"}],"wp:attachment":[{"href":"https:\/\/iomodontologia.com.br\/index.php\/wp-json\/wp\/v2\/media?parent=642"}],"wp:term":[{"taxonomy":"category","embeddable":true,"href":"https:\/\/iomodontologia.com.br\/index.php\/wp-json\/wp\/v2\/categories?post=642"},{"taxonomy":"post_tag","embeddable":true,"href":"https:\/\/iomodontologia.com.br\/index.php\/wp-json\/wp\/v2\/tags?post=642"}],"curies":[{"name":"wp","href":"https:\/\/api.w.org\/{rel}","templated":true}]}}