{"id":587,"date":"2019-04-23T18:23:04","date_gmt":"2019-04-23T18:23:04","guid":{"rendered":"http:\/\/iomodontologia.com.br\/?p=587"},"modified":"2019-04-23T18:23:04","modified_gmt":"2019-04-23T18:23:04","slug":"cuidados-na-reabilitacao-oral-com-proteses","status":"publish","type":"post","link":"https:\/\/iomodontologia.com.br\/index.php\/2019\/04\/23\/cuidados-na-reabilitacao-oral-com-proteses\/","title":{"rendered":"Cuidados na reabilita\u00e7\u00e3o oral com pr\u00f3teses"},"content":{"rendered":"<h1 style=\"text-align: center;\"><strong>Conhe\u00e7a os cuidados na reabilita\u00e7\u00e3o oral com pr\u00f3teses<\/strong><\/h1>\n<p>O uso de pr\u00f3teses inadequadas pode acabar provocando impactos negativos na vida do paciente, tanto na sa\u00fade como esteticamente. Nesses casos, \u00e9 necess\u00e1ria a reabilita\u00e7\u00e3o oral com pr\u00f3teses, que consiste basicamente em recuperar a sa\u00fade bucal do paciente levando em conta: mastiga\u00e7\u00e3o, est\u00e9tica e sa\u00fade. Para isso, deve-se tratar poss\u00edveis infec\u00e7\u00f5es e evitar problemas na mand\u00edbula e maxilar.<\/p>\n<p>A reabilita\u00e7\u00e3o est\u00e9tica e funcional normalmente exige conceitos multidisciplinares na hora de implantar as pr\u00f3teses fixas. S\u00e3o necess\u00e1rios conceitos e t\u00e9cnicas de pr\u00f3tese dent\u00e1ria, periodontia (gengiva), endodontia (canal), dent\u00edstica (restaura\u00e7\u00f5es), implantodontia (implantes), e est\u00e9tica.<\/p>\n<p>Em alguns casos tamb\u00e9m \u00e9 poss\u00edvel fazer a restaura\u00e7\u00e3o de dentes naturais em bom estado. A Implantodontia aliada ao uso da osseointegra\u00e7\u00e3o tem se mostrado eficaz, com resultados satisfat\u00f3rios.<\/p>\n<p>Depois de realizar um raio-X panor\u00e2mico, pode-se observar que alguns pacientes n\u00e3o apresentam o volume \u00f3sseo necess\u00e1rio para que se possa colocar implantes. Nesses casos, a crista \u00f3ssea residual \u00e9 preenchida e aumentada com enxertos \u00f3sseos.<\/p>\n<p>As falhas \u00f3sseas da arcada antesuperior podem ser reconstru\u00eddas com osso aut\u00f3geno monocortical em blocos. J\u00e1 no caso da arcada posterossuperior, o aumento da altura vertical foi feita com a eleva\u00e7\u00e3o do assoalho do seio maxilar.<\/p>\n<p>Quando a reabilita\u00e7\u00e3o \u00e9 feita em um paciente ed\u00eantulo, a oclus\u00e3o do mesmo deve ser estudada com detalhes, para que assim se alcance uma compreens\u00e3o dos fatores biol\u00f3gicos que a afetam.<\/p>\n<p>Algumas vezes, a linha oclusal de alguma regi\u00e3o dent\u00e1ria \u00e9 mais alta que a linha dos dentes. Isso \u00e9 uma caracter\u00edstica comum em pacientes que usam pr\u00f3tese m\u00f3vel parcial. O problema \u00e9 que a linha natural dos dentes \u00e9 alterada, o que leva a curvatura do l\u00e1bio.<\/p>\n<p>Em alguns casos, a reabilita\u00e7\u00e3o bucal tamb\u00e9m \u00e9 necess\u00e1ria. A orienta\u00e7\u00e3o do plano bucal tamb\u00e9m precisa ser restabelecida. A obten\u00e7\u00e3o de uma oclus\u00e3o bem feita e protegida envolve a implementa\u00e7\u00e3o de uma dimens\u00e3o vertical de oclus\u00e3o fisiol\u00f3gica.<\/p>\n<p>Feito isso, as for\u00e7as oclusais s\u00e3o transmitidas no sentido do longo eixo dos posteriores, com contato dent\u00e1rio adequado. Basicamente, os dentes posteriores preservam os anteriores por meio da oclus\u00e3o c\u00eantrica, e os dentes anteriores preservam os posteriores das for\u00e7as horizontais.<\/p>\n<p>Podemos dizer, portanto, que a reabilita\u00e7\u00e3o bucal feita por pr\u00f3teses fixas tem que levar em conta conhecimentos multidisciplinares e ser realizado com muitos fundamentos para se chegar \u00e0 um resultado satisfat\u00f3rio.<\/p>\n<p>O efeito conquistado deve envolver um conjunto de resultados est\u00e9ticos, funcionais e saud\u00e1veis.<\/p>\n<p>&nbsp;<\/p>\n<p><strong>FONTE:<\/strong> biomacmed.com.br<\/p>\n<p><strong>Nossas redes sociais:<\/strong><\/p>\n<p><img decoding=\"async\" class=\"alignnone  wp-image-651\" src=\"https:\/\/iomodontologia.com.br\/wp-content\/uploads\/2019\/11\/logoface-300x300.png\" alt=\"\" width=\"51\" height=\"51\" srcset=\"https:\/\/iomodontologia.com.br\/wp-content\/uploads\/2019\/11\/logoface-300x300.png 300w, https:\/\/iomodontologia.com.br\/wp-content\/uploads\/2019\/11\/logoface-100x100.png 100w, https:\/\/iomodontologia.com.br\/wp-content\/uploads\/2019\/11\/logoface-150x150.png 150w, https:\/\/iomodontologia.com.br\/wp-content\/uploads\/2019\/11\/logoface.png 512w, https:\/\/iomodontologia.com.br\/wp-content\/uploads\/2019\/11\/logoface-65x65.png 65w, https:\/\/iomodontologia.com.br\/wp-content\/uploads\/2019\/11\/logoface-500x500.png 500w\" sizes=\"(max-width: 51px) 100vw, 51px\" \/><a href=\"https:\/\/www.facebook.com\/iomodontologia\/\"> fb.com\/iomodontologia<\/a><\/p>\n<p><img decoding=\"async\" class=\"alignnone  wp-image-652\" src=\"https:\/\/iomodontologia.com.br\/wp-content\/uploads\/2019\/11\/01-300x300.png\" alt=\"\" width=\"52\" height=\"52\" srcset=\"https:\/\/iomodontologia.com.br\/wp-content\/uploads\/2019\/11\/01-300x300.png 300w, https:\/\/iomodontologia.com.br\/wp-content\/uploads\/2019\/11\/01-100x100.png 100w, https:\/\/iomodontologia.com.br\/wp-content\/uploads\/2019\/11\/01-600x603.png 600w, https:\/\/iomodontologia.com.br\/wp-content\/uploads\/2019\/11\/01-1019x1024.png 1019w, https:\/\/iomodontologia.com.br\/wp-content\/uploads\/2019\/11\/01-150x150.png 150w, https:\/\/iomodontologia.com.br\/wp-content\/uploads\/2019\/11\/01-768x772.png 768w, https:\/\/iomodontologia.com.br\/wp-content\/uploads\/2019\/11\/01-1529x1536.png 1529w, https:\/\/iomodontologia.com.br\/wp-content\/uploads\/2019\/11\/01-2038x2048.png 2038w, https:\/\/iomodontologia.com.br\/wp-content\/uploads\/2019\/11\/01-65x65.png 65w, https:\/\/iomodontologia.com.br\/wp-content\/uploads\/2019\/11\/01-500x500.png 500w, https:\/\/iomodontologia.com.br\/wp-content\/uploads\/2019\/11\/01-580x583.png 580w, https:\/\/iomodontologia.com.br\/wp-content\/uploads\/2019\/11\/01-860x864.png 860w, https:\/\/iomodontologia.com.br\/wp-content\/uploads\/2019\/11\/01-1160x1165.png 1160w, https:\/\/iomodontologia.com.br\/wp-content\/uploads\/2019\/11\/01-1320x1326.png 1320w\" sizes=\"(max-width: 52px) 100vw, 52px\" \/><a href=\"https:\/\/api.whatsapp.com\/send?phone=5511984450119&amp;text=Ol%C3%A1\">(11) 98445.0119<\/a><\/p>\n<figure id=\"attachment_650\" aria-describedby=\"caption-attachment-650\" style=\"width: 300px\" class=\"wp-caption alignnone\"><img decoding=\"async\" class=\"size-medium wp-image-650\" src=\"https:\/\/iomodontologia.com.br\/wp-content\/uploads\/2019\/11\/IOM-Logo-slogan-300x129.png\" alt=\"\" width=\"300\" height=\"129\" srcset=\"https:\/\/iomodontologia.com.br\/wp-content\/uploads\/2019\/11\/IOM-Logo-slogan-300x129.png 300w, https:\/\/iomodontologia.com.br\/wp-content\/uploads\/2019\/11\/IOM-Logo-slogan-600x257.png 600w, https:\/\/iomodontologia.com.br\/wp-content\/uploads\/2019\/11\/IOM-Logo-slogan-1024x439.png 1024w, https:\/\/iomodontologia.com.br\/wp-content\/uploads\/2019\/11\/IOM-Logo-slogan-768x329.png 768w, https:\/\/iomodontologia.com.br\/wp-content\/uploads\/2019\/11\/IOM-Logo-slogan-1536x659.png 1536w, https:\/\/iomodontologia.com.br\/wp-content\/uploads\/2019\/11\/IOM-Logo-slogan-580x249.png 580w, https:\/\/iomodontologia.com.br\/wp-content\/uploads\/2019\/11\/IOM-Logo-slogan-860x369.png 860w, https:\/\/iomodontologia.com.br\/wp-content\/uploads\/2019\/11\/IOM-Logo-slogan-1160x498.png 1160w, https:\/\/iomodontologia.com.br\/wp-content\/uploads\/2019\/11\/IOM-Logo-slogan-1320x566.png 1320w, https:\/\/iomodontologia.com.br\/wp-content\/uploads\/2019\/11\/IOM-Logo-slogan.png 2000w\" sizes=\"(max-width: 300px) 100vw, 300px\" \/><figcaption id=\"caption-attachment-650\" class=\"wp-caption-text\">IOM Instituto Odontol\u00f3gico Mogiano<\/figcaption><\/figure>\n","protected":false},"excerpt":{"rendered":"<p>Conhe\u00e7a os cuidados na reabilita\u00e7\u00e3o oral com pr\u00f3teses O uso de pr\u00f3teses inadequadas pode acabar provocando impactos negativos na vida do paciente, tanto na sa\u00fade como esteticamente. Nesses casos, \u00e9 necess\u00e1ria a reabilita\u00e7\u00e3o oral com pr\u00f3teses, que consiste basicamente em recuperar a sa\u00fade bucal do paciente levando em conta: mastiga\u00e7\u00e3o, est\u00e9tica e sa\u00fade. Para isso,&#8230;<\/p>\n","protected":false},"author":1,"featured_media":588,"comment_status":"open","ping_status":"open","sticky":false,"template":"","format":"standard","meta":{"_joinchat":[],"footnotes":""},"categories":[61],"tags":[],"class_list":["post-587","post","type-post","status-publish","format-standard","has-post-thumbnail","hentry","category-artigos"],"yoast_head":"<!-- This site is optimized with the Yoast SEO plugin v26.8 - https:\/\/yoast.com\/product\/yoast-seo-wordpress\/ -->\n<title>Cuidados na reabilita\u00e7\u00e3o oral com pr\u00f3teses - IOM - INSTITUTO ODONTOL\u00d3GICO<\/title>\n<meta name=\"robots\" content=\"index, follow, max-snippet:-1, max-image-preview:large, max-video-preview:-1\" \/>\n<link rel=\"canonical\" href=\"https:\/\/iomodontologia.com.br\/index.php\/2019\/04\/23\/cuidados-na-reabilitacao-oral-com-proteses\/\" \/>\n<meta property=\"og:locale\" content=\"pt_BR\" \/>\n<meta property=\"og:type\" content=\"article\" \/>\n<meta property=\"og:title\" content=\"Cuidados na reabilita\u00e7\u00e3o oral com pr\u00f3teses - IOM - INSTITUTO ODONTOL\u00d3GICO\" \/>\n<meta property=\"og:description\" content=\"Conhe\u00e7a os cuidados na reabilita\u00e7\u00e3o oral com pr\u00f3teses O uso de pr\u00f3teses inadequadas pode acabar provocando impactos negativos na vida do paciente, tanto na sa\u00fade como esteticamente. Nesses casos, \u00e9 necess\u00e1ria a reabilita\u00e7\u00e3o oral com pr\u00f3teses, que consiste basicamente em recuperar a sa\u00fade bucal do paciente levando em conta: mastiga\u00e7\u00e3o, est\u00e9tica e sa\u00fade. Para isso,...\" \/>\n<meta property=\"og:url\" content=\"https:\/\/iomodontologia.com.br\/index.php\/2019\/04\/23\/cuidados-na-reabilitacao-oral-com-proteses\/\" \/>\n<meta property=\"og:site_name\" content=\"IOM - INSTITUTO ODONTOL\u00d3GICO\" \/>\n<meta property=\"article:publisher\" content=\"https:\/\/www.facebook.com\/iomodontologia\" \/>\n<meta property=\"article:published_time\" content=\"2019-04-23T18:23:04+00:00\" \/>\n<meta property=\"og:image\" content=\"https:\/\/iomodontologia.com.br\/wp-content\/uploads\/2019\/04\/dd84edf6-77ac-44f1-a747-c43ee767136e.jpg\" \/>\n\t<meta property=\"og:image:width\" content=\"1080\" \/>\n\t<meta property=\"og:image:height\" content=\"1080\" \/>\n\t<meta property=\"og:image:type\" content=\"image\/jpeg\" \/>\n<meta name=\"author\" content=\"IOM\" \/>\n<meta name=\"twitter:card\" content=\"summary_large_image\" \/>\n<meta name=\"twitter:label1\" content=\"Escrito por\" \/>\n\t<meta name=\"twitter:data1\" content=\"IOM\" \/>\n\t<meta name=\"twitter:label2\" content=\"Est. tempo de leitura\" \/>\n\t<meta name=\"twitter:data2\" content=\"2 minutos\" \/>\n<script type=\"application\/ld+json\" class=\"yoast-schema-graph\">{\"@context\":\"https:\/\/schema.org\",\"@graph\":[{\"@type\":\"Article\",\"@id\":\"https:\/\/iomodontologia.com.br\/index.php\/2019\/04\/23\/cuidados-na-reabilitacao-oral-com-proteses\/#article\",\"isPartOf\":{\"@id\":\"https:\/\/iomodontologia.com.br\/index.php\/2019\/04\/23\/cuidados-na-reabilitacao-oral-com-proteses\/\"},\"author\":{\"name\":\"IOM\",\"@id\":\"https:\/\/iomodontologia.com.br\/#\/schema\/person\/2d8ae883d777958331a9492184992de0\"},\"headline\":\"Cuidados na reabilita\u00e7\u00e3o oral com pr\u00f3teses\",\"datePublished\":\"2019-04-23T18:23:04+00:00\",\"mainEntityOfPage\":{\"@id\":\"https:\/\/iomodontologia.com.br\/index.php\/2019\/04\/23\/cuidados-na-reabilitacao-oral-com-proteses\/\"},\"wordCount\":491,\"commentCount\":0,\"publisher\":{\"@id\":\"https:\/\/iomodontologia.com.br\/#organization\"},\"image\":{\"@id\":\"https:\/\/iomodontologia.com.br\/index.php\/2019\/04\/23\/cuidados-na-reabilitacao-oral-com-proteses\/#primaryimage\"},\"thumbnailUrl\":\"https:\/\/iomodontologia.com.br\/wp-content\/uploads\/2019\/04\/dd84edf6-77ac-44f1-a747-c43ee767136e.jpg\",\"articleSection\":[\"Artigos\"],\"inLanguage\":\"pt-BR\",\"potentialAction\":[{\"@type\":\"CommentAction\",\"name\":\"Comment\",\"target\":[\"https:\/\/iomodontologia.com.br\/index.php\/2019\/04\/23\/cuidados-na-reabilitacao-oral-com-proteses\/#respond\"]}]},{\"@type\":\"WebPage\",\"@id\":\"https:\/\/iomodontologia.com.br\/index.php\/2019\/04\/23\/cuidados-na-reabilitacao-oral-com-proteses\/\",\"url\":\"https:\/\/iomodontologia.com.br\/index.php\/2019\/04\/23\/cuidados-na-reabilitacao-oral-com-proteses\/\",\"name\":\"Cuidados na reabilita\u00e7\u00e3o oral com pr\u00f3teses - IOM - INSTITUTO ODONTOL\u00d3GICO\",\"isPartOf\":{\"@id\":\"https:\/\/iomodontologia.com.br\/#website\"},\"primaryImageOfPage\":{\"@id\":\"https:\/\/iomodontologia.com.br\/index.php\/2019\/04\/23\/cuidados-na-reabilitacao-oral-com-proteses\/#primaryimage\"},\"image\":{\"@id\":\"https:\/\/iomodontologia.com.br\/index.php\/2019\/04\/23\/cuidados-na-reabilitacao-oral-com-proteses\/#primaryimage\"},\"thumbnailUrl\":\"https:\/\/iomodontologia.com.br\/wp-content\/uploads\/2019\/04\/dd84edf6-77ac-44f1-a747-c43ee767136e.jpg\",\"datePublished\":\"2019-04-23T18:23:04+00:00\",\"breadcrumb\":{\"@id\":\"https:\/\/iomodontologia.com.br\/index.php\/2019\/04\/23\/cuidados-na-reabilitacao-oral-com-proteses\/#breadcrumb\"},\"inLanguage\":\"pt-BR\",\"potentialAction\":[{\"@type\":\"ReadAction\",\"target\":[\"https:\/\/iomodontologia.com.br\/index.php\/2019\/04\/23\/cuidados-na-reabilitacao-oral-com-proteses\/\"]}]},{\"@type\":\"ImageObject\",\"inLanguage\":\"pt-BR\",\"@id\":\"https:\/\/iomodontologia.com.br\/index.php\/2019\/04\/23\/cuidados-na-reabilitacao-oral-com-proteses\/#primaryimage\",\"url\":\"https:\/\/iomodontologia.com.br\/wp-content\/uploads\/2019\/04\/dd84edf6-77ac-44f1-a747-c43ee767136e.jpg\",\"contentUrl\":\"https:\/\/iomodontologia.com.br\/wp-content\/uploads\/2019\/04\/dd84edf6-77ac-44f1-a747-c43ee767136e.jpg\",\"width\":1080,\"height\":1080,\"caption\":\"Pr\u00f3teses e reabilita\u00e7\u00e3o oral\"},{\"@type\":\"BreadcrumbList\",\"@id\":\"https:\/\/iomodontologia.com.br\/index.php\/2019\/04\/23\/cuidados-na-reabilitacao-oral-com-proteses\/#breadcrumb\",\"itemListElement\":[{\"@type\":\"ListItem\",\"position\":1,\"name\":\"Home\",\"item\":\"https:\/\/iomodontologia.com.br\/\"},{\"@type\":\"ListItem\",\"position\":2,\"name\":\"Cuidados na reabilita\u00e7\u00e3o oral com pr\u00f3teses\"}]},{\"@type\":\"WebSite\",\"@id\":\"https:\/\/iomodontologia.com.br\/#website\",\"url\":\"https:\/\/iomodontologia.com.br\/\",\"name\":\"IOM - INSTITUTO ODONTOL\u00d3GICO\",\"description\":\"CL\u00cdNICA ODONTOL\u00d3GICA\",\"publisher\":{\"@id\":\"https:\/\/iomodontologia.com.br\/#organization\"},\"potentialAction\":[{\"@type\":\"SearchAction\",\"target\":{\"@type\":\"EntryPoint\",\"urlTemplate\":\"https:\/\/iomodontologia.com.br\/?s={search_term_string}\"},\"query-input\":{\"@type\":\"PropertyValueSpecification\",\"valueRequired\":true,\"valueName\":\"search_term_string\"}}],\"inLanguage\":\"pt-BR\"},{\"@type\":\"Organization\",\"@id\":\"https:\/\/iomodontologia.com.br\/#organization\",\"name\":\"IOM - Instituto Odontol\u00f3gico Mogiano\",\"url\":\"https:\/\/iomodontologia.com.br\/\",\"logo\":{\"@type\":\"ImageObject\",\"inLanguage\":\"pt-BR\",\"@id\":\"https:\/\/iomodontologia.com.br\/#\/schema\/logo\/image\/\",\"url\":\"https:\/\/iomodontologia.com.br\/wp-content\/uploads\/2019\/11\/IOM-Logo-slogan.png\",\"contentUrl\":\"https:\/\/iomodontologia.com.br\/wp-content\/uploads\/2019\/11\/IOM-Logo-slogan.png\",\"width\":2000,\"height\":858,\"caption\":\"IOM - Instituto Odontol\u00f3gico Mogiano\"},\"image\":{\"@id\":\"https:\/\/iomodontologia.com.br\/#\/schema\/logo\/image\/\"},\"sameAs\":[\"https:\/\/www.facebook.com\/iomodontologia\",\"https:\/\/www.instagram.com\/iom.odonto\"]},{\"@type\":\"Person\",\"@id\":\"https:\/\/iomodontologia.com.br\/#\/schema\/person\/2d8ae883d777958331a9492184992de0\",\"name\":\"IOM\",\"image\":{\"@type\":\"ImageObject\",\"inLanguage\":\"pt-BR\",\"@id\":\"https:\/\/iomodontologia.com.br\/#\/schema\/person\/image\/\",\"url\":\"https:\/\/secure.gravatar.com\/avatar\/003dc2a3c14e0b6b5d63ec9413622bf8?s=96&d=mm&r=g\",\"contentUrl\":\"https:\/\/secure.gravatar.com\/avatar\/003dc2a3c14e0b6b5d63ec9413622bf8?s=96&d=mm&r=g\",\"caption\":\"IOM\"},\"sameAs\":[\"http:\/\/taprontosite.com.br\/iom\"],\"url\":\"https:\/\/iomodontologia.com.br\/index.php\/author\/iom\/\"}]}<\/script>\n<!-- \/ Yoast SEO plugin. -->","yoast_head_json":{"title":"Cuidados na reabilita\u00e7\u00e3o oral com pr\u00f3teses - IOM - INSTITUTO ODONTOL\u00d3GICO","robots":{"index":"index","follow":"follow","max-snippet":"max-snippet:-1","max-image-preview":"max-image-preview:large","max-video-preview":"max-video-preview:-1"},"canonical":"https:\/\/iomodontologia.com.br\/index.php\/2019\/04\/23\/cuidados-na-reabilitacao-oral-com-proteses\/","og_locale":"pt_BR","og_type":"article","og_title":"Cuidados na reabilita\u00e7\u00e3o oral com pr\u00f3teses - IOM - INSTITUTO ODONTOL\u00d3GICO","og_description":"Conhe\u00e7a os cuidados na reabilita\u00e7\u00e3o oral com pr\u00f3teses O uso de pr\u00f3teses inadequadas pode acabar provocando impactos negativos na vida do paciente, tanto na sa\u00fade como esteticamente. Nesses casos, \u00e9 necess\u00e1ria a reabilita\u00e7\u00e3o oral com pr\u00f3teses, que consiste basicamente em recuperar a sa\u00fade bucal do paciente levando em conta: mastiga\u00e7\u00e3o, est\u00e9tica e sa\u00fade. Para isso,...","og_url":"https:\/\/iomodontologia.com.br\/index.php\/2019\/04\/23\/cuidados-na-reabilitacao-oral-com-proteses\/","og_site_name":"IOM - INSTITUTO ODONTOL\u00d3GICO","article_publisher":"https:\/\/www.facebook.com\/iomodontologia","article_published_time":"2019-04-23T18:23:04+00:00","og_image":[{"width":1080,"height":1080,"url":"https:\/\/iomodontologia.com.br\/wp-content\/uploads\/2019\/04\/dd84edf6-77ac-44f1-a747-c43ee767136e.jpg","type":"image\/jpeg"}],"author":"IOM","twitter_card":"summary_large_image","twitter_misc":{"Escrito por":"IOM","Est. tempo de leitura":"2 minutos"},"schema":{"@context":"https:\/\/schema.org","@graph":[{"@type":"Article","@id":"https:\/\/iomodontologia.com.br\/index.php\/2019\/04\/23\/cuidados-na-reabilitacao-oral-com-proteses\/#article","isPartOf":{"@id":"https:\/\/iomodontologia.com.br\/index.php\/2019\/04\/23\/cuidados-na-reabilitacao-oral-com-proteses\/"},"author":{"name":"IOM","@id":"https:\/\/iomodontologia.com.br\/#\/schema\/person\/2d8ae883d777958331a9492184992de0"},"headline":"Cuidados na reabilita\u00e7\u00e3o oral com pr\u00f3teses","datePublished":"2019-04-23T18:23:04+00:00","mainEntityOfPage":{"@id":"https:\/\/iomodontologia.com.br\/index.php\/2019\/04\/23\/cuidados-na-reabilitacao-oral-com-proteses\/"},"wordCount":491,"commentCount":0,"publisher":{"@id":"https:\/\/iomodontologia.com.br\/#organization"},"image":{"@id":"https:\/\/iomodontologia.com.br\/index.php\/2019\/04\/23\/cuidados-na-reabilitacao-oral-com-proteses\/#primaryimage"},"thumbnailUrl":"https:\/\/iomodontologia.com.br\/wp-content\/uploads\/2019\/04\/dd84edf6-77ac-44f1-a747-c43ee767136e.jpg","articleSection":["Artigos"],"inLanguage":"pt-BR","potentialAction":[{"@type":"CommentAction","name":"Comment","target":["https:\/\/iomodontologia.com.br\/index.php\/2019\/04\/23\/cuidados-na-reabilitacao-oral-com-proteses\/#respond"]}]},{"@type":"WebPage","@id":"https:\/\/iomodontologia.com.br\/index.php\/2019\/04\/23\/cuidados-na-reabilitacao-oral-com-proteses\/","url":"https:\/\/iomodontologia.com.br\/index.php\/2019\/04\/23\/cuidados-na-reabilitacao-oral-com-proteses\/","name":"Cuidados na reabilita\u00e7\u00e3o oral com pr\u00f3teses - IOM - INSTITUTO ODONTOL\u00d3GICO","isPartOf":{"@id":"https:\/\/iomodontologia.com.br\/#website"},"primaryImageOfPage":{"@id":"https:\/\/iomodontologia.com.br\/index.php\/2019\/04\/23\/cuidados-na-reabilitacao-oral-com-proteses\/#primaryimage"},"image":{"@id":"https:\/\/iomodontologia.com.br\/index.php\/2019\/04\/23\/cuidados-na-reabilitacao-oral-com-proteses\/#primaryimage"},"thumbnailUrl":"https:\/\/iomodontologia.com.br\/wp-content\/uploads\/2019\/04\/dd84edf6-77ac-44f1-a747-c43ee767136e.jpg","datePublished":"2019-04-23T18:23:04+00:00","breadcrumb":{"@id":"https:\/\/iomodontologia.com.br\/index.php\/2019\/04\/23\/cuidados-na-reabilitacao-oral-com-proteses\/#breadcrumb"},"inLanguage":"pt-BR","potentialAction":[{"@type":"ReadAction","target":["https:\/\/iomodontologia.com.br\/index.php\/2019\/04\/23\/cuidados-na-reabilitacao-oral-com-proteses\/"]}]},{"@type":"ImageObject","inLanguage":"pt-BR","@id":"https:\/\/iomodontologia.com.br\/index.php\/2019\/04\/23\/cuidados-na-reabilitacao-oral-com-proteses\/#primaryimage","url":"https:\/\/iomodontologia.com.br\/wp-content\/uploads\/2019\/04\/dd84edf6-77ac-44f1-a747-c43ee767136e.jpg","contentUrl":"https:\/\/iomodontologia.com.br\/wp-content\/uploads\/2019\/04\/dd84edf6-77ac-44f1-a747-c43ee767136e.jpg","width":1080,"height":1080,"caption":"Pr\u00f3teses e reabilita\u00e7\u00e3o oral"},{"@type":"BreadcrumbList","@id":"https:\/\/iomodontologia.com.br\/index.php\/2019\/04\/23\/cuidados-na-reabilitacao-oral-com-proteses\/#breadcrumb","itemListElement":[{"@type":"ListItem","position":1,"name":"Home","item":"https:\/\/iomodontologia.com.br\/"},{"@type":"ListItem","position":2,"name":"Cuidados na reabilita\u00e7\u00e3o oral com pr\u00f3teses"}]},{"@type":"WebSite","@id":"https:\/\/iomodontologia.com.br\/#website","url":"https:\/\/iomodontologia.com.br\/","name":"IOM - INSTITUTO ODONTOL\u00d3GICO","description":"CL\u00cdNICA ODONTOL\u00d3GICA","publisher":{"@id":"https:\/\/iomodontologia.com.br\/#organization"},"potentialAction":[{"@type":"SearchAction","target":{"@type":"EntryPoint","urlTemplate":"https:\/\/iomodontologia.com.br\/?s={search_term_string}"},"query-input":{"@type":"PropertyValueSpecification","valueRequired":true,"valueName":"search_term_string"}}],"inLanguage":"pt-BR"},{"@type":"Organization","@id":"https:\/\/iomodontologia.com.br\/#organization","name":"IOM - Instituto Odontol\u00f3gico Mogiano","url":"https:\/\/iomodontologia.com.br\/","logo":{"@type":"ImageObject","inLanguage":"pt-BR","@id":"https:\/\/iomodontologia.com.br\/#\/schema\/logo\/image\/","url":"https:\/\/iomodontologia.com.br\/wp-content\/uploads\/2019\/11\/IOM-Logo-slogan.png","contentUrl":"https:\/\/iomodontologia.com.br\/wp-content\/uploads\/2019\/11\/IOM-Logo-slogan.png","width":2000,"height":858,"caption":"IOM - Instituto Odontol\u00f3gico Mogiano"},"image":{"@id":"https:\/\/iomodontologia.com.br\/#\/schema\/logo\/image\/"},"sameAs":["https:\/\/www.facebook.com\/iomodontologia","https:\/\/www.instagram.com\/iom.odonto"]},{"@type":"Person","@id":"https:\/\/iomodontologia.com.br\/#\/schema\/person\/2d8ae883d777958331a9492184992de0","name":"IOM","image":{"@type":"ImageObject","inLanguage":"pt-BR","@id":"https:\/\/iomodontologia.com.br\/#\/schema\/person\/image\/","url":"https:\/\/secure.gravatar.com\/avatar\/003dc2a3c14e0b6b5d63ec9413622bf8?s=96&d=mm&r=g","contentUrl":"https:\/\/secure.gravatar.com\/avatar\/003dc2a3c14e0b6b5d63ec9413622bf8?s=96&d=mm&r=g","caption":"IOM"},"sameAs":["http:\/\/taprontosite.com.br\/iom"],"url":"https:\/\/iomodontologia.com.br\/index.php\/author\/iom\/"}]}},"_links":{"self":[{"href":"https:\/\/iomodontologia.com.br\/index.php\/wp-json\/wp\/v2\/posts\/587","targetHints":{"allow":["GET"]}}],"collection":[{"href":"https:\/\/iomodontologia.com.br\/index.php\/wp-json\/wp\/v2\/posts"}],"about":[{"href":"https:\/\/iomodontologia.com.br\/index.php\/wp-json\/wp\/v2\/types\/post"}],"author":[{"embeddable":true,"href":"https:\/\/iomodontologia.com.br\/index.php\/wp-json\/wp\/v2\/users\/1"}],"replies":[{"embeddable":true,"href":"https:\/\/iomodontologia.com.br\/index.php\/wp-json\/wp\/v2\/comments?post=587"}],"version-history":[{"count":0,"href":"https:\/\/iomodontologia.com.br\/index.php\/wp-json\/wp\/v2\/posts\/587\/revisions"}],"wp:featuredmedia":[{"embeddable":true,"href":"https:\/\/iomodontologia.com.br\/index.php\/wp-json\/wp\/v2\/media\/588"}],"wp:attachment":[{"href":"https:\/\/iomodontologia.com.br\/index.php\/wp-json\/wp\/v2\/media?parent=587"}],"wp:term":[{"taxonomy":"category","embeddable":true,"href":"https:\/\/iomodontologia.com.br\/index.php\/wp-json\/wp\/v2\/categories?post=587"},{"taxonomy":"post_tag","embeddable":true,"href":"https:\/\/iomodontologia.com.br\/index.php\/wp-json\/wp\/v2\/tags?post=587"}],"curies":[{"name":"wp","href":"https:\/\/api.w.org\/{rel}","templated":true}]}}