{"id":558,"date":"2019-02-11T17:05:09","date_gmt":"2019-02-11T17:05:09","guid":{"rendered":"http:\/\/iomodontologia.com.br\/?p=558"},"modified":"2019-02-11T17:05:09","modified_gmt":"2019-02-11T17:05:09","slug":"entendendo-por-que-os-dentes-mudam-de-cor-causas-e-tratamentos","status":"publish","type":"post","link":"https:\/\/iomodontologia.com.br\/index.php\/2019\/02\/11\/entendendo-por-que-os-dentes-mudam-de-cor-causas-e-tratamentos\/","title":{"rendered":"Entenda por que os dentes mudam de cor &#8211; Causas e Tratamentos"},"content":{"rendered":"<h1 style=\"text-align: center;\"><strong>Entenda por que os dentes mudam de cor &#8211; Causas e Tratamentos<\/strong><\/h1>\n<p>&nbsp;<\/p>\n<p>As altera\u00e7\u00f5es da cor dos dentes, de um \u00fanico dente ou de todos, interferem negativamente na apar\u00eancia do sorriso, causando insatisfa\u00e7\u00e3o e inc\u00f4modo. Tamb\u00e9m pode ser um sinal de que alguma situa\u00e7\u00e3o anormal est\u00e1 ocorrendo na boca. Por isso, \u00e9 importante termos informa\u00e7\u00f5es b\u00e1sicas sobre o assunto.<\/p>\n<p>Caso essas altera\u00e7\u00f5es de cor sejam constatadas, h\u00e1 a necessidade de procurar um profissional da odontologia para avaliar e orientar o paciente quanto a gravidade da situa\u00e7\u00e3o e seu poss\u00edvel tratamento. Este, pode ser simples, ou necessitar de procedimentos um pouco mais complexos e demorados. As altera\u00e7\u00f5es de cor dos dentes podem ser:<\/p>\n<p>&#8211; Extr\u00ednsecas, quando s\u00e3o superficiais e associadas a pigmentos alimentares, bebidas, tabaco e m\u00e1 higiene oral.<br \/>\n&#8211; Intr\u00ednsecas, quando s\u00e3o profundas, com origem na parte interna dos dentes. Nesses casos, ocorrem altera\u00e7\u00f5es nas estruturas dos tecidos dent\u00e1rios (polpa e dentina) e a cor dos dentes ficam naturalmente amareladas.<\/p>\n<p>Podem haver tamb\u00e9m altera\u00e7\u00f5es dent\u00e1rias cong\u00eanitas. Como exemplo, podemos citar a amelog\u00eanese imperfeita, que ocorre quando os dentes j\u00e1 nascem com manchas brancas ou amarelas.<\/p>\n<p>Existem tamb\u00e9m as causas fisiol\u00f3gicas, como o escurecimento dos dentes por envelhecimento. O uso de medicamentos como a Tetraciclina e o Fl\u00faor tamb\u00e9m podem escurecer os dentes. Os traumas dent\u00e1rios podem tamb\u00e9m levar a necrose pulpar e infec\u00e7\u00e3o provocando, muitas vezes, o escurecimento dos dentes.<\/p>\n<p>De modo geral, o paciente n\u00e3o tem condi\u00e7\u00f5es de fazer sozinho uma avalia\u00e7\u00e3o sobre a gravidade de seu caso. O dentista \u00e9 o \u00fanico profissional indicado para auxiliar o paciente em seu diagn\u00f3stico e tratamento. Sempre que o paciente perceber alguma altera\u00e7\u00e3o na tonalidade de seus dentes, \u00e9 importante que se procure o profissional adequado. Por exemplo: altera\u00e7\u00f5es de cor dos dentes mais generalizadas s\u00e3o geralmente provocadas por pigmentos alimentares, fumo, m\u00e1 higiene oral ou podem ser amarelados naturalmente pelo envelhecimento. Esses s\u00e3o problemas de solu\u00e7\u00f5es mais simples como, orienta\u00e7\u00e3o sobre higiene oral, limpeza profissional e um clareamento dental. Em casos mais extremos de escurecimento dent\u00e1rio generalizado tamb\u00e9m podem ser indicados tratamentos mais complexos como pr\u00f3teses e coroas. Nos casos de altera\u00e7\u00f5es de cor em um dente isolado, que vem piorando h\u00e1 algum tempo, \u00e9 prov\u00e1vel que esteja ocorrendo uma situa\u00e7\u00e3o patol\u00f3gica. Podem haver infec\u00e7\u00f5es envolvidas e at\u00e9 mesmo a perda do elemento dent\u00e1rio. Isso indica a urg\u00eancia na procura de tratamento. As causas podem ser decorrentes de traumas, c\u00e1ries ou restaura\u00e7\u00f5es defeituosas.<\/p>\n<p>De acordo com a avalia\u00e7\u00e3o profissional e a gravidade do caso, o dentista necessitar\u00e1 apenas de um exame cl\u00ednico para dar um diagn\u00f3stico e sugerir o tratamento adequado. Mas tamb\u00e9m pode haver a necessidade de exames complementares como o radiogr\u00e1fico e testes espec\u00edficos relacionados \u00e0 vitalidade do elemento dent\u00e1rio. Ap\u00f3s o diagn\u00f3stico, procedimentos odontol\u00f3gicos mais complexos podem ser indicados como: troca de restaura\u00e7\u00f5es, tratamentos de canal, pr\u00f3teses e os clareamentos dent\u00e1rios.<\/p>\n<p>Fique sempre atento \u00e0 sua sa\u00fade bucal, fazendo o auto-exame durante a escova\u00e7\u00e3o di\u00e1ria e em caso de altera\u00e7\u00f5es de cor ou qualquer outro sinal e sintoma procure seu dentista. Assim, receber\u00e1 a orienta\u00e7\u00e3o adequada quanto \u00e0 necessidade ou n\u00e3o de tratamento. Seja qual for a sua insatisfa\u00e7\u00e3o relacionada a est\u00e9tica de seu sorriso, sempre existe uma solu\u00e7\u00e3o poss\u00edvel que ir\u00e1 deixa-lo mais satisfeito e feliz.<\/p>\n<p>&nbsp;<\/p>\n<p><strong>Fonte: Dra Claudia Nascimento<\/strong><\/p>\n<p><img decoding=\"async\" class=\"alignnone  wp-image-651\" src=\"https:\/\/iomodontologia.com.br\/wp-content\/uploads\/2019\/11\/logoface-300x300.png\" alt=\"\" width=\"48\" height=\"48\" srcset=\"https:\/\/iomodontologia.com.br\/wp-content\/uploads\/2019\/11\/logoface-300x300.png 300w, https:\/\/iomodontologia.com.br\/wp-content\/uploads\/2019\/11\/logoface-100x100.png 100w, https:\/\/iomodontologia.com.br\/wp-content\/uploads\/2019\/11\/logoface-150x150.png 150w, https:\/\/iomodontologia.com.br\/wp-content\/uploads\/2019\/11\/logoface.png 512w, https:\/\/iomodontologia.com.br\/wp-content\/uploads\/2019\/11\/logoface-65x65.png 65w, https:\/\/iomodontologia.com.br\/wp-content\/uploads\/2019\/11\/logoface-500x500.png 500w\" sizes=\"(max-width: 48px) 100vw, 48px\" \/> <a href=\"http:\/\/fb.com\/iomodontologia\/\" target=\"_blank\" rel=\"noopener noreferrer\">fb.com\/iomodontologia\/<\/a><\/p>\n<p><img decoding=\"async\" class=\"alignnone  wp-image-652\" src=\"https:\/\/iomodontologia.com.br\/wp-content\/uploads\/2019\/11\/01-300x300.png\" alt=\"\" width=\"50\" height=\"50\" srcset=\"https:\/\/iomodontologia.com.br\/wp-content\/uploads\/2019\/11\/01-300x300.png 300w, https:\/\/iomodontologia.com.br\/wp-content\/uploads\/2019\/11\/01-100x100.png 100w, https:\/\/iomodontologia.com.br\/wp-content\/uploads\/2019\/11\/01-600x603.png 600w, https:\/\/iomodontologia.com.br\/wp-content\/uploads\/2019\/11\/01-1019x1024.png 1019w, https:\/\/iomodontologia.com.br\/wp-content\/uploads\/2019\/11\/01-150x150.png 150w, https:\/\/iomodontologia.com.br\/wp-content\/uploads\/2019\/11\/01-768x772.png 768w, https:\/\/iomodontologia.com.br\/wp-content\/uploads\/2019\/11\/01-1529x1536.png 1529w, https:\/\/iomodontologia.com.br\/wp-content\/uploads\/2019\/11\/01-2038x2048.png 2038w, https:\/\/iomodontologia.com.br\/wp-content\/uploads\/2019\/11\/01-65x65.png 65w, https:\/\/iomodontologia.com.br\/wp-content\/uploads\/2019\/11\/01-500x500.png 500w, https:\/\/iomodontologia.com.br\/wp-content\/uploads\/2019\/11\/01-580x583.png 580w, https:\/\/iomodontologia.com.br\/wp-content\/uploads\/2019\/11\/01-860x864.png 860w, https:\/\/iomodontologia.com.br\/wp-content\/uploads\/2019\/11\/01-1160x1165.png 1160w, https:\/\/iomodontologia.com.br\/wp-content\/uploads\/2019\/11\/01-1320x1326.png 1320w\" sizes=\"(max-width: 50px) 100vw, 50px\" \/> <a href=\"https:\/\/api.whatsapp.com\/send?phone=5511984450119&amp;text=Ol%C3%A1\" target=\"_blank\" rel=\"noopener noreferrer\">(11) 98445.0119<\/a><\/p>\n<figure id=\"attachment_650\" aria-describedby=\"caption-attachment-650\" style=\"width: 300px\" class=\"wp-caption alignnone\"><img decoding=\"async\" class=\"size-medium wp-image-650\" src=\"https:\/\/iomodontologia.com.br\/wp-content\/uploads\/2019\/11\/IOM-Logo-slogan-300x129.png\" alt=\"\" width=\"300\" height=\"129\" srcset=\"https:\/\/iomodontologia.com.br\/wp-content\/uploads\/2019\/11\/IOM-Logo-slogan-300x129.png 300w, https:\/\/iomodontologia.com.br\/wp-content\/uploads\/2019\/11\/IOM-Logo-slogan-600x257.png 600w, https:\/\/iomodontologia.com.br\/wp-content\/uploads\/2019\/11\/IOM-Logo-slogan-1024x439.png 1024w, https:\/\/iomodontologia.com.br\/wp-content\/uploads\/2019\/11\/IOM-Logo-slogan-768x329.png 768w, https:\/\/iomodontologia.com.br\/wp-content\/uploads\/2019\/11\/IOM-Logo-slogan-1536x659.png 1536w, https:\/\/iomodontologia.com.br\/wp-content\/uploads\/2019\/11\/IOM-Logo-slogan-580x249.png 580w, https:\/\/iomodontologia.com.br\/wp-content\/uploads\/2019\/11\/IOM-Logo-slogan-860x369.png 860w, https:\/\/iomodontologia.com.br\/wp-content\/uploads\/2019\/11\/IOM-Logo-slogan-1160x498.png 1160w, https:\/\/iomodontologia.com.br\/wp-content\/uploads\/2019\/11\/IOM-Logo-slogan-1320x566.png 1320w, https:\/\/iomodontologia.com.br\/wp-content\/uploads\/2019\/11\/IOM-Logo-slogan.png 2000w\" sizes=\"(max-width: 300px) 100vw, 300px\" \/><figcaption id=\"caption-attachment-650\" class=\"wp-caption-text\">IOM Instituto Odontol\u00f3gico Mogiano<\/figcaption><\/figure>\n","protected":false},"excerpt":{"rendered":"<p>Entenda por que os dentes mudam de cor &#8211; Causas e Tratamentos &nbsp; As altera\u00e7\u00f5es da cor dos dentes, de um \u00fanico dente ou de todos, interferem negativamente na apar\u00eancia do sorriso, causando insatisfa\u00e7\u00e3o e inc\u00f4modo. Tamb\u00e9m pode ser um sinal de que alguma situa\u00e7\u00e3o anormal est\u00e1 ocorrendo na boca. Por isso, \u00e9 importante termos&#8230;<\/p>\n","protected":false},"author":1,"featured_media":559,"comment_status":"open","ping_status":"open","sticky":false,"template":"","format":"standard","meta":{"_joinchat":[],"footnotes":""},"categories":[61],"tags":[],"class_list":["post-558","post","type-post","status-publish","format-standard","has-post-thumbnail","hentry","category-artigos"],"yoast_head":"<!-- This site is optimized with the Yoast SEO plugin v26.8 - https:\/\/yoast.com\/product\/yoast-seo-wordpress\/ -->\n<title>Entenda por que os dentes mudam de cor - Causas e Tratamentos - IOM - INSTITUTO ODONTOL\u00d3GICO<\/title>\n<meta name=\"robots\" content=\"index, follow, max-snippet:-1, max-image-preview:large, max-video-preview:-1\" \/>\n<link rel=\"canonical\" href=\"https:\/\/iomodontologia.com.br\/index.php\/2019\/02\/11\/entendendo-por-que-os-dentes-mudam-de-cor-causas-e-tratamentos\/\" \/>\n<meta property=\"og:locale\" content=\"pt_BR\" \/>\n<meta property=\"og:type\" content=\"article\" \/>\n<meta property=\"og:title\" content=\"Entenda por que os dentes mudam de cor - Causas e Tratamentos - IOM - INSTITUTO ODONTOL\u00d3GICO\" \/>\n<meta property=\"og:description\" content=\"Entenda por que os dentes mudam de cor &#8211; Causas e Tratamentos &nbsp; As altera\u00e7\u00f5es da cor dos dentes, de um \u00fanico dente ou de todos, interferem negativamente na apar\u00eancia do sorriso, causando insatisfa\u00e7\u00e3o e inc\u00f4modo. Tamb\u00e9m pode ser um sinal de que alguma situa\u00e7\u00e3o anormal est\u00e1 ocorrendo na boca. Por isso, \u00e9 importante termos...\" \/>\n<meta property=\"og:url\" content=\"https:\/\/iomodontologia.com.br\/index.php\/2019\/02\/11\/entendendo-por-que-os-dentes-mudam-de-cor-causas-e-tratamentos\/\" \/>\n<meta property=\"og:site_name\" content=\"IOM - INSTITUTO ODONTOL\u00d3GICO\" \/>\n<meta property=\"article:publisher\" content=\"https:\/\/www.facebook.com\/iomodontologia\" \/>\n<meta property=\"article:published_time\" content=\"2019-02-11T17:05:09+00:00\" \/>\n<meta name=\"author\" content=\"IOM\" \/>\n<meta name=\"twitter:card\" content=\"summary_large_image\" \/>\n<meta name=\"twitter:label1\" content=\"Escrito por\" \/>\n\t<meta name=\"twitter:data1\" content=\"IOM\" \/>\n\t<meta name=\"twitter:label2\" content=\"Est. tempo de leitura\" \/>\n\t<meta name=\"twitter:data2\" content=\"3 minutos\" \/>\n<script type=\"application\/ld+json\" class=\"yoast-schema-graph\">{\"@context\":\"https:\/\/schema.org\",\"@graph\":[{\"@type\":\"Article\",\"@id\":\"https:\/\/iomodontologia.com.br\/index.php\/2019\/02\/11\/entendendo-por-que-os-dentes-mudam-de-cor-causas-e-tratamentos\/#article\",\"isPartOf\":{\"@id\":\"https:\/\/iomodontologia.com.br\/index.php\/2019\/02\/11\/entendendo-por-que-os-dentes-mudam-de-cor-causas-e-tratamentos\/\"},\"author\":{\"name\":\"IOM\",\"@id\":\"https:\/\/iomodontologia.com.br\/#\/schema\/person\/2d8ae883d777958331a9492184992de0\"},\"headline\":\"Entenda por que os dentes mudam de cor &#8211; Causas e Tratamentos\",\"datePublished\":\"2019-02-11T17:05:09+00:00\",\"mainEntityOfPage\":{\"@id\":\"https:\/\/iomodontologia.com.br\/index.php\/2019\/02\/11\/entendendo-por-que-os-dentes-mudam-de-cor-causas-e-tratamentos\/\"},\"wordCount\":641,\"commentCount\":0,\"publisher\":{\"@id\":\"https:\/\/iomodontologia.com.br\/#organization\"},\"image\":{\"@id\":\"https:\/\/iomodontologia.com.br\/index.php\/2019\/02\/11\/entendendo-por-que-os-dentes-mudam-de-cor-causas-e-tratamentos\/#primaryimage\"},\"thumbnailUrl\":\"\",\"articleSection\":[\"Artigos\"],\"inLanguage\":\"pt-BR\",\"potentialAction\":[{\"@type\":\"CommentAction\",\"name\":\"Comment\",\"target\":[\"https:\/\/iomodontologia.com.br\/index.php\/2019\/02\/11\/entendendo-por-que-os-dentes-mudam-de-cor-causas-e-tratamentos\/#respond\"]}]},{\"@type\":\"WebPage\",\"@id\":\"https:\/\/iomodontologia.com.br\/index.php\/2019\/02\/11\/entendendo-por-que-os-dentes-mudam-de-cor-causas-e-tratamentos\/\",\"url\":\"https:\/\/iomodontologia.com.br\/index.php\/2019\/02\/11\/entendendo-por-que-os-dentes-mudam-de-cor-causas-e-tratamentos\/\",\"name\":\"Entenda por que os dentes mudam de cor - Causas e Tratamentos - IOM - INSTITUTO ODONTOL\u00d3GICO\",\"isPartOf\":{\"@id\":\"https:\/\/iomodontologia.com.br\/#website\"},\"primaryImageOfPage\":{\"@id\":\"https:\/\/iomodontologia.com.br\/index.php\/2019\/02\/11\/entendendo-por-que-os-dentes-mudam-de-cor-causas-e-tratamentos\/#primaryimage\"},\"image\":{\"@id\":\"https:\/\/iomodontologia.com.br\/index.php\/2019\/02\/11\/entendendo-por-que-os-dentes-mudam-de-cor-causas-e-tratamentos\/#primaryimage\"},\"thumbnailUrl\":\"\",\"datePublished\":\"2019-02-11T17:05:09+00:00\",\"breadcrumb\":{\"@id\":\"https:\/\/iomodontologia.com.br\/index.php\/2019\/02\/11\/entendendo-por-que-os-dentes-mudam-de-cor-causas-e-tratamentos\/#breadcrumb\"},\"inLanguage\":\"pt-BR\",\"potentialAction\":[{\"@type\":\"ReadAction\",\"target\":[\"https:\/\/iomodontologia.com.br\/index.php\/2019\/02\/11\/entendendo-por-que-os-dentes-mudam-de-cor-causas-e-tratamentos\/\"]}]},{\"@type\":\"ImageObject\",\"inLanguage\":\"pt-BR\",\"@id\":\"https:\/\/iomodontologia.com.br\/index.php\/2019\/02\/11\/entendendo-por-que-os-dentes-mudam-de-cor-causas-e-tratamentos\/#primaryimage\",\"url\":\"\",\"contentUrl\":\"\"},{\"@type\":\"BreadcrumbList\",\"@id\":\"https:\/\/iomodontologia.com.br\/index.php\/2019\/02\/11\/entendendo-por-que-os-dentes-mudam-de-cor-causas-e-tratamentos\/#breadcrumb\",\"itemListElement\":[{\"@type\":\"ListItem\",\"position\":1,\"name\":\"Home\",\"item\":\"https:\/\/iomodontologia.com.br\/\"},{\"@type\":\"ListItem\",\"position\":2,\"name\":\"Entenda por que os dentes mudam de cor &#8211; Causas e Tratamentos\"}]},{\"@type\":\"WebSite\",\"@id\":\"https:\/\/iomodontologia.com.br\/#website\",\"url\":\"https:\/\/iomodontologia.com.br\/\",\"name\":\"IOM - INSTITUTO ODONTOL\u00d3GICO\",\"description\":\"CL\u00cdNICA ODONTOL\u00d3GICA\",\"publisher\":{\"@id\":\"https:\/\/iomodontologia.com.br\/#organization\"},\"potentialAction\":[{\"@type\":\"SearchAction\",\"target\":{\"@type\":\"EntryPoint\",\"urlTemplate\":\"https:\/\/iomodontologia.com.br\/?s={search_term_string}\"},\"query-input\":{\"@type\":\"PropertyValueSpecification\",\"valueRequired\":true,\"valueName\":\"search_term_string\"}}],\"inLanguage\":\"pt-BR\"},{\"@type\":\"Organization\",\"@id\":\"https:\/\/iomodontologia.com.br\/#organization\",\"name\":\"IOM - Instituto Odontol\u00f3gico Mogiano\",\"url\":\"https:\/\/iomodontologia.com.br\/\",\"logo\":{\"@type\":\"ImageObject\",\"inLanguage\":\"pt-BR\",\"@id\":\"https:\/\/iomodontologia.com.br\/#\/schema\/logo\/image\/\",\"url\":\"https:\/\/iomodontologia.com.br\/wp-content\/uploads\/2019\/11\/IOM-Logo-slogan.png\",\"contentUrl\":\"https:\/\/iomodontologia.com.br\/wp-content\/uploads\/2019\/11\/IOM-Logo-slogan.png\",\"width\":2000,\"height\":858,\"caption\":\"IOM - Instituto Odontol\u00f3gico Mogiano\"},\"image\":{\"@id\":\"https:\/\/iomodontologia.com.br\/#\/schema\/logo\/image\/\"},\"sameAs\":[\"https:\/\/www.facebook.com\/iomodontologia\",\"https:\/\/www.instagram.com\/iom.odonto\"]},{\"@type\":\"Person\",\"@id\":\"https:\/\/iomodontologia.com.br\/#\/schema\/person\/2d8ae883d777958331a9492184992de0\",\"name\":\"IOM\",\"image\":{\"@type\":\"ImageObject\",\"inLanguage\":\"pt-BR\",\"@id\":\"https:\/\/iomodontologia.com.br\/#\/schema\/person\/image\/\",\"url\":\"https:\/\/secure.gravatar.com\/avatar\/003dc2a3c14e0b6b5d63ec9413622bf8?s=96&d=mm&r=g\",\"contentUrl\":\"https:\/\/secure.gravatar.com\/avatar\/003dc2a3c14e0b6b5d63ec9413622bf8?s=96&d=mm&r=g\",\"caption\":\"IOM\"},\"sameAs\":[\"http:\/\/taprontosite.com.br\/iom\"],\"url\":\"https:\/\/iomodontologia.com.br\/index.php\/author\/iom\/\"}]}<\/script>\n<!-- \/ Yoast SEO plugin. -->","yoast_head_json":{"title":"Entenda por que os dentes mudam de cor - Causas e Tratamentos - IOM - INSTITUTO ODONTOL\u00d3GICO","robots":{"index":"index","follow":"follow","max-snippet":"max-snippet:-1","max-image-preview":"max-image-preview:large","max-video-preview":"max-video-preview:-1"},"canonical":"https:\/\/iomodontologia.com.br\/index.php\/2019\/02\/11\/entendendo-por-que-os-dentes-mudam-de-cor-causas-e-tratamentos\/","og_locale":"pt_BR","og_type":"article","og_title":"Entenda por que os dentes mudam de cor - Causas e Tratamentos - IOM - INSTITUTO ODONTOL\u00d3GICO","og_description":"Entenda por que os dentes mudam de cor &#8211; Causas e Tratamentos &nbsp; As altera\u00e7\u00f5es da cor dos dentes, de um \u00fanico dente ou de todos, interferem negativamente na apar\u00eancia do sorriso, causando insatisfa\u00e7\u00e3o e inc\u00f4modo. Tamb\u00e9m pode ser um sinal de que alguma situa\u00e7\u00e3o anormal est\u00e1 ocorrendo na boca. Por isso, \u00e9 importante termos...","og_url":"https:\/\/iomodontologia.com.br\/index.php\/2019\/02\/11\/entendendo-por-que-os-dentes-mudam-de-cor-causas-e-tratamentos\/","og_site_name":"IOM - INSTITUTO ODONTOL\u00d3GICO","article_publisher":"https:\/\/www.facebook.com\/iomodontologia","article_published_time":"2019-02-11T17:05:09+00:00","author":"IOM","twitter_card":"summary_large_image","twitter_misc":{"Escrito por":"IOM","Est. tempo de leitura":"3 minutos"},"schema":{"@context":"https:\/\/schema.org","@graph":[{"@type":"Article","@id":"https:\/\/iomodontologia.com.br\/index.php\/2019\/02\/11\/entendendo-por-que-os-dentes-mudam-de-cor-causas-e-tratamentos\/#article","isPartOf":{"@id":"https:\/\/iomodontologia.com.br\/index.php\/2019\/02\/11\/entendendo-por-que-os-dentes-mudam-de-cor-causas-e-tratamentos\/"},"author":{"name":"IOM","@id":"https:\/\/iomodontologia.com.br\/#\/schema\/person\/2d8ae883d777958331a9492184992de0"},"headline":"Entenda por que os dentes mudam de cor &#8211; Causas e Tratamentos","datePublished":"2019-02-11T17:05:09+00:00","mainEntityOfPage":{"@id":"https:\/\/iomodontologia.com.br\/index.php\/2019\/02\/11\/entendendo-por-que-os-dentes-mudam-de-cor-causas-e-tratamentos\/"},"wordCount":641,"commentCount":0,"publisher":{"@id":"https:\/\/iomodontologia.com.br\/#organization"},"image":{"@id":"https:\/\/iomodontologia.com.br\/index.php\/2019\/02\/11\/entendendo-por-que-os-dentes-mudam-de-cor-causas-e-tratamentos\/#primaryimage"},"thumbnailUrl":"","articleSection":["Artigos"],"inLanguage":"pt-BR","potentialAction":[{"@type":"CommentAction","name":"Comment","target":["https:\/\/iomodontologia.com.br\/index.php\/2019\/02\/11\/entendendo-por-que-os-dentes-mudam-de-cor-causas-e-tratamentos\/#respond"]}]},{"@type":"WebPage","@id":"https:\/\/iomodontologia.com.br\/index.php\/2019\/02\/11\/entendendo-por-que-os-dentes-mudam-de-cor-causas-e-tratamentos\/","url":"https:\/\/iomodontologia.com.br\/index.php\/2019\/02\/11\/entendendo-por-que-os-dentes-mudam-de-cor-causas-e-tratamentos\/","name":"Entenda por que os dentes mudam de cor - Causas e Tratamentos - IOM - INSTITUTO ODONTOL\u00d3GICO","isPartOf":{"@id":"https:\/\/iomodontologia.com.br\/#website"},"primaryImageOfPage":{"@id":"https:\/\/iomodontologia.com.br\/index.php\/2019\/02\/11\/entendendo-por-que-os-dentes-mudam-de-cor-causas-e-tratamentos\/#primaryimage"},"image":{"@id":"https:\/\/iomodontologia.com.br\/index.php\/2019\/02\/11\/entendendo-por-que-os-dentes-mudam-de-cor-causas-e-tratamentos\/#primaryimage"},"thumbnailUrl":"","datePublished":"2019-02-11T17:05:09+00:00","breadcrumb":{"@id":"https:\/\/iomodontologia.com.br\/index.php\/2019\/02\/11\/entendendo-por-que-os-dentes-mudam-de-cor-causas-e-tratamentos\/#breadcrumb"},"inLanguage":"pt-BR","potentialAction":[{"@type":"ReadAction","target":["https:\/\/iomodontologia.com.br\/index.php\/2019\/02\/11\/entendendo-por-que-os-dentes-mudam-de-cor-causas-e-tratamentos\/"]}]},{"@type":"ImageObject","inLanguage":"pt-BR","@id":"https:\/\/iomodontologia.com.br\/index.php\/2019\/02\/11\/entendendo-por-que-os-dentes-mudam-de-cor-causas-e-tratamentos\/#primaryimage","url":"","contentUrl":""},{"@type":"BreadcrumbList","@id":"https:\/\/iomodontologia.com.br\/index.php\/2019\/02\/11\/entendendo-por-que-os-dentes-mudam-de-cor-causas-e-tratamentos\/#breadcrumb","itemListElement":[{"@type":"ListItem","position":1,"name":"Home","item":"https:\/\/iomodontologia.com.br\/"},{"@type":"ListItem","position":2,"name":"Entenda por que os dentes mudam de cor &#8211; Causas e Tratamentos"}]},{"@type":"WebSite","@id":"https:\/\/iomodontologia.com.br\/#website","url":"https:\/\/iomodontologia.com.br\/","name":"IOM - INSTITUTO ODONTOL\u00d3GICO","description":"CL\u00cdNICA ODONTOL\u00d3GICA","publisher":{"@id":"https:\/\/iomodontologia.com.br\/#organization"},"potentialAction":[{"@type":"SearchAction","target":{"@type":"EntryPoint","urlTemplate":"https:\/\/iomodontologia.com.br\/?s={search_term_string}"},"query-input":{"@type":"PropertyValueSpecification","valueRequired":true,"valueName":"search_term_string"}}],"inLanguage":"pt-BR"},{"@type":"Organization","@id":"https:\/\/iomodontologia.com.br\/#organization","name":"IOM - Instituto Odontol\u00f3gico Mogiano","url":"https:\/\/iomodontologia.com.br\/","logo":{"@type":"ImageObject","inLanguage":"pt-BR","@id":"https:\/\/iomodontologia.com.br\/#\/schema\/logo\/image\/","url":"https:\/\/iomodontologia.com.br\/wp-content\/uploads\/2019\/11\/IOM-Logo-slogan.png","contentUrl":"https:\/\/iomodontologia.com.br\/wp-content\/uploads\/2019\/11\/IOM-Logo-slogan.png","width":2000,"height":858,"caption":"IOM - Instituto Odontol\u00f3gico Mogiano"},"image":{"@id":"https:\/\/iomodontologia.com.br\/#\/schema\/logo\/image\/"},"sameAs":["https:\/\/www.facebook.com\/iomodontologia","https:\/\/www.instagram.com\/iom.odonto"]},{"@type":"Person","@id":"https:\/\/iomodontologia.com.br\/#\/schema\/person\/2d8ae883d777958331a9492184992de0","name":"IOM","image":{"@type":"ImageObject","inLanguage":"pt-BR","@id":"https:\/\/iomodontologia.com.br\/#\/schema\/person\/image\/","url":"https:\/\/secure.gravatar.com\/avatar\/003dc2a3c14e0b6b5d63ec9413622bf8?s=96&d=mm&r=g","contentUrl":"https:\/\/secure.gravatar.com\/avatar\/003dc2a3c14e0b6b5d63ec9413622bf8?s=96&d=mm&r=g","caption":"IOM"},"sameAs":["http:\/\/taprontosite.com.br\/iom"],"url":"https:\/\/iomodontologia.com.br\/index.php\/author\/iom\/"}]}},"_links":{"self":[{"href":"https:\/\/iomodontologia.com.br\/index.php\/wp-json\/wp\/v2\/posts\/558","targetHints":{"allow":["GET"]}}],"collection":[{"href":"https:\/\/iomodontologia.com.br\/index.php\/wp-json\/wp\/v2\/posts"}],"about":[{"href":"https:\/\/iomodontologia.com.br\/index.php\/wp-json\/wp\/v2\/types\/post"}],"author":[{"embeddable":true,"href":"https:\/\/iomodontologia.com.br\/index.php\/wp-json\/wp\/v2\/users\/1"}],"replies":[{"embeddable":true,"href":"https:\/\/iomodontologia.com.br\/index.php\/wp-json\/wp\/v2\/comments?post=558"}],"version-history":[{"count":0,"href":"https:\/\/iomodontologia.com.br\/index.php\/wp-json\/wp\/v2\/posts\/558\/revisions"}],"wp:featuredmedia":[{"embeddable":true,"href":"https:\/\/iomodontologia.com.br\/index.php\/wp-json\/"}],"wp:attachment":[{"href":"https:\/\/iomodontologia.com.br\/index.php\/wp-json\/wp\/v2\/media?parent=558"}],"wp:term":[{"taxonomy":"category","embeddable":true,"href":"https:\/\/iomodontologia.com.br\/index.php\/wp-json\/wp\/v2\/categories?post=558"},{"taxonomy":"post_tag","embeddable":true,"href":"https:\/\/iomodontologia.com.br\/index.php\/wp-json\/wp\/v2\/tags?post=558"}],"curies":[{"name":"wp","href":"https:\/\/api.w.org\/{rel}","templated":true}]}}