{"id":543,"date":"2019-01-23T12:54:31","date_gmt":"2019-01-23T12:54:31","guid":{"rendered":"http:\/\/iomodontologia.com.br\/?p=543"},"modified":"2019-01-23T12:54:31","modified_gmt":"2019-01-23T12:54:31","slug":"fases-da-higiene-bucal-infantil","status":"publish","type":"post","link":"https:\/\/iomodontologia.com.br\/index.php\/2019\/01\/23\/fases-da-higiene-bucal-infantil\/","title":{"rendered":"Fases da Higiene Bucal Infantil &#8211; Recomenda\u00e7\u00f5es"},"content":{"rendered":"<p><strong>Recomenda\u00e7\u00f5es para a sa\u00fade bucal, fase 1 (4-24 meses)<\/strong><\/p>\n<p>Para evitar a acumula\u00e7\u00e3o da placa, que \u00e9 uma bact\u00e9ria suave e pegajosa que contem dep\u00f3sitos que se acumulam sobre os dentes e ocasionam c\u00e1ries, os pais devem come\u00e7ar com uma limpeza regular das gengivas do seu beb\u00ea rec\u00e9m-nascido com um pano \u00famido depois de aliment\u00e1-lo (seja com o peito ou mamadeira).Desde o aparecimento do primeiro dente, os pais devem escovar os dentes do seu filho durante dois minutos, duas vezes por dia, usando uma escova de dentes para crian\u00e7as de cerdas suaves e uma gota de creme dental sem fl\u00faor. Os pais devem consultar com seu pediatra sobre o melhor momento para que seus filhos visitem o odontologista, mas uma boa regra \u00e9: \u201ca primeira visita no seu primeiro aniversario\u201d. As visitas adicionais devem programar-se a cada seis meses, para garantir o bom desenvolvimento dental.<\/p>\n<p><strong>Recomenda\u00e7\u00f5es para a sa\u00fade bucal, fase 2 (2-4 anos)<\/strong><\/p>\n<p>As crian\u00e7as maiores de dos anos devem usar creme dental com fl\u00faor para ajudar a evitar a c\u00e1ries enquanto seus dentes se desenvolvem.Supervise a seu filho at\u00e9 que tenha adquirido bons h\u00e1bitos de escova\u00e7\u00e3o. Recomenda-se que o escove durante dois minutos, focando-se nos dentes que mais s\u00e3o usados durante a mastiga\u00e7\u00e3o e nos dentes posteriores, que \u00e9 onde geralmente se desenvolvem as primeiras c\u00e1ries. Sabemos que para muitas crian\u00e7as o fato de se limpar os dentes pode ser desagrad\u00e1vel, por isso proponho algumas dicas que ser\u00e3o de ajuda para que a escova\u00e7\u00e3o seja uma experi\u00eancia divertida para eles:<\/p>\n<p>Use uma escova de dentes que lhe seja atraente para um lactante cujos dentes est\u00e3o crescendo e que est\u00e1 aprendendo a escovar. Este tipo de escovas est\u00e1 projetado para alcan\u00e7ar todos os dentes efetivamente, com cabe\u00e7a estreita e cerdas regulares.Escove-se junto a seu filho para dar um bom exemplo. Isso ser\u00e1 muito \u00fatil, j\u00e1 que seu filho ter\u00e1 a oportunidade de observ\u00e1-lo e imit\u00e1-lo. Cante a can\u00e7\u00e3o favorita do seu filho, ou coloque uma m\u00fasica do seu cantor favorito, durante os dois minutos de dura\u00e7\u00e3o da escova\u00e7\u00e3o. Recite sua can\u00e7\u00e3o de ninar favorita, como \u201cOs pintinhos dizem&#8230;\u201d, quando estiver escovando os dentes.Os pais das crian\u00e7as maiores de dois anos devem estar alertas ao impacto que os h\u00e1bitos de consumo de alimentos e bebidas t\u00eam na sa\u00fade bucal, bem como na sa\u00fade geral. Os pais podem estimular h\u00e1bitos salud\u00e1veis, como limitar as bebidas a\u00e7ucaradas, eliminar o uso da mamadeira e oferecer a seus filhos algumas op\u00e7\u00f5es salud\u00e1veis de alimentos e merendas.<\/p>\n<p><strong>Recomenda\u00e7\u00f5es para a sa\u00fade bucal, fase 3 (5-7 anos)<\/strong><\/p>\n<p>Os dentes permanentes come\u00e7am a aparecer na idade de cinco anos, por isso \u00e9 importante usar um creme dental com fl\u00faor e uma escova de dentes.<\/p>\n<p><strong>Recomenda\u00e7\u00f5es para a sa\u00fade bucal, fase 4 (+8 anos)<\/strong><\/p>\n<p>As crian\u00e7as maiores de 8 anos devem usar um creme dental com fl\u00faor e uma escova de dentes projetado para uma complexa combina\u00e7\u00e3o de dentes permanentes e de leite de diferentes tamanhos.<\/p>\n<p>Fonte: oralb.com.br<\/p>\n<p><img decoding=\"async\" class=\"alignnone  wp-image-651\" src=\"https:\/\/iomodontologia.com.br\/wp-content\/uploads\/2019\/11\/logoface-300x300.png\" alt=\"\" width=\"52\" height=\"52\" srcset=\"https:\/\/iomodontologia.com.br\/wp-content\/uploads\/2019\/11\/logoface-300x300.png 300w, https:\/\/iomodontologia.com.br\/wp-content\/uploads\/2019\/11\/logoface-100x100.png 100w, https:\/\/iomodontologia.com.br\/wp-content\/uploads\/2019\/11\/logoface-150x150.png 150w, https:\/\/iomodontologia.com.br\/wp-content\/uploads\/2019\/11\/logoface.png 512w, https:\/\/iomodontologia.com.br\/wp-content\/uploads\/2019\/11\/logoface-65x65.png 65w, https:\/\/iomodontologia.com.br\/wp-content\/uploads\/2019\/11\/logoface-500x500.png 500w\" sizes=\"(max-width: 52px) 100vw, 52px\" \/> <a href=\"http:\/\/fb.com\/iomodontologia\/\" target=\"_blank\" rel=\"noopener noreferrer\">fb.com\/iomodontologia\/<\/a><\/p>\n<p><img decoding=\"async\" class=\"alignnone  wp-image-652\" src=\"https:\/\/iomodontologia.com.br\/wp-content\/uploads\/2019\/11\/01-300x300.png\" alt=\"\" width=\"54\" height=\"54\" srcset=\"https:\/\/iomodontologia.com.br\/wp-content\/uploads\/2019\/11\/01-300x300.png 300w, https:\/\/iomodontologia.com.br\/wp-content\/uploads\/2019\/11\/01-100x100.png 100w, https:\/\/iomodontologia.com.br\/wp-content\/uploads\/2019\/11\/01-600x603.png 600w, https:\/\/iomodontologia.com.br\/wp-content\/uploads\/2019\/11\/01-1019x1024.png 1019w, https:\/\/iomodontologia.com.br\/wp-content\/uploads\/2019\/11\/01-150x150.png 150w, https:\/\/iomodontologia.com.br\/wp-content\/uploads\/2019\/11\/01-768x772.png 768w, https:\/\/iomodontologia.com.br\/wp-content\/uploads\/2019\/11\/01-1529x1536.png 1529w, https:\/\/iomodontologia.com.br\/wp-content\/uploads\/2019\/11\/01-2038x2048.png 2038w, https:\/\/iomodontologia.com.br\/wp-content\/uploads\/2019\/11\/01-65x65.png 65w, https:\/\/iomodontologia.com.br\/wp-content\/uploads\/2019\/11\/01-500x500.png 500w, https:\/\/iomodontologia.com.br\/wp-content\/uploads\/2019\/11\/01-580x583.png 580w, https:\/\/iomodontologia.com.br\/wp-content\/uploads\/2019\/11\/01-860x864.png 860w, https:\/\/iomodontologia.com.br\/wp-content\/uploads\/2019\/11\/01-1160x1165.png 1160w, https:\/\/iomodontologia.com.br\/wp-content\/uploads\/2019\/11\/01-1320x1326.png 1320w\" sizes=\"(max-width: 54px) 100vw, 54px\" \/> <a href=\"http:\/\/api.whatsapp.com\/send?phone=5511984450119&amp;text=Ol\u00e1\" target=\"_blank\" rel=\"noopener noreferrer\">(11) 98445.0119<\/a><\/p>\n<figure id=\"attachment_650\" aria-describedby=\"caption-attachment-650\" style=\"width: 300px\" class=\"wp-caption alignnone\"><img decoding=\"async\" class=\"size-medium wp-image-650\" src=\"https:\/\/iomodontologia.com.br\/wp-content\/uploads\/2019\/11\/IOM-Logo-slogan-300x129.png\" alt=\"\" width=\"300\" height=\"129\" srcset=\"https:\/\/iomodontologia.com.br\/wp-content\/uploads\/2019\/11\/IOM-Logo-slogan-300x129.png 300w, https:\/\/iomodontologia.com.br\/wp-content\/uploads\/2019\/11\/IOM-Logo-slogan-600x257.png 600w, https:\/\/iomodontologia.com.br\/wp-content\/uploads\/2019\/11\/IOM-Logo-slogan-1024x439.png 1024w, https:\/\/iomodontologia.com.br\/wp-content\/uploads\/2019\/11\/IOM-Logo-slogan-768x329.png 768w, https:\/\/iomodontologia.com.br\/wp-content\/uploads\/2019\/11\/IOM-Logo-slogan-1536x659.png 1536w, https:\/\/iomodontologia.com.br\/wp-content\/uploads\/2019\/11\/IOM-Logo-slogan-580x249.png 580w, https:\/\/iomodontologia.com.br\/wp-content\/uploads\/2019\/11\/IOM-Logo-slogan-860x369.png 860w, https:\/\/iomodontologia.com.br\/wp-content\/uploads\/2019\/11\/IOM-Logo-slogan-1160x498.png 1160w, https:\/\/iomodontologia.com.br\/wp-content\/uploads\/2019\/11\/IOM-Logo-slogan-1320x566.png 1320w, https:\/\/iomodontologia.com.br\/wp-content\/uploads\/2019\/11\/IOM-Logo-slogan.png 2000w\" sizes=\"(max-width: 300px) 100vw, 300px\" \/><figcaption id=\"caption-attachment-650\" class=\"wp-caption-text\">IOM Instituto Odontol\u00f3gico Mogiano<\/figcaption><\/figure>\n","protected":false},"excerpt":{"rendered":"<p>Recomenda\u00e7\u00f5es para a sa\u00fade bucal, fase 1 (4-24 meses) Para evitar a acumula\u00e7\u00e3o da placa, que \u00e9 uma bact\u00e9ria suave e pegajosa que contem dep\u00f3sitos que se acumulam sobre os dentes e ocasionam c\u00e1ries, os pais devem come\u00e7ar com uma limpeza regular das gengivas do seu beb\u00ea rec\u00e9m-nascido com um pano \u00famido depois de aliment\u00e1-lo&#8230;<\/p>\n","protected":false},"author":1,"featured_media":544,"comment_status":"open","ping_status":"open","sticky":false,"template":"","format":"standard","meta":{"_joinchat":[],"footnotes":""},"categories":[61],"tags":[],"class_list":["post-543","post","type-post","status-publish","format-standard","has-post-thumbnail","hentry","category-artigos"],"yoast_head":"<!-- This site is optimized with the Yoast SEO plugin v26.8 - https:\/\/yoast.com\/product\/yoast-seo-wordpress\/ -->\n<title>Fases da Higiene Bucal Infantil - Recomenda\u00e7\u00f5es - IOM - INSTITUTO ODONTOL\u00d3GICO<\/title>\n<meta name=\"robots\" content=\"index, follow, max-snippet:-1, max-image-preview:large, max-video-preview:-1\" \/>\n<link rel=\"canonical\" href=\"https:\/\/iomodontologia.com.br\/index.php\/2019\/01\/23\/fases-da-higiene-bucal-infantil\/\" \/>\n<meta property=\"og:locale\" content=\"pt_BR\" \/>\n<meta property=\"og:type\" content=\"article\" \/>\n<meta property=\"og:title\" content=\"Fases da Higiene Bucal Infantil - Recomenda\u00e7\u00f5es - IOM - INSTITUTO ODONTOL\u00d3GICO\" \/>\n<meta property=\"og:description\" content=\"Recomenda\u00e7\u00f5es para a sa\u00fade bucal, fase 1 (4-24 meses) Para evitar a acumula\u00e7\u00e3o da placa, que \u00e9 uma bact\u00e9ria suave e pegajosa que contem dep\u00f3sitos que se acumulam sobre os dentes e ocasionam c\u00e1ries, os pais devem come\u00e7ar com uma limpeza regular das gengivas do seu beb\u00ea rec\u00e9m-nascido com um pano \u00famido depois de aliment\u00e1-lo...\" \/>\n<meta property=\"og:url\" content=\"https:\/\/iomodontologia.com.br\/index.php\/2019\/01\/23\/fases-da-higiene-bucal-infantil\/\" \/>\n<meta property=\"og:site_name\" content=\"IOM - INSTITUTO ODONTOL\u00d3GICO\" \/>\n<meta property=\"article:publisher\" content=\"https:\/\/www.facebook.com\/iomodontologia\" \/>\n<meta property=\"article:published_time\" content=\"2019-01-23T12:54:31+00:00\" \/>\n<meta property=\"og:image\" content=\"https:\/\/iomodontologia.com.br\/wp-content\/uploads\/2019\/01\/25-01_POST_HIGIENE_BUCAL_INFANTIL-e1548248016292.jpg\" \/>\n\t<meta property=\"og:image:width\" content=\"1080\" \/>\n\t<meta property=\"og:image:height\" content=\"756\" \/>\n\t<meta property=\"og:image:type\" content=\"image\/jpeg\" \/>\n<meta name=\"author\" content=\"IOM\" \/>\n<meta name=\"twitter:card\" content=\"summary_large_image\" \/>\n<meta name=\"twitter:label1\" content=\"Escrito por\" \/>\n\t<meta name=\"twitter:data1\" content=\"IOM\" \/>\n\t<meta name=\"twitter:label2\" content=\"Est. tempo de leitura\" \/>\n\t<meta name=\"twitter:data2\" content=\"3 minutos\" \/>\n<script type=\"application\/ld+json\" class=\"yoast-schema-graph\">{\"@context\":\"https:\/\/schema.org\",\"@graph\":[{\"@type\":\"Article\",\"@id\":\"https:\/\/iomodontologia.com.br\/index.php\/2019\/01\/23\/fases-da-higiene-bucal-infantil\/#article\",\"isPartOf\":{\"@id\":\"https:\/\/iomodontologia.com.br\/index.php\/2019\/01\/23\/fases-da-higiene-bucal-infantil\/\"},\"author\":{\"name\":\"IOM\",\"@id\":\"https:\/\/iomodontologia.com.br\/#\/schema\/person\/2d8ae883d777958331a9492184992de0\"},\"headline\":\"Fases da Higiene Bucal Infantil &#8211; Recomenda\u00e7\u00f5es\",\"datePublished\":\"2019-01-23T12:54:31+00:00\",\"mainEntityOfPage\":{\"@id\":\"https:\/\/iomodontologia.com.br\/index.php\/2019\/01\/23\/fases-da-higiene-bucal-infantil\/\"},\"wordCount\":564,\"commentCount\":0,\"publisher\":{\"@id\":\"https:\/\/iomodontologia.com.br\/#organization\"},\"image\":{\"@id\":\"https:\/\/iomodontologia.com.br\/index.php\/2019\/01\/23\/fases-da-higiene-bucal-infantil\/#primaryimage\"},\"thumbnailUrl\":\"https:\/\/iomodontologia.com.br\/wp-content\/uploads\/2019\/01\/25-01_POST_HIGIENE_BUCAL_INFANTIL-e1548248016292.jpg\",\"articleSection\":[\"Artigos\"],\"inLanguage\":\"pt-BR\",\"potentialAction\":[{\"@type\":\"CommentAction\",\"name\":\"Comment\",\"target\":[\"https:\/\/iomodontologia.com.br\/index.php\/2019\/01\/23\/fases-da-higiene-bucal-infantil\/#respond\"]}]},{\"@type\":\"WebPage\",\"@id\":\"https:\/\/iomodontologia.com.br\/index.php\/2019\/01\/23\/fases-da-higiene-bucal-infantil\/\",\"url\":\"https:\/\/iomodontologia.com.br\/index.php\/2019\/01\/23\/fases-da-higiene-bucal-infantil\/\",\"name\":\"Fases da Higiene Bucal Infantil - Recomenda\u00e7\u00f5es - IOM - INSTITUTO ODONTOL\u00d3GICO\",\"isPartOf\":{\"@id\":\"https:\/\/iomodontologia.com.br\/#website\"},\"primaryImageOfPage\":{\"@id\":\"https:\/\/iomodontologia.com.br\/index.php\/2019\/01\/23\/fases-da-higiene-bucal-infantil\/#primaryimage\"},\"image\":{\"@id\":\"https:\/\/iomodontologia.com.br\/index.php\/2019\/01\/23\/fases-da-higiene-bucal-infantil\/#primaryimage\"},\"thumbnailUrl\":\"https:\/\/iomodontologia.com.br\/wp-content\/uploads\/2019\/01\/25-01_POST_HIGIENE_BUCAL_INFANTIL-e1548248016292.jpg\",\"datePublished\":\"2019-01-23T12:54:31+00:00\",\"breadcrumb\":{\"@id\":\"https:\/\/iomodontologia.com.br\/index.php\/2019\/01\/23\/fases-da-higiene-bucal-infantil\/#breadcrumb\"},\"inLanguage\":\"pt-BR\",\"potentialAction\":[{\"@type\":\"ReadAction\",\"target\":[\"https:\/\/iomodontologia.com.br\/index.php\/2019\/01\/23\/fases-da-higiene-bucal-infantil\/\"]}]},{\"@type\":\"ImageObject\",\"inLanguage\":\"pt-BR\",\"@id\":\"https:\/\/iomodontologia.com.br\/index.php\/2019\/01\/23\/fases-da-higiene-bucal-infantil\/#primaryimage\",\"url\":\"https:\/\/iomodontologia.com.br\/wp-content\/uploads\/2019\/01\/25-01_POST_HIGIENE_BUCAL_INFANTIL-e1548248016292.jpg\",\"contentUrl\":\"https:\/\/iomodontologia.com.br\/wp-content\/uploads\/2019\/01\/25-01_POST_HIGIENE_BUCAL_INFANTIL-e1548248016292.jpg\",\"width\":1080,\"height\":756,\"caption\":\"higiene bucal infantil\"},{\"@type\":\"BreadcrumbList\",\"@id\":\"https:\/\/iomodontologia.com.br\/index.php\/2019\/01\/23\/fases-da-higiene-bucal-infantil\/#breadcrumb\",\"itemListElement\":[{\"@type\":\"ListItem\",\"position\":1,\"name\":\"Home\",\"item\":\"https:\/\/iomodontologia.com.br\/\"},{\"@type\":\"ListItem\",\"position\":2,\"name\":\"Fases da Higiene Bucal Infantil &#8211; Recomenda\u00e7\u00f5es\"}]},{\"@type\":\"WebSite\",\"@id\":\"https:\/\/iomodontologia.com.br\/#website\",\"url\":\"https:\/\/iomodontologia.com.br\/\",\"name\":\"IOM - INSTITUTO ODONTOL\u00d3GICO\",\"description\":\"CL\u00cdNICA ODONTOL\u00d3GICA\",\"publisher\":{\"@id\":\"https:\/\/iomodontologia.com.br\/#organization\"},\"potentialAction\":[{\"@type\":\"SearchAction\",\"target\":{\"@type\":\"EntryPoint\",\"urlTemplate\":\"https:\/\/iomodontologia.com.br\/?s={search_term_string}\"},\"query-input\":{\"@type\":\"PropertyValueSpecification\",\"valueRequired\":true,\"valueName\":\"search_term_string\"}}],\"inLanguage\":\"pt-BR\"},{\"@type\":\"Organization\",\"@id\":\"https:\/\/iomodontologia.com.br\/#organization\",\"name\":\"IOM - Instituto Odontol\u00f3gico Mogiano\",\"url\":\"https:\/\/iomodontologia.com.br\/\",\"logo\":{\"@type\":\"ImageObject\",\"inLanguage\":\"pt-BR\",\"@id\":\"https:\/\/iomodontologia.com.br\/#\/schema\/logo\/image\/\",\"url\":\"https:\/\/iomodontologia.com.br\/wp-content\/uploads\/2019\/11\/IOM-Logo-slogan.png\",\"contentUrl\":\"https:\/\/iomodontologia.com.br\/wp-content\/uploads\/2019\/11\/IOM-Logo-slogan.png\",\"width\":2000,\"height\":858,\"caption\":\"IOM - Instituto Odontol\u00f3gico Mogiano\"},\"image\":{\"@id\":\"https:\/\/iomodontologia.com.br\/#\/schema\/logo\/image\/\"},\"sameAs\":[\"https:\/\/www.facebook.com\/iomodontologia\",\"https:\/\/www.instagram.com\/iom.odonto\"]},{\"@type\":\"Person\",\"@id\":\"https:\/\/iomodontologia.com.br\/#\/schema\/person\/2d8ae883d777958331a9492184992de0\",\"name\":\"IOM\",\"image\":{\"@type\":\"ImageObject\",\"inLanguage\":\"pt-BR\",\"@id\":\"https:\/\/iomodontologia.com.br\/#\/schema\/person\/image\/\",\"url\":\"https:\/\/secure.gravatar.com\/avatar\/003dc2a3c14e0b6b5d63ec9413622bf8?s=96&d=mm&r=g\",\"contentUrl\":\"https:\/\/secure.gravatar.com\/avatar\/003dc2a3c14e0b6b5d63ec9413622bf8?s=96&d=mm&r=g\",\"caption\":\"IOM\"},\"sameAs\":[\"http:\/\/taprontosite.com.br\/iom\"],\"url\":\"https:\/\/iomodontologia.com.br\/index.php\/author\/iom\/\"}]}<\/script>\n<!-- \/ Yoast SEO plugin. -->","yoast_head_json":{"title":"Fases da Higiene Bucal Infantil - Recomenda\u00e7\u00f5es - IOM - INSTITUTO ODONTOL\u00d3GICO","robots":{"index":"index","follow":"follow","max-snippet":"max-snippet:-1","max-image-preview":"max-image-preview:large","max-video-preview":"max-video-preview:-1"},"canonical":"https:\/\/iomodontologia.com.br\/index.php\/2019\/01\/23\/fases-da-higiene-bucal-infantil\/","og_locale":"pt_BR","og_type":"article","og_title":"Fases da Higiene Bucal Infantil - Recomenda\u00e7\u00f5es - IOM - INSTITUTO ODONTOL\u00d3GICO","og_description":"Recomenda\u00e7\u00f5es para a sa\u00fade bucal, fase 1 (4-24 meses) Para evitar a acumula\u00e7\u00e3o da placa, que \u00e9 uma bact\u00e9ria suave e pegajosa que contem dep\u00f3sitos que se acumulam sobre os dentes e ocasionam c\u00e1ries, os pais devem come\u00e7ar com uma limpeza regular das gengivas do seu beb\u00ea rec\u00e9m-nascido com um pano \u00famido depois de aliment\u00e1-lo...","og_url":"https:\/\/iomodontologia.com.br\/index.php\/2019\/01\/23\/fases-da-higiene-bucal-infantil\/","og_site_name":"IOM - INSTITUTO ODONTOL\u00d3GICO","article_publisher":"https:\/\/www.facebook.com\/iomodontologia","article_published_time":"2019-01-23T12:54:31+00:00","og_image":[{"width":1080,"height":756,"url":"https:\/\/iomodontologia.com.br\/wp-content\/uploads\/2019\/01\/25-01_POST_HIGIENE_BUCAL_INFANTIL-e1548248016292.jpg","type":"image\/jpeg"}],"author":"IOM","twitter_card":"summary_large_image","twitter_misc":{"Escrito por":"IOM","Est. tempo de leitura":"3 minutos"},"schema":{"@context":"https:\/\/schema.org","@graph":[{"@type":"Article","@id":"https:\/\/iomodontologia.com.br\/index.php\/2019\/01\/23\/fases-da-higiene-bucal-infantil\/#article","isPartOf":{"@id":"https:\/\/iomodontologia.com.br\/index.php\/2019\/01\/23\/fases-da-higiene-bucal-infantil\/"},"author":{"name":"IOM","@id":"https:\/\/iomodontologia.com.br\/#\/schema\/person\/2d8ae883d777958331a9492184992de0"},"headline":"Fases da Higiene Bucal Infantil &#8211; Recomenda\u00e7\u00f5es","datePublished":"2019-01-23T12:54:31+00:00","mainEntityOfPage":{"@id":"https:\/\/iomodontologia.com.br\/index.php\/2019\/01\/23\/fases-da-higiene-bucal-infantil\/"},"wordCount":564,"commentCount":0,"publisher":{"@id":"https:\/\/iomodontologia.com.br\/#organization"},"image":{"@id":"https:\/\/iomodontologia.com.br\/index.php\/2019\/01\/23\/fases-da-higiene-bucal-infantil\/#primaryimage"},"thumbnailUrl":"https:\/\/iomodontologia.com.br\/wp-content\/uploads\/2019\/01\/25-01_POST_HIGIENE_BUCAL_INFANTIL-e1548248016292.jpg","articleSection":["Artigos"],"inLanguage":"pt-BR","potentialAction":[{"@type":"CommentAction","name":"Comment","target":["https:\/\/iomodontologia.com.br\/index.php\/2019\/01\/23\/fases-da-higiene-bucal-infantil\/#respond"]}]},{"@type":"WebPage","@id":"https:\/\/iomodontologia.com.br\/index.php\/2019\/01\/23\/fases-da-higiene-bucal-infantil\/","url":"https:\/\/iomodontologia.com.br\/index.php\/2019\/01\/23\/fases-da-higiene-bucal-infantil\/","name":"Fases da Higiene Bucal Infantil - Recomenda\u00e7\u00f5es - IOM - INSTITUTO ODONTOL\u00d3GICO","isPartOf":{"@id":"https:\/\/iomodontologia.com.br\/#website"},"primaryImageOfPage":{"@id":"https:\/\/iomodontologia.com.br\/index.php\/2019\/01\/23\/fases-da-higiene-bucal-infantil\/#primaryimage"},"image":{"@id":"https:\/\/iomodontologia.com.br\/index.php\/2019\/01\/23\/fases-da-higiene-bucal-infantil\/#primaryimage"},"thumbnailUrl":"https:\/\/iomodontologia.com.br\/wp-content\/uploads\/2019\/01\/25-01_POST_HIGIENE_BUCAL_INFANTIL-e1548248016292.jpg","datePublished":"2019-01-23T12:54:31+00:00","breadcrumb":{"@id":"https:\/\/iomodontologia.com.br\/index.php\/2019\/01\/23\/fases-da-higiene-bucal-infantil\/#breadcrumb"},"inLanguage":"pt-BR","potentialAction":[{"@type":"ReadAction","target":["https:\/\/iomodontologia.com.br\/index.php\/2019\/01\/23\/fases-da-higiene-bucal-infantil\/"]}]},{"@type":"ImageObject","inLanguage":"pt-BR","@id":"https:\/\/iomodontologia.com.br\/index.php\/2019\/01\/23\/fases-da-higiene-bucal-infantil\/#primaryimage","url":"https:\/\/iomodontologia.com.br\/wp-content\/uploads\/2019\/01\/25-01_POST_HIGIENE_BUCAL_INFANTIL-e1548248016292.jpg","contentUrl":"https:\/\/iomodontologia.com.br\/wp-content\/uploads\/2019\/01\/25-01_POST_HIGIENE_BUCAL_INFANTIL-e1548248016292.jpg","width":1080,"height":756,"caption":"higiene bucal infantil"},{"@type":"BreadcrumbList","@id":"https:\/\/iomodontologia.com.br\/index.php\/2019\/01\/23\/fases-da-higiene-bucal-infantil\/#breadcrumb","itemListElement":[{"@type":"ListItem","position":1,"name":"Home","item":"https:\/\/iomodontologia.com.br\/"},{"@type":"ListItem","position":2,"name":"Fases da Higiene Bucal Infantil &#8211; Recomenda\u00e7\u00f5es"}]},{"@type":"WebSite","@id":"https:\/\/iomodontologia.com.br\/#website","url":"https:\/\/iomodontologia.com.br\/","name":"IOM - INSTITUTO ODONTOL\u00d3GICO","description":"CL\u00cdNICA ODONTOL\u00d3GICA","publisher":{"@id":"https:\/\/iomodontologia.com.br\/#organization"},"potentialAction":[{"@type":"SearchAction","target":{"@type":"EntryPoint","urlTemplate":"https:\/\/iomodontologia.com.br\/?s={search_term_string}"},"query-input":{"@type":"PropertyValueSpecification","valueRequired":true,"valueName":"search_term_string"}}],"inLanguage":"pt-BR"},{"@type":"Organization","@id":"https:\/\/iomodontologia.com.br\/#organization","name":"IOM - Instituto Odontol\u00f3gico Mogiano","url":"https:\/\/iomodontologia.com.br\/","logo":{"@type":"ImageObject","inLanguage":"pt-BR","@id":"https:\/\/iomodontologia.com.br\/#\/schema\/logo\/image\/","url":"https:\/\/iomodontologia.com.br\/wp-content\/uploads\/2019\/11\/IOM-Logo-slogan.png","contentUrl":"https:\/\/iomodontologia.com.br\/wp-content\/uploads\/2019\/11\/IOM-Logo-slogan.png","width":2000,"height":858,"caption":"IOM - Instituto Odontol\u00f3gico Mogiano"},"image":{"@id":"https:\/\/iomodontologia.com.br\/#\/schema\/logo\/image\/"},"sameAs":["https:\/\/www.facebook.com\/iomodontologia","https:\/\/www.instagram.com\/iom.odonto"]},{"@type":"Person","@id":"https:\/\/iomodontologia.com.br\/#\/schema\/person\/2d8ae883d777958331a9492184992de0","name":"IOM","image":{"@type":"ImageObject","inLanguage":"pt-BR","@id":"https:\/\/iomodontologia.com.br\/#\/schema\/person\/image\/","url":"https:\/\/secure.gravatar.com\/avatar\/003dc2a3c14e0b6b5d63ec9413622bf8?s=96&d=mm&r=g","contentUrl":"https:\/\/secure.gravatar.com\/avatar\/003dc2a3c14e0b6b5d63ec9413622bf8?s=96&d=mm&r=g","caption":"IOM"},"sameAs":["http:\/\/taprontosite.com.br\/iom"],"url":"https:\/\/iomodontologia.com.br\/index.php\/author\/iom\/"}]}},"_links":{"self":[{"href":"https:\/\/iomodontologia.com.br\/index.php\/wp-json\/wp\/v2\/posts\/543","targetHints":{"allow":["GET"]}}],"collection":[{"href":"https:\/\/iomodontologia.com.br\/index.php\/wp-json\/wp\/v2\/posts"}],"about":[{"href":"https:\/\/iomodontologia.com.br\/index.php\/wp-json\/wp\/v2\/types\/post"}],"author":[{"embeddable":true,"href":"https:\/\/iomodontologia.com.br\/index.php\/wp-json\/wp\/v2\/users\/1"}],"replies":[{"embeddable":true,"href":"https:\/\/iomodontologia.com.br\/index.php\/wp-json\/wp\/v2\/comments?post=543"}],"version-history":[{"count":0,"href":"https:\/\/iomodontologia.com.br\/index.php\/wp-json\/wp\/v2\/posts\/543\/revisions"}],"wp:featuredmedia":[{"embeddable":true,"href":"https:\/\/iomodontologia.com.br\/index.php\/wp-json\/wp\/v2\/media\/544"}],"wp:attachment":[{"href":"https:\/\/iomodontologia.com.br\/index.php\/wp-json\/wp\/v2\/media?parent=543"}],"wp:term":[{"taxonomy":"category","embeddable":true,"href":"https:\/\/iomodontologia.com.br\/index.php\/wp-json\/wp\/v2\/categories?post=543"},{"taxonomy":"post_tag","embeddable":true,"href":"https:\/\/iomodontologia.com.br\/index.php\/wp-json\/wp\/v2\/tags?post=543"}],"curies":[{"name":"wp","href":"https:\/\/api.w.org\/{rel}","templated":true}]}}