{"id":539,"date":"2019-01-22T18:06:07","date_gmt":"2019-01-22T18:06:07","guid":{"rendered":"http:\/\/iomodontologia.com.br\/?p=539"},"modified":"2019-01-22T18:06:07","modified_gmt":"2019-01-22T18:06:07","slug":"cuidado-dental-durante-gravidez","status":"publish","type":"post","link":"https:\/\/iomodontologia.com.br\/index.php\/2019\/01\/22\/cuidado-dental-durante-gravidez\/","title":{"rendered":"Cuidado dental durante a gravidez"},"content":{"rendered":"<p>Se voc\u00ea est\u00e1 gr\u00e1vida, seu dentista precisa saber sobre os primeiros ind\u00edcios de sintomas de doen\u00e7a das gengivas. As mulheres gr\u00e1vidas t\u00eam um risco maior de sofrer de doen\u00e7a periodontal, j\u00e1 que os altos n\u00edveis de progesterona t\u00edpicos da gravidez podem gerar uma resposta exagerada \u00e0s bact\u00e9rias da placa dental. \u00c9 por isso que, as mulheres gr\u00e1vidas s\u00e3o mais propensas a desenvolver gengivite, inclusive se s\u00e3o constantes na sua rutina de cuidado bucal.<\/p>\n<p>A gengivite \u00e9 mais comum durante o segundo e oitavo m\u00eas de gravidez. Fale para seu dentista que voc\u00ea est\u00e1 gr\u00e1vida, e assim ele poder\u00e1 lhe recomendar limpezas dentais mais regulares, durante o segundo trimestre ou ao iniciar o terceiro trimestre de gravidez, para ajudar a combater os efeitos dos n\u00edveis elevados de progesterona e assim evitar a gengivite.<\/p>\n<p>Igualmente, uma dieta balanceada durante a gravidez lhe ajudar\u00e1 a ter uma boa sa\u00fade bucal e geral tanto para voc\u00ea quanto para seu beb\u00ea. Os dentes dos beb\u00eas come\u00e7am a se desenvolver entre o terceiro e o sexto m\u00eas de gravidez; ent\u00e3o, se certifique de consumir suficiente c\u00e1lcio, vitamina D, vitamina C, vitamina A, f\u00f3sforo e prote\u00ednas.<\/p>\n<p>O fato de uma mulher perder c\u00e1lcio dos dentes por n\u00e3o consumir o suficiente na sua dieta durante a gravidez, \u00e9 um mito, de fato, qualquer perda de c\u00e1lcio por uma dieta inadequada acontecer\u00e1 nos ossos da mulher e n\u00e3o em seus dentes. Por isso, se uma mulher inclui suficiente c\u00e1lcio na sua dieta durante a gravidez, seus dentes e ossos (e os do seu beb\u00ea) ser\u00e3o fortes e sadios.<\/p>\n<p>Fonte: oralb.com.br<\/p>\n<p><img decoding=\"async\" class=\"alignnone wp-image-651\" src=\"https:\/\/iomodontologia.com.br\/wp-content\/uploads\/2019\/11\/logoface-300x300.png\" alt=\"\" width=\"55\" height=\"55\" srcset=\"https:\/\/iomodontologia.com.br\/wp-content\/uploads\/2019\/11\/logoface-300x300.png 300w, https:\/\/iomodontologia.com.br\/wp-content\/uploads\/2019\/11\/logoface-100x100.png 100w, https:\/\/iomodontologia.com.br\/wp-content\/uploads\/2019\/11\/logoface-150x150.png 150w, https:\/\/iomodontologia.com.br\/wp-content\/uploads\/2019\/11\/logoface.png 512w, https:\/\/iomodontologia.com.br\/wp-content\/uploads\/2019\/11\/logoface-65x65.png 65w, https:\/\/iomodontologia.com.br\/wp-content\/uploads\/2019\/11\/logoface-500x500.png 500w\" sizes=\"(max-width: 55px) 100vw, 55px\" \/> <a href=\"http:\/\/fb.com\/iomodontologia\/\" target=\"_blank\" rel=\"noopener noreferrer\">fb.com\/iomodontologia\/<\/a><\/p>\n<p><img decoding=\"async\" class=\"alignnone wp-image-652\" src=\"https:\/\/iomodontologia.com.br\/wp-content\/uploads\/2019\/11\/01-300x300.png\" alt=\"\" width=\"59\" height=\"59\" srcset=\"https:\/\/iomodontologia.com.br\/wp-content\/uploads\/2019\/11\/01-300x300.png 300w, https:\/\/iomodontologia.com.br\/wp-content\/uploads\/2019\/11\/01-100x100.png 100w, https:\/\/iomodontologia.com.br\/wp-content\/uploads\/2019\/11\/01-600x603.png 600w, https:\/\/iomodontologia.com.br\/wp-content\/uploads\/2019\/11\/01-1019x1024.png 1019w, https:\/\/iomodontologia.com.br\/wp-content\/uploads\/2019\/11\/01-150x150.png 150w, https:\/\/iomodontologia.com.br\/wp-content\/uploads\/2019\/11\/01-768x772.png 768w, https:\/\/iomodontologia.com.br\/wp-content\/uploads\/2019\/11\/01-1529x1536.png 1529w, https:\/\/iomodontologia.com.br\/wp-content\/uploads\/2019\/11\/01-2038x2048.png 2038w, https:\/\/iomodontologia.com.br\/wp-content\/uploads\/2019\/11\/01-65x65.png 65w, https:\/\/iomodontologia.com.br\/wp-content\/uploads\/2019\/11\/01-500x500.png 500w, https:\/\/iomodontologia.com.br\/wp-content\/uploads\/2019\/11\/01-580x583.png 580w, https:\/\/iomodontologia.com.br\/wp-content\/uploads\/2019\/11\/01-860x864.png 860w, https:\/\/iomodontologia.com.br\/wp-content\/uploads\/2019\/11\/01-1160x1165.png 1160w, https:\/\/iomodontologia.com.br\/wp-content\/uploads\/2019\/11\/01-1320x1326.png 1320w\" sizes=\"(max-width: 59px) 100vw, 59px\" \/> <a href=\"http:\/\/api.whatsapp.com\/send?phone=5511984450119&amp;text=Ol\u00e1\" target=\"_blank\" rel=\"noopener noreferrer\">(11) 98445.0119<\/a><\/p>\n<figure id=\"attachment_650\" aria-describedby=\"caption-attachment-650\" style=\"width: 300px\" class=\"wp-caption alignnone\"><img decoding=\"async\" class=\"size-medium wp-image-650\" src=\"https:\/\/iomodontologia.com.br\/wp-content\/uploads\/2019\/11\/IOM-Logo-slogan-300x129.png\" alt=\"\" width=\"300\" height=\"129\" srcset=\"https:\/\/iomodontologia.com.br\/wp-content\/uploads\/2019\/11\/IOM-Logo-slogan-300x129.png 300w, https:\/\/iomodontologia.com.br\/wp-content\/uploads\/2019\/11\/IOM-Logo-slogan-600x257.png 600w, https:\/\/iomodontologia.com.br\/wp-content\/uploads\/2019\/11\/IOM-Logo-slogan-1024x439.png 1024w, https:\/\/iomodontologia.com.br\/wp-content\/uploads\/2019\/11\/IOM-Logo-slogan-768x329.png 768w, https:\/\/iomodontologia.com.br\/wp-content\/uploads\/2019\/11\/IOM-Logo-slogan-1536x659.png 1536w, https:\/\/iomodontologia.com.br\/wp-content\/uploads\/2019\/11\/IOM-Logo-slogan-580x249.png 580w, https:\/\/iomodontologia.com.br\/wp-content\/uploads\/2019\/11\/IOM-Logo-slogan-860x369.png 860w, https:\/\/iomodontologia.com.br\/wp-content\/uploads\/2019\/11\/IOM-Logo-slogan-1160x498.png 1160w, https:\/\/iomodontologia.com.br\/wp-content\/uploads\/2019\/11\/IOM-Logo-slogan-1320x566.png 1320w, https:\/\/iomodontologia.com.br\/wp-content\/uploads\/2019\/11\/IOM-Logo-slogan.png 2000w\" sizes=\"(max-width: 300px) 100vw, 300px\" \/><figcaption id=\"caption-attachment-650\" class=\"wp-caption-text\">IOM Instituto Odontol\u00f3gico Mogiano<\/figcaption><\/figure>\n","protected":false},"excerpt":{"rendered":"<p>Se voc\u00ea est\u00e1 gr\u00e1vida, seu dentista precisa saber sobre os primeiros ind\u00edcios de sintomas de doen\u00e7a das gengivas. As mulheres gr\u00e1vidas t\u00eam um risco maior de sofrer de doen\u00e7a periodontal, j\u00e1 que os altos n\u00edveis de progesterona t\u00edpicos da gravidez podem gerar uma resposta exagerada \u00e0s bact\u00e9rias da placa dental. \u00c9 por isso que, as&#8230;<\/p>\n","protected":false},"author":1,"featured_media":542,"comment_status":"open","ping_status":"open","sticky":false,"template":"","format":"standard","meta":{"_joinchat":[],"footnotes":""},"categories":[61],"tags":[],"class_list":["post-539","post","type-post","status-publish","format-standard","has-post-thumbnail","hentry","category-artigos"],"yoast_head":"<!-- This site is optimized with the Yoast SEO plugin v26.8 - https:\/\/yoast.com\/product\/yoast-seo-wordpress\/ -->\n<title>Cuidado dental durante a gravidez - IOM - INSTITUTO ODONTOL\u00d3GICO<\/title>\n<meta name=\"robots\" content=\"index, follow, max-snippet:-1, max-image-preview:large, max-video-preview:-1\" \/>\n<link rel=\"canonical\" href=\"https:\/\/iomodontologia.com.br\/index.php\/2019\/01\/22\/cuidado-dental-durante-gravidez\/\" \/>\n<meta property=\"og:locale\" content=\"pt_BR\" \/>\n<meta property=\"og:type\" content=\"article\" \/>\n<meta property=\"og:title\" content=\"Cuidado dental durante a gravidez - IOM - INSTITUTO ODONTOL\u00d3GICO\" \/>\n<meta property=\"og:description\" content=\"Se voc\u00ea est\u00e1 gr\u00e1vida, seu dentista precisa saber sobre os primeiros ind\u00edcios de sintomas de doen\u00e7a das gengivas. As mulheres gr\u00e1vidas t\u00eam um risco maior de sofrer de doen\u00e7a periodontal, j\u00e1 que os altos n\u00edveis de progesterona t\u00edpicos da gravidez podem gerar uma resposta exagerada \u00e0s bact\u00e9rias da placa dental. \u00c9 por isso que, as...\" \/>\n<meta property=\"og:url\" content=\"https:\/\/iomodontologia.com.br\/index.php\/2019\/01\/22\/cuidado-dental-durante-gravidez\/\" \/>\n<meta property=\"og:site_name\" content=\"IOM - INSTITUTO ODONTOL\u00d3GICO\" \/>\n<meta property=\"article:publisher\" content=\"https:\/\/www.facebook.com\/iomodontologia\" \/>\n<meta property=\"article:published_time\" content=\"2019-01-22T18:06:07+00:00\" \/>\n<meta property=\"og:image\" content=\"https:\/\/iomodontologia.com.br\/wp-content\/uploads\/2019\/01\/21-01_POST_CUIDADO_DENTAL_GRAVIDEZ-1-e1548180311961.jpg\" \/>\n\t<meta property=\"og:image:width\" content=\"1080\" \/>\n\t<meta property=\"og:image:height\" content=\"756\" \/>\n\t<meta property=\"og:image:type\" content=\"image\/jpeg\" \/>\n<meta name=\"author\" content=\"IOM\" \/>\n<meta name=\"twitter:card\" content=\"summary_large_image\" \/>\n<meta name=\"twitter:label1\" content=\"Escrito por\" \/>\n\t<meta name=\"twitter:data1\" content=\"IOM\" \/>\n\t<meta name=\"twitter:label2\" content=\"Est. tempo de leitura\" \/>\n\t<meta name=\"twitter:data2\" content=\"2 minutos\" \/>\n<script type=\"application\/ld+json\" class=\"yoast-schema-graph\">{\"@context\":\"https:\/\/schema.org\",\"@graph\":[{\"@type\":\"Article\",\"@id\":\"https:\/\/iomodontologia.com.br\/index.php\/2019\/01\/22\/cuidado-dental-durante-gravidez\/#article\",\"isPartOf\":{\"@id\":\"https:\/\/iomodontologia.com.br\/index.php\/2019\/01\/22\/cuidado-dental-durante-gravidez\/\"},\"author\":{\"name\":\"IOM\",\"@id\":\"https:\/\/iomodontologia.com.br\/#\/schema\/person\/2d8ae883d777958331a9492184992de0\"},\"headline\":\"Cuidado dental durante a gravidez\",\"datePublished\":\"2019-01-22T18:06:07+00:00\",\"mainEntityOfPage\":{\"@id\":\"https:\/\/iomodontologia.com.br\/index.php\/2019\/01\/22\/cuidado-dental-durante-gravidez\/\"},\"wordCount\":309,\"commentCount\":0,\"publisher\":{\"@id\":\"https:\/\/iomodontologia.com.br\/#organization\"},\"image\":{\"@id\":\"https:\/\/iomodontologia.com.br\/index.php\/2019\/01\/22\/cuidado-dental-durante-gravidez\/#primaryimage\"},\"thumbnailUrl\":\"https:\/\/iomodontologia.com.br\/wp-content\/uploads\/2019\/01\/21-01_POST_CUIDADO_DENTAL_GRAVIDEZ-1-e1548180311961.jpg\",\"articleSection\":[\"Artigos\"],\"inLanguage\":\"pt-BR\",\"potentialAction\":[{\"@type\":\"CommentAction\",\"name\":\"Comment\",\"target\":[\"https:\/\/iomodontologia.com.br\/index.php\/2019\/01\/22\/cuidado-dental-durante-gravidez\/#respond\"]}]},{\"@type\":\"WebPage\",\"@id\":\"https:\/\/iomodontologia.com.br\/index.php\/2019\/01\/22\/cuidado-dental-durante-gravidez\/\",\"url\":\"https:\/\/iomodontologia.com.br\/index.php\/2019\/01\/22\/cuidado-dental-durante-gravidez\/\",\"name\":\"Cuidado dental durante a gravidez - IOM - INSTITUTO ODONTOL\u00d3GICO\",\"isPartOf\":{\"@id\":\"https:\/\/iomodontologia.com.br\/#website\"},\"primaryImageOfPage\":{\"@id\":\"https:\/\/iomodontologia.com.br\/index.php\/2019\/01\/22\/cuidado-dental-durante-gravidez\/#primaryimage\"},\"image\":{\"@id\":\"https:\/\/iomodontologia.com.br\/index.php\/2019\/01\/22\/cuidado-dental-durante-gravidez\/#primaryimage\"},\"thumbnailUrl\":\"https:\/\/iomodontologia.com.br\/wp-content\/uploads\/2019\/01\/21-01_POST_CUIDADO_DENTAL_GRAVIDEZ-1-e1548180311961.jpg\",\"datePublished\":\"2019-01-22T18:06:07+00:00\",\"breadcrumb\":{\"@id\":\"https:\/\/iomodontologia.com.br\/index.php\/2019\/01\/22\/cuidado-dental-durante-gravidez\/#breadcrumb\"},\"inLanguage\":\"pt-BR\",\"potentialAction\":[{\"@type\":\"ReadAction\",\"target\":[\"https:\/\/iomodontologia.com.br\/index.php\/2019\/01\/22\/cuidado-dental-durante-gravidez\/\"]}]},{\"@type\":\"ImageObject\",\"inLanguage\":\"pt-BR\",\"@id\":\"https:\/\/iomodontologia.com.br\/index.php\/2019\/01\/22\/cuidado-dental-durante-gravidez\/#primaryimage\",\"url\":\"https:\/\/iomodontologia.com.br\/wp-content\/uploads\/2019\/01\/21-01_POST_CUIDADO_DENTAL_GRAVIDEZ-1-e1548180311961.jpg\",\"contentUrl\":\"https:\/\/iomodontologia.com.br\/wp-content\/uploads\/2019\/01\/21-01_POST_CUIDADO_DENTAL_GRAVIDEZ-1-e1548180311961.jpg\",\"width\":1080,\"height\":756,\"caption\":\"cuidado dental durante a gravidez\"},{\"@type\":\"BreadcrumbList\",\"@id\":\"https:\/\/iomodontologia.com.br\/index.php\/2019\/01\/22\/cuidado-dental-durante-gravidez\/#breadcrumb\",\"itemListElement\":[{\"@type\":\"ListItem\",\"position\":1,\"name\":\"Home\",\"item\":\"https:\/\/iomodontologia.com.br\/\"},{\"@type\":\"ListItem\",\"position\":2,\"name\":\"Cuidado dental durante a gravidez\"}]},{\"@type\":\"WebSite\",\"@id\":\"https:\/\/iomodontologia.com.br\/#website\",\"url\":\"https:\/\/iomodontologia.com.br\/\",\"name\":\"IOM - INSTITUTO ODONTOL\u00d3GICO\",\"description\":\"CL\u00cdNICA ODONTOL\u00d3GICA\",\"publisher\":{\"@id\":\"https:\/\/iomodontologia.com.br\/#organization\"},\"potentialAction\":[{\"@type\":\"SearchAction\",\"target\":{\"@type\":\"EntryPoint\",\"urlTemplate\":\"https:\/\/iomodontologia.com.br\/?s={search_term_string}\"},\"query-input\":{\"@type\":\"PropertyValueSpecification\",\"valueRequired\":true,\"valueName\":\"search_term_string\"}}],\"inLanguage\":\"pt-BR\"},{\"@type\":\"Organization\",\"@id\":\"https:\/\/iomodontologia.com.br\/#organization\",\"name\":\"IOM - Instituto Odontol\u00f3gico Mogiano\",\"url\":\"https:\/\/iomodontologia.com.br\/\",\"logo\":{\"@type\":\"ImageObject\",\"inLanguage\":\"pt-BR\",\"@id\":\"https:\/\/iomodontologia.com.br\/#\/schema\/logo\/image\/\",\"url\":\"https:\/\/iomodontologia.com.br\/wp-content\/uploads\/2019\/11\/IOM-Logo-slogan.png\",\"contentUrl\":\"https:\/\/iomodontologia.com.br\/wp-content\/uploads\/2019\/11\/IOM-Logo-slogan.png\",\"width\":2000,\"height\":858,\"caption\":\"IOM - Instituto Odontol\u00f3gico Mogiano\"},\"image\":{\"@id\":\"https:\/\/iomodontologia.com.br\/#\/schema\/logo\/image\/\"},\"sameAs\":[\"https:\/\/www.facebook.com\/iomodontologia\",\"https:\/\/www.instagram.com\/iom.odonto\"]},{\"@type\":\"Person\",\"@id\":\"https:\/\/iomodontologia.com.br\/#\/schema\/person\/2d8ae883d777958331a9492184992de0\",\"name\":\"IOM\",\"image\":{\"@type\":\"ImageObject\",\"inLanguage\":\"pt-BR\",\"@id\":\"https:\/\/iomodontologia.com.br\/#\/schema\/person\/image\/\",\"url\":\"https:\/\/secure.gravatar.com\/avatar\/003dc2a3c14e0b6b5d63ec9413622bf8?s=96&d=mm&r=g\",\"contentUrl\":\"https:\/\/secure.gravatar.com\/avatar\/003dc2a3c14e0b6b5d63ec9413622bf8?s=96&d=mm&r=g\",\"caption\":\"IOM\"},\"sameAs\":[\"http:\/\/taprontosite.com.br\/iom\"],\"url\":\"https:\/\/iomodontologia.com.br\/index.php\/author\/iom\/\"}]}<\/script>\n<!-- \/ Yoast SEO plugin. -->","yoast_head_json":{"title":"Cuidado dental durante a gravidez - IOM - INSTITUTO ODONTOL\u00d3GICO","robots":{"index":"index","follow":"follow","max-snippet":"max-snippet:-1","max-image-preview":"max-image-preview:large","max-video-preview":"max-video-preview:-1"},"canonical":"https:\/\/iomodontologia.com.br\/index.php\/2019\/01\/22\/cuidado-dental-durante-gravidez\/","og_locale":"pt_BR","og_type":"article","og_title":"Cuidado dental durante a gravidez - IOM - INSTITUTO ODONTOL\u00d3GICO","og_description":"Se voc\u00ea est\u00e1 gr\u00e1vida, seu dentista precisa saber sobre os primeiros ind\u00edcios de sintomas de doen\u00e7a das gengivas. As mulheres gr\u00e1vidas t\u00eam um risco maior de sofrer de doen\u00e7a periodontal, j\u00e1 que os altos n\u00edveis de progesterona t\u00edpicos da gravidez podem gerar uma resposta exagerada \u00e0s bact\u00e9rias da placa dental. \u00c9 por isso que, as...","og_url":"https:\/\/iomodontologia.com.br\/index.php\/2019\/01\/22\/cuidado-dental-durante-gravidez\/","og_site_name":"IOM - INSTITUTO ODONTOL\u00d3GICO","article_publisher":"https:\/\/www.facebook.com\/iomodontologia","article_published_time":"2019-01-22T18:06:07+00:00","og_image":[{"width":1080,"height":756,"url":"https:\/\/iomodontologia.com.br\/wp-content\/uploads\/2019\/01\/21-01_POST_CUIDADO_DENTAL_GRAVIDEZ-1-e1548180311961.jpg","type":"image\/jpeg"}],"author":"IOM","twitter_card":"summary_large_image","twitter_misc":{"Escrito por":"IOM","Est. tempo de leitura":"2 minutos"},"schema":{"@context":"https:\/\/schema.org","@graph":[{"@type":"Article","@id":"https:\/\/iomodontologia.com.br\/index.php\/2019\/01\/22\/cuidado-dental-durante-gravidez\/#article","isPartOf":{"@id":"https:\/\/iomodontologia.com.br\/index.php\/2019\/01\/22\/cuidado-dental-durante-gravidez\/"},"author":{"name":"IOM","@id":"https:\/\/iomodontologia.com.br\/#\/schema\/person\/2d8ae883d777958331a9492184992de0"},"headline":"Cuidado dental durante a gravidez","datePublished":"2019-01-22T18:06:07+00:00","mainEntityOfPage":{"@id":"https:\/\/iomodontologia.com.br\/index.php\/2019\/01\/22\/cuidado-dental-durante-gravidez\/"},"wordCount":309,"commentCount":0,"publisher":{"@id":"https:\/\/iomodontologia.com.br\/#organization"},"image":{"@id":"https:\/\/iomodontologia.com.br\/index.php\/2019\/01\/22\/cuidado-dental-durante-gravidez\/#primaryimage"},"thumbnailUrl":"https:\/\/iomodontologia.com.br\/wp-content\/uploads\/2019\/01\/21-01_POST_CUIDADO_DENTAL_GRAVIDEZ-1-e1548180311961.jpg","articleSection":["Artigos"],"inLanguage":"pt-BR","potentialAction":[{"@type":"CommentAction","name":"Comment","target":["https:\/\/iomodontologia.com.br\/index.php\/2019\/01\/22\/cuidado-dental-durante-gravidez\/#respond"]}]},{"@type":"WebPage","@id":"https:\/\/iomodontologia.com.br\/index.php\/2019\/01\/22\/cuidado-dental-durante-gravidez\/","url":"https:\/\/iomodontologia.com.br\/index.php\/2019\/01\/22\/cuidado-dental-durante-gravidez\/","name":"Cuidado dental durante a gravidez - IOM - INSTITUTO ODONTOL\u00d3GICO","isPartOf":{"@id":"https:\/\/iomodontologia.com.br\/#website"},"primaryImageOfPage":{"@id":"https:\/\/iomodontologia.com.br\/index.php\/2019\/01\/22\/cuidado-dental-durante-gravidez\/#primaryimage"},"image":{"@id":"https:\/\/iomodontologia.com.br\/index.php\/2019\/01\/22\/cuidado-dental-durante-gravidez\/#primaryimage"},"thumbnailUrl":"https:\/\/iomodontologia.com.br\/wp-content\/uploads\/2019\/01\/21-01_POST_CUIDADO_DENTAL_GRAVIDEZ-1-e1548180311961.jpg","datePublished":"2019-01-22T18:06:07+00:00","breadcrumb":{"@id":"https:\/\/iomodontologia.com.br\/index.php\/2019\/01\/22\/cuidado-dental-durante-gravidez\/#breadcrumb"},"inLanguage":"pt-BR","potentialAction":[{"@type":"ReadAction","target":["https:\/\/iomodontologia.com.br\/index.php\/2019\/01\/22\/cuidado-dental-durante-gravidez\/"]}]},{"@type":"ImageObject","inLanguage":"pt-BR","@id":"https:\/\/iomodontologia.com.br\/index.php\/2019\/01\/22\/cuidado-dental-durante-gravidez\/#primaryimage","url":"https:\/\/iomodontologia.com.br\/wp-content\/uploads\/2019\/01\/21-01_POST_CUIDADO_DENTAL_GRAVIDEZ-1-e1548180311961.jpg","contentUrl":"https:\/\/iomodontologia.com.br\/wp-content\/uploads\/2019\/01\/21-01_POST_CUIDADO_DENTAL_GRAVIDEZ-1-e1548180311961.jpg","width":1080,"height":756,"caption":"cuidado dental durante a gravidez"},{"@type":"BreadcrumbList","@id":"https:\/\/iomodontologia.com.br\/index.php\/2019\/01\/22\/cuidado-dental-durante-gravidez\/#breadcrumb","itemListElement":[{"@type":"ListItem","position":1,"name":"Home","item":"https:\/\/iomodontologia.com.br\/"},{"@type":"ListItem","position":2,"name":"Cuidado dental durante a gravidez"}]},{"@type":"WebSite","@id":"https:\/\/iomodontologia.com.br\/#website","url":"https:\/\/iomodontologia.com.br\/","name":"IOM - INSTITUTO ODONTOL\u00d3GICO","description":"CL\u00cdNICA ODONTOL\u00d3GICA","publisher":{"@id":"https:\/\/iomodontologia.com.br\/#organization"},"potentialAction":[{"@type":"SearchAction","target":{"@type":"EntryPoint","urlTemplate":"https:\/\/iomodontologia.com.br\/?s={search_term_string}"},"query-input":{"@type":"PropertyValueSpecification","valueRequired":true,"valueName":"search_term_string"}}],"inLanguage":"pt-BR"},{"@type":"Organization","@id":"https:\/\/iomodontologia.com.br\/#organization","name":"IOM - Instituto Odontol\u00f3gico Mogiano","url":"https:\/\/iomodontologia.com.br\/","logo":{"@type":"ImageObject","inLanguage":"pt-BR","@id":"https:\/\/iomodontologia.com.br\/#\/schema\/logo\/image\/","url":"https:\/\/iomodontologia.com.br\/wp-content\/uploads\/2019\/11\/IOM-Logo-slogan.png","contentUrl":"https:\/\/iomodontologia.com.br\/wp-content\/uploads\/2019\/11\/IOM-Logo-slogan.png","width":2000,"height":858,"caption":"IOM - Instituto Odontol\u00f3gico Mogiano"},"image":{"@id":"https:\/\/iomodontologia.com.br\/#\/schema\/logo\/image\/"},"sameAs":["https:\/\/www.facebook.com\/iomodontologia","https:\/\/www.instagram.com\/iom.odonto"]},{"@type":"Person","@id":"https:\/\/iomodontologia.com.br\/#\/schema\/person\/2d8ae883d777958331a9492184992de0","name":"IOM","image":{"@type":"ImageObject","inLanguage":"pt-BR","@id":"https:\/\/iomodontologia.com.br\/#\/schema\/person\/image\/","url":"https:\/\/secure.gravatar.com\/avatar\/003dc2a3c14e0b6b5d63ec9413622bf8?s=96&d=mm&r=g","contentUrl":"https:\/\/secure.gravatar.com\/avatar\/003dc2a3c14e0b6b5d63ec9413622bf8?s=96&d=mm&r=g","caption":"IOM"},"sameAs":["http:\/\/taprontosite.com.br\/iom"],"url":"https:\/\/iomodontologia.com.br\/index.php\/author\/iom\/"}]}},"_links":{"self":[{"href":"https:\/\/iomodontologia.com.br\/index.php\/wp-json\/wp\/v2\/posts\/539","targetHints":{"allow":["GET"]}}],"collection":[{"href":"https:\/\/iomodontologia.com.br\/index.php\/wp-json\/wp\/v2\/posts"}],"about":[{"href":"https:\/\/iomodontologia.com.br\/index.php\/wp-json\/wp\/v2\/types\/post"}],"author":[{"embeddable":true,"href":"https:\/\/iomodontologia.com.br\/index.php\/wp-json\/wp\/v2\/users\/1"}],"replies":[{"embeddable":true,"href":"https:\/\/iomodontologia.com.br\/index.php\/wp-json\/wp\/v2\/comments?post=539"}],"version-history":[{"count":0,"href":"https:\/\/iomodontologia.com.br\/index.php\/wp-json\/wp\/v2\/posts\/539\/revisions"}],"wp:featuredmedia":[{"embeddable":true,"href":"https:\/\/iomodontologia.com.br\/index.php\/wp-json\/wp\/v2\/media\/542"}],"wp:attachment":[{"href":"https:\/\/iomodontologia.com.br\/index.php\/wp-json\/wp\/v2\/media?parent=539"}],"wp:term":[{"taxonomy":"category","embeddable":true,"href":"https:\/\/iomodontologia.com.br\/index.php\/wp-json\/wp\/v2\/categories?post=539"},{"taxonomy":"post_tag","embeddable":true,"href":"https:\/\/iomodontologia.com.br\/index.php\/wp-json\/wp\/v2\/tags?post=539"}],"curies":[{"name":"wp","href":"https:\/\/api.w.org\/{rel}","templated":true}]}}