{"id":524,"date":"2018-12-10T15:36:10","date_gmt":"2018-12-10T15:36:10","guid":{"rendered":"http:\/\/iomodontologia.com.br\/?p=524"},"modified":"2018-12-10T15:36:10","modified_gmt":"2018-12-10T15:36:10","slug":"voce-tem-dor-de-dente-como-e-realizado-um-tratamento-dentario","status":"publish","type":"post","link":"https:\/\/iomodontologia.com.br\/index.php\/2018\/12\/10\/voce-tem-dor-de-dente-como-e-realizado-um-tratamento-dentario\/","title":{"rendered":"Voc\u00ea tem dor de dente? Como \u00e9 realizado um tratamento dent\u00e1rio?"},"content":{"rendered":"<p>A dor de dente \u00e9 um problema que afeta boa parte da popula\u00e7\u00e3o em qualquer faixa et\u00e1ria. Geralmente esse inc\u00f4modo costuma surgir de maneira repentina e \u00e9 considerado por muitas pessoas uma das piores sensa\u00e7\u00f5es, chegando a se tornar insuport\u00e1vel. Caso n\u00e3o seja tratada, ela poder\u00e1 gerar outras complica\u00e7\u00f5es mais s\u00e9rias e atrapalhar a rotina do indiv\u00edduo.<\/p>\n<p><strong>Quais s\u00e3o as principais causas da dor de dente?<\/strong><\/p>\n<p>Normalmente, a dor de dente acontece quando h\u00e1 uma inflama\u00e7\u00e3o na polpa dent\u00e1ria, que \u00e9 a estrutura interna composta por termina\u00e7\u00f5es nervosas, receptores de dor e vasos sangu\u00edneos. Consequentemente, ela proporciona um grande inc\u00f4modo para a pessoa, j\u00e1 que a dor de dente tem causas variadas \u2014 que pode ser no pr\u00f3prio dente ou em locais pr\u00f3ximos a ele, abrangendo a face e o maxilar.<\/p>\n<p><strong>Algumas causas mais comuns da dor de dente s\u00e3o:<\/strong><\/p>\n<p><em><strong>C\u00e1ries<\/strong><\/em><\/p>\n<p>A c\u00e1rie \u00e9 causada por bact\u00e9rias que desmineralizam o esmalte e destroem a dentina. Essas bact\u00e9rias vivem naturalmente na nossa boca e utilizam o resto de alimentos para crescer e transform\u00e1-los em \u00e1cidos, que provocam desmineraliza\u00e7\u00e3o na superf\u00edcie do esmalte, a primeira camada do dente. Em um est\u00e1gio mais avan\u00e7ado, a c\u00e1rie atinge a dentina \u2014 que \u00e9 a segunda camada do dente \u2014 e, se n\u00e3o for tratada, ela penetra na polpa do dente, onde se localizam as termina\u00e7\u00f5es nervosas e sentimos dor.<\/p>\n<p><strong><em>Sensibilidade<\/em><\/strong><\/p>\n<p>A dentina \u00e9 revestida pela gengiva e o esmalte do dente e, quando h\u00e1 o desgaste do esmalte ou retra\u00e7\u00e3o da gengiva ocasionada por traumas ou escova\u00e7\u00e3o muito forte, a dentina fica exposta. Com isso, subst\u00e2ncias que entram em contato com os dentes, principalmente alimentos muito quentes ou frios e, tendem a ficar pr\u00f3ximos das termina\u00e7\u00f5es nervosas, aumentando a sensibilidade dos dentes.<\/p>\n<p><em><strong>Inflama\u00e7\u00e3o da gengiva<\/strong><\/em><\/p>\n<p>A m\u00e1 higieniza\u00e7\u00e3o causa o ac\u00famulo de bact\u00e9rias e a gengivite \u00e9 o primeiro est\u00e1gio da inflama\u00e7\u00e3o. Com o avan\u00e7o da inflama\u00e7\u00e3o, pode haver a retra\u00e7\u00e3o da gengiva e exposi\u00e7\u00e3o da raiz do dente, deixando a regi\u00e3o bastante sens\u00edvel, ou ainda evoluir para uma periodontite e criar um espa\u00e7o entre o osso e o dente, afetando diretamente os nervos e causando dores insuport\u00e1veis.<\/p>\n<p><em><strong>Bruxismo<\/strong><\/em><\/p>\n<p>Essa \u00e9 uma condi\u00e7\u00e3o bem comum, que pode causar dor n\u00e3o s\u00f3 no dente, mas em toda a cabe\u00e7a. Isso porque o transtorno faz com que que o paciente aperte ou ranja os dentes inconscientemente \u2014 principalmente durante o sono \u2014 e se desgastem, expondo a dentina e causando dores nos dentes. Al\u00e9m da dor de dente, a tens\u00e3o elevada gerada pelo bruxismo sobre a articula\u00e7\u00e3o da mand\u00edbula pode trazer fortes dores de cabe\u00e7a.<\/p>\n<p><em><strong>Fraturas<\/strong><\/em><\/p>\n<p>Muitas vezes, comer algum alimento mais duro, ranger os dentes ou, at\u00e9 mesmo, levar uma pancada pr\u00f3xima da boca pode resultar em uma despercebida rachadura no dente. Por\u00e9m, com o passar do tempo, ela pode causar sensibilidade e dor.<\/p>\n<p><em><strong>Problemas no siso<\/strong><\/em><\/p>\n<p>Tamb\u00e9m conhecida como pericoronarite, o processo inflamat\u00f3rio dos tecidos moles que circundam o siso tamb\u00e9m causa dor de dente. Isso acontece devido ao mau posicionamento do siso, que geralmente faz press\u00e3o na gengiva ou nos ossos maxilares, causando desconfortos e dores.<\/p>\n<p><strong>Como identificar os sintomas?<\/strong><\/p>\n<p>Normalmente, a dor de dente costuma aparecer de maneira repentina, podendo variar de um inc\u00f4modo r\u00e1pido a um grau de severidade mais elevado. Quem sofre desse desconforto poder\u00e1 sentir palpita\u00e7\u00f5es constantes ou intermitentes no maxilar, cabe\u00e7a ou orelha. Por\u00e9m, normalmente, a dor piora quando temos que comer ou beber, sobretudo alimentos e bebidas que estejam bastante quentes ou gelados.<\/p>\n<p>Al\u00e9m disso, o maxilar da regi\u00e3o do dente afetado pode estar extremamente sens\u00edvel ao toque. Essa dor pode piorar quando a pessoa se deita, devido ao aumento da press\u00e3o sobre o local do dente.<\/p>\n<p><strong>Contudo, os sintomas mais t\u00edpicos da dor de dente abrangem desconfortos em diversas regi\u00f5es, como:<\/strong><\/p>\n<ul>\n<li>dor ao mastigar e no maxilar;<\/li>\n<li>sangramento das gengivas;<\/li>\n<li>incha\u00e7o na volta do dente;<\/li>\n<li>dores de cabe\u00e7a e ouvido.<\/li>\n<\/ul>\n<p>Esses sintomas, quando n\u00e3o tratados, podem fazer com que a dor dure at\u00e9 a destrui\u00e7\u00e3o total do dente e das termina\u00e7\u00f5es nervosas. No entanto, quando o paciente recebe o tratamento adequado, geralmente a dor durar nos primeiros dois dias, j\u00e1 que no terceiro dia o inchado e a inflama\u00e7\u00e3o s\u00e3o reduzidos.<\/p>\n<p><strong>Como \u00e9 feito o diagn\u00f3stico?<\/strong><\/p>\n<p>Quando sentir dor de dente, o ideal \u00e9 procurar com a maior rapidez o dentista. Isso porque somente ele poder\u00e1 realizar o diagn\u00f3stico e examinar as gengivas e os dentes para identificar o problema, que, muitas vezes, \u00e9 trat\u00e1vel sem maiores transtornos logo no in\u00edcio.<\/p>\n<p>Normalmente o dentista utiliza diversas t\u00e9cnicas para auxiliar na descoberta da causa da dor de dente, como an\u00e1lise visual, que busca por sinais de vermelhid\u00e3o, les\u00f5es e poss\u00edveis incha\u00e7os nas gengivas que indique a dor de dente. Nesse caso, ele poder\u00e1 lavar a regi\u00e3o com \u00e1gua morna para eliminar os restos de alimentos para, posteriormente, testar a sensibilidade dos dentes com subst\u00e2ncias quentes ou frias.<\/p>\n<p>Al\u00e9m disso, o dentista poder\u00e1 solicitar um exame de raios-X e at\u00e9 tomografia para identificar a presen\u00e7a de fraturas, c\u00e1ries e outros problemas no dente e no osso do maxilar. Por\u00e9m, se a dor for intensa, ele poder\u00e1 receitar analg\u00e9sicos para aliviar o inc\u00f4modo.<\/p>\n<p><strong>Como \u00e9 realizado o tratamento?<\/strong><\/p>\n<p>Ap\u00f3s o diagn\u00f3stico a dor de dente deve ser tratada o mais r\u00e1pido poss\u00edvel a fim de evitar o surgimento de infec\u00e7\u00f5es. Se a dor de dente for causada por c\u00e1ries, o dentista remove a bact\u00e9ria e parte do dente que estiver danificado com o aux\u00edlio de uma broca e substitui por materiais, como liga de prata, porcelana, ouro ou resina composta.<\/p>\n<p>Por\u00e9m, se o dente j\u00e1 estiver totalmente infectado, o tratamento de canal poder\u00e1 evitar que ele seja extra\u00eddo. Para isso, o centro do dente \u2014 incluindo a polpa e os nervos \u2014 s\u00e3o removidos junto com as partes prejudicadas do dente. Posteriormente, as ra\u00edzes s\u00e3o vedadas com preenchimento e, se necess\u00e1rio, posiciona-se uma coroa sobre o dente.<\/p>\n<p>Por outro lado, se a causa da dor \u00e9 decorrente da inflama\u00e7\u00e3o na gengiva, nos estados iniciais, o tratamento normalmente costuma ser muito simples, onde \u00e9 feito remo\u00e7\u00e3o da placa bacteriana em associa\u00e7\u00e3o com as boas pr\u00e1ticas de higieniza\u00e7\u00e3o bucal. Mas se a inflama\u00e7\u00e3o j\u00e1 estiver avan\u00e7ada, o procedimento deve incluir a restaura\u00e7\u00e3o da sa\u00fade oral, ou seja, al\u00e9m da limpeza completa dos dentes, ser\u00e1 necess\u00e1rio que as ra\u00edzes dos dentes tamb\u00e9m sejam limpas.<\/p>\n<p>De fato, as causas da dor de dente s\u00e3o v\u00e1rias, por isso, caso sentir qualquer inc\u00f4modo ou altera\u00e7\u00e3o, mesmo que pare\u00e7a passageira, n\u00e3o deve ser negligenciada. O ideal \u00e9 procurar por aux\u00edlio de um dentista para que o problema n\u00e3o se torne algo mais grave. Dessa forma, investir em preven\u00e7\u00e3o, higiene bucal e manter uma rotina de vistas a cada seis meses ao dentista \u00e9 a melhor forma de n\u00e3o correr o risco de ser surpreendido por uma dor desconfort\u00e1vel e repentina.<\/p>\n<p>FONTE:\u00a0 www.abo.org.br<\/p>\n<p><img decoding=\"async\" class=\"alignnone  wp-image-651\" src=\"https:\/\/iomodontologia.com.br\/wp-content\/uploads\/2019\/11\/logoface-300x300.png\" alt=\"\" width=\"50\" height=\"50\" srcset=\"https:\/\/iomodontologia.com.br\/wp-content\/uploads\/2019\/11\/logoface-300x300.png 300w, https:\/\/iomodontologia.com.br\/wp-content\/uploads\/2019\/11\/logoface-100x100.png 100w, https:\/\/iomodontologia.com.br\/wp-content\/uploads\/2019\/11\/logoface-150x150.png 150w, https:\/\/iomodontologia.com.br\/wp-content\/uploads\/2019\/11\/logoface.png 512w, https:\/\/iomodontologia.com.br\/wp-content\/uploads\/2019\/11\/logoface-65x65.png 65w, https:\/\/iomodontologia.com.br\/wp-content\/uploads\/2019\/11\/logoface-500x500.png 500w\" sizes=\"(max-width: 50px) 100vw, 50px\" \/> <a href=\"http:\/\/fb.com\/iomodontologia\/\" target=\"_blank\" rel=\"noopener noreferrer\">fb.com\/iomodontologia\/<\/a><\/p>\n<p><img decoding=\"async\" class=\"alignnone  wp-image-652\" src=\"https:\/\/iomodontologia.com.br\/wp-content\/uploads\/2019\/11\/01-300x300.png\" alt=\"\" width=\"52\" height=\"52\" srcset=\"https:\/\/iomodontologia.com.br\/wp-content\/uploads\/2019\/11\/01-300x300.png 300w, https:\/\/iomodontologia.com.br\/wp-content\/uploads\/2019\/11\/01-100x100.png 100w, https:\/\/iomodontologia.com.br\/wp-content\/uploads\/2019\/11\/01-600x603.png 600w, https:\/\/iomodontologia.com.br\/wp-content\/uploads\/2019\/11\/01-1019x1024.png 1019w, https:\/\/iomodontologia.com.br\/wp-content\/uploads\/2019\/11\/01-150x150.png 150w, https:\/\/iomodontologia.com.br\/wp-content\/uploads\/2019\/11\/01-768x772.png 768w, https:\/\/iomodontologia.com.br\/wp-content\/uploads\/2019\/11\/01-1529x1536.png 1529w, https:\/\/iomodontologia.com.br\/wp-content\/uploads\/2019\/11\/01-2038x2048.png 2038w, https:\/\/iomodontologia.com.br\/wp-content\/uploads\/2019\/11\/01-65x65.png 65w, https:\/\/iomodontologia.com.br\/wp-content\/uploads\/2019\/11\/01-500x500.png 500w, https:\/\/iomodontologia.com.br\/wp-content\/uploads\/2019\/11\/01-580x583.png 580w, https:\/\/iomodontologia.com.br\/wp-content\/uploads\/2019\/11\/01-860x864.png 860w, https:\/\/iomodontologia.com.br\/wp-content\/uploads\/2019\/11\/01-1160x1165.png 1160w, https:\/\/iomodontologia.com.br\/wp-content\/uploads\/2019\/11\/01-1320x1326.png 1320w\" sizes=\"(max-width: 52px) 100vw, 52px\" \/><a href=\"http:\/\/api.whatsapp.com\/send?phone=5511984450119&amp;text=Ol\u00e1\" target=\"_blank\" rel=\"noopener noreferrer\"> (11) 98445.0119<\/a><\/p>\n<figure id=\"attachment_650\" aria-describedby=\"caption-attachment-650\" style=\"width: 300px\" class=\"wp-caption alignnone\"><img decoding=\"async\" class=\"size-medium wp-image-650\" src=\"https:\/\/iomodontologia.com.br\/wp-content\/uploads\/2019\/11\/IOM-Logo-slogan-300x129.png\" alt=\"\" width=\"300\" height=\"129\" srcset=\"https:\/\/iomodontologia.com.br\/wp-content\/uploads\/2019\/11\/IOM-Logo-slogan-300x129.png 300w, https:\/\/iomodontologia.com.br\/wp-content\/uploads\/2019\/11\/IOM-Logo-slogan-600x257.png 600w, https:\/\/iomodontologia.com.br\/wp-content\/uploads\/2019\/11\/IOM-Logo-slogan-1024x439.png 1024w, https:\/\/iomodontologia.com.br\/wp-content\/uploads\/2019\/11\/IOM-Logo-slogan-768x329.png 768w, https:\/\/iomodontologia.com.br\/wp-content\/uploads\/2019\/11\/IOM-Logo-slogan-1536x659.png 1536w, https:\/\/iomodontologia.com.br\/wp-content\/uploads\/2019\/11\/IOM-Logo-slogan-580x249.png 580w, https:\/\/iomodontologia.com.br\/wp-content\/uploads\/2019\/11\/IOM-Logo-slogan-860x369.png 860w, https:\/\/iomodontologia.com.br\/wp-content\/uploads\/2019\/11\/IOM-Logo-slogan-1160x498.png 1160w, https:\/\/iomodontologia.com.br\/wp-content\/uploads\/2019\/11\/IOM-Logo-slogan-1320x566.png 1320w, https:\/\/iomodontologia.com.br\/wp-content\/uploads\/2019\/11\/IOM-Logo-slogan.png 2000w\" sizes=\"(max-width: 300px) 100vw, 300px\" \/><figcaption id=\"caption-attachment-650\" class=\"wp-caption-text\">IOM Instituto Odontol\u00f3gico Mogiano<\/figcaption><\/figure>\n","protected":false},"excerpt":{"rendered":"<p>A dor de dente \u00e9 um problema que afeta boa parte da popula\u00e7\u00e3o em qualquer faixa et\u00e1ria. Geralmente esse inc\u00f4modo costuma surgir de maneira repentina e \u00e9 considerado por muitas pessoas uma das piores sensa\u00e7\u00f5es, chegando a se tornar insuport\u00e1vel. Caso n\u00e3o seja tratada, ela poder\u00e1 gerar outras complica\u00e7\u00f5es mais s\u00e9rias e atrapalhar a rotina&#8230;<\/p>\n","protected":false},"author":1,"featured_media":525,"comment_status":"open","ping_status":"open","sticky":false,"template":"","format":"standard","meta":{"_joinchat":[],"footnotes":""},"categories":[61],"tags":[],"class_list":["post-524","post","type-post","status-publish","format-standard","has-post-thumbnail","hentry","category-artigos"],"yoast_head":"<!-- This site is optimized with the Yoast SEO plugin v26.8 - https:\/\/yoast.com\/product\/yoast-seo-wordpress\/ -->\n<title>Voc\u00ea tem dor de dente? Como \u00e9 realizado um tratamento dent\u00e1rio? - IOM - INSTITUTO ODONTOL\u00d3GICO<\/title>\n<meta name=\"robots\" content=\"index, follow, max-snippet:-1, max-image-preview:large, max-video-preview:-1\" \/>\n<link rel=\"canonical\" href=\"https:\/\/iomodontologia.com.br\/index.php\/2018\/12\/10\/voce-tem-dor-de-dente-como-e-realizado-um-tratamento-dentario\/\" \/>\n<meta property=\"og:locale\" content=\"pt_BR\" \/>\n<meta property=\"og:type\" content=\"article\" \/>\n<meta property=\"og:title\" content=\"Voc\u00ea tem dor de dente? Como \u00e9 realizado um tratamento dent\u00e1rio? - IOM - INSTITUTO ODONTOL\u00d3GICO\" \/>\n<meta property=\"og:description\" content=\"A dor de dente \u00e9 um problema que afeta boa parte da popula\u00e7\u00e3o em qualquer faixa et\u00e1ria. Geralmente esse inc\u00f4modo costuma surgir de maneira repentina e \u00e9 considerado por muitas pessoas uma das piores sensa\u00e7\u00f5es, chegando a se tornar insuport\u00e1vel. Caso n\u00e3o seja tratada, ela poder\u00e1 gerar outras complica\u00e7\u00f5es mais s\u00e9rias e atrapalhar a rotina...\" \/>\n<meta property=\"og:url\" content=\"https:\/\/iomodontologia.com.br\/index.php\/2018\/12\/10\/voce-tem-dor-de-dente-como-e-realizado-um-tratamento-dentario\/\" \/>\n<meta property=\"og:site_name\" content=\"IOM - INSTITUTO ODONTOL\u00d3GICO\" \/>\n<meta property=\"article:publisher\" content=\"https:\/\/www.facebook.com\/iomodontologia\" \/>\n<meta property=\"article:published_time\" content=\"2018-12-10T15:36:10+00:00\" \/>\n<meta name=\"author\" content=\"IOM\" \/>\n<meta name=\"twitter:card\" content=\"summary_large_image\" \/>\n<meta name=\"twitter:label1\" content=\"Escrito por\" \/>\n\t<meta name=\"twitter:data1\" content=\"IOM\" \/>\n\t<meta name=\"twitter:label2\" content=\"Est. tempo de leitura\" \/>\n\t<meta name=\"twitter:data2\" content=\"6 minutos\" \/>\n<script type=\"application\/ld+json\" class=\"yoast-schema-graph\">{\"@context\":\"https:\/\/schema.org\",\"@graph\":[{\"@type\":\"Article\",\"@id\":\"https:\/\/iomodontologia.com.br\/index.php\/2018\/12\/10\/voce-tem-dor-de-dente-como-e-realizado-um-tratamento-dentario\/#article\",\"isPartOf\":{\"@id\":\"https:\/\/iomodontologia.com.br\/index.php\/2018\/12\/10\/voce-tem-dor-de-dente-como-e-realizado-um-tratamento-dentario\/\"},\"author\":{\"name\":\"IOM\",\"@id\":\"https:\/\/iomodontologia.com.br\/#\/schema\/person\/2d8ae883d777958331a9492184992de0\"},\"headline\":\"Voc\u00ea tem dor de dente? Como \u00e9 realizado um tratamento dent\u00e1rio?\",\"datePublished\":\"2018-12-10T15:36:10+00:00\",\"mainEntityOfPage\":{\"@id\":\"https:\/\/iomodontologia.com.br\/index.php\/2018\/12\/10\/voce-tem-dor-de-dente-como-e-realizado-um-tratamento-dentario\/\"},\"wordCount\":1279,\"commentCount\":0,\"publisher\":{\"@id\":\"https:\/\/iomodontologia.com.br\/#organization\"},\"image\":{\"@id\":\"https:\/\/iomodontologia.com.br\/index.php\/2018\/12\/10\/voce-tem-dor-de-dente-como-e-realizado-um-tratamento-dentario\/#primaryimage\"},\"thumbnailUrl\":\"\",\"articleSection\":[\"Artigos\"],\"inLanguage\":\"pt-BR\",\"potentialAction\":[{\"@type\":\"CommentAction\",\"name\":\"Comment\",\"target\":[\"https:\/\/iomodontologia.com.br\/index.php\/2018\/12\/10\/voce-tem-dor-de-dente-como-e-realizado-um-tratamento-dentario\/#respond\"]}]},{\"@type\":\"WebPage\",\"@id\":\"https:\/\/iomodontologia.com.br\/index.php\/2018\/12\/10\/voce-tem-dor-de-dente-como-e-realizado-um-tratamento-dentario\/\",\"url\":\"https:\/\/iomodontologia.com.br\/index.php\/2018\/12\/10\/voce-tem-dor-de-dente-como-e-realizado-um-tratamento-dentario\/\",\"name\":\"Voc\u00ea tem dor de dente? Como \u00e9 realizado um tratamento dent\u00e1rio? - IOM - INSTITUTO ODONTOL\u00d3GICO\",\"isPartOf\":{\"@id\":\"https:\/\/iomodontologia.com.br\/#website\"},\"primaryImageOfPage\":{\"@id\":\"https:\/\/iomodontologia.com.br\/index.php\/2018\/12\/10\/voce-tem-dor-de-dente-como-e-realizado-um-tratamento-dentario\/#primaryimage\"},\"image\":{\"@id\":\"https:\/\/iomodontologia.com.br\/index.php\/2018\/12\/10\/voce-tem-dor-de-dente-como-e-realizado-um-tratamento-dentario\/#primaryimage\"},\"thumbnailUrl\":\"\",\"datePublished\":\"2018-12-10T15:36:10+00:00\",\"breadcrumb\":{\"@id\":\"https:\/\/iomodontologia.com.br\/index.php\/2018\/12\/10\/voce-tem-dor-de-dente-como-e-realizado-um-tratamento-dentario\/#breadcrumb\"},\"inLanguage\":\"pt-BR\",\"potentialAction\":[{\"@type\":\"ReadAction\",\"target\":[\"https:\/\/iomodontologia.com.br\/index.php\/2018\/12\/10\/voce-tem-dor-de-dente-como-e-realizado-um-tratamento-dentario\/\"]}]},{\"@type\":\"ImageObject\",\"inLanguage\":\"pt-BR\",\"@id\":\"https:\/\/iomodontologia.com.br\/index.php\/2018\/12\/10\/voce-tem-dor-de-dente-como-e-realizado-um-tratamento-dentario\/#primaryimage\",\"url\":\"\",\"contentUrl\":\"\"},{\"@type\":\"BreadcrumbList\",\"@id\":\"https:\/\/iomodontologia.com.br\/index.php\/2018\/12\/10\/voce-tem-dor-de-dente-como-e-realizado-um-tratamento-dentario\/#breadcrumb\",\"itemListElement\":[{\"@type\":\"ListItem\",\"position\":1,\"name\":\"Home\",\"item\":\"https:\/\/iomodontologia.com.br\/\"},{\"@type\":\"ListItem\",\"position\":2,\"name\":\"Voc\u00ea tem dor de dente? Como \u00e9 realizado um tratamento dent\u00e1rio?\"}]},{\"@type\":\"WebSite\",\"@id\":\"https:\/\/iomodontologia.com.br\/#website\",\"url\":\"https:\/\/iomodontologia.com.br\/\",\"name\":\"IOM - INSTITUTO ODONTOL\u00d3GICO\",\"description\":\"CL\u00cdNICA ODONTOL\u00d3GICA\",\"publisher\":{\"@id\":\"https:\/\/iomodontologia.com.br\/#organization\"},\"potentialAction\":[{\"@type\":\"SearchAction\",\"target\":{\"@type\":\"EntryPoint\",\"urlTemplate\":\"https:\/\/iomodontologia.com.br\/?s={search_term_string}\"},\"query-input\":{\"@type\":\"PropertyValueSpecification\",\"valueRequired\":true,\"valueName\":\"search_term_string\"}}],\"inLanguage\":\"pt-BR\"},{\"@type\":\"Organization\",\"@id\":\"https:\/\/iomodontologia.com.br\/#organization\",\"name\":\"IOM - Instituto Odontol\u00f3gico Mogiano\",\"url\":\"https:\/\/iomodontologia.com.br\/\",\"logo\":{\"@type\":\"ImageObject\",\"inLanguage\":\"pt-BR\",\"@id\":\"https:\/\/iomodontologia.com.br\/#\/schema\/logo\/image\/\",\"url\":\"https:\/\/iomodontologia.com.br\/wp-content\/uploads\/2019\/11\/IOM-Logo-slogan.png\",\"contentUrl\":\"https:\/\/iomodontologia.com.br\/wp-content\/uploads\/2019\/11\/IOM-Logo-slogan.png\",\"width\":2000,\"height\":858,\"caption\":\"IOM - Instituto Odontol\u00f3gico Mogiano\"},\"image\":{\"@id\":\"https:\/\/iomodontologia.com.br\/#\/schema\/logo\/image\/\"},\"sameAs\":[\"https:\/\/www.facebook.com\/iomodontologia\",\"https:\/\/www.instagram.com\/iom.odonto\"]},{\"@type\":\"Person\",\"@id\":\"https:\/\/iomodontologia.com.br\/#\/schema\/person\/2d8ae883d777958331a9492184992de0\",\"name\":\"IOM\",\"image\":{\"@type\":\"ImageObject\",\"inLanguage\":\"pt-BR\",\"@id\":\"https:\/\/iomodontologia.com.br\/#\/schema\/person\/image\/\",\"url\":\"https:\/\/secure.gravatar.com\/avatar\/003dc2a3c14e0b6b5d63ec9413622bf8?s=96&d=mm&r=g\",\"contentUrl\":\"https:\/\/secure.gravatar.com\/avatar\/003dc2a3c14e0b6b5d63ec9413622bf8?s=96&d=mm&r=g\",\"caption\":\"IOM\"},\"sameAs\":[\"http:\/\/taprontosite.com.br\/iom\"],\"url\":\"https:\/\/iomodontologia.com.br\/index.php\/author\/iom\/\"}]}<\/script>\n<!-- \/ Yoast SEO plugin. -->","yoast_head_json":{"title":"Voc\u00ea tem dor de dente? Como \u00e9 realizado um tratamento dent\u00e1rio? - IOM - INSTITUTO ODONTOL\u00d3GICO","robots":{"index":"index","follow":"follow","max-snippet":"max-snippet:-1","max-image-preview":"max-image-preview:large","max-video-preview":"max-video-preview:-1"},"canonical":"https:\/\/iomodontologia.com.br\/index.php\/2018\/12\/10\/voce-tem-dor-de-dente-como-e-realizado-um-tratamento-dentario\/","og_locale":"pt_BR","og_type":"article","og_title":"Voc\u00ea tem dor de dente? Como \u00e9 realizado um tratamento dent\u00e1rio? - IOM - INSTITUTO ODONTOL\u00d3GICO","og_description":"A dor de dente \u00e9 um problema que afeta boa parte da popula\u00e7\u00e3o em qualquer faixa et\u00e1ria. Geralmente esse inc\u00f4modo costuma surgir de maneira repentina e \u00e9 considerado por muitas pessoas uma das piores sensa\u00e7\u00f5es, chegando a se tornar insuport\u00e1vel. Caso n\u00e3o seja tratada, ela poder\u00e1 gerar outras complica\u00e7\u00f5es mais s\u00e9rias e atrapalhar a rotina...","og_url":"https:\/\/iomodontologia.com.br\/index.php\/2018\/12\/10\/voce-tem-dor-de-dente-como-e-realizado-um-tratamento-dentario\/","og_site_name":"IOM - INSTITUTO ODONTOL\u00d3GICO","article_publisher":"https:\/\/www.facebook.com\/iomodontologia","article_published_time":"2018-12-10T15:36:10+00:00","author":"IOM","twitter_card":"summary_large_image","twitter_misc":{"Escrito por":"IOM","Est. tempo de leitura":"6 minutos"},"schema":{"@context":"https:\/\/schema.org","@graph":[{"@type":"Article","@id":"https:\/\/iomodontologia.com.br\/index.php\/2018\/12\/10\/voce-tem-dor-de-dente-como-e-realizado-um-tratamento-dentario\/#article","isPartOf":{"@id":"https:\/\/iomodontologia.com.br\/index.php\/2018\/12\/10\/voce-tem-dor-de-dente-como-e-realizado-um-tratamento-dentario\/"},"author":{"name":"IOM","@id":"https:\/\/iomodontologia.com.br\/#\/schema\/person\/2d8ae883d777958331a9492184992de0"},"headline":"Voc\u00ea tem dor de dente? Como \u00e9 realizado um tratamento dent\u00e1rio?","datePublished":"2018-12-10T15:36:10+00:00","mainEntityOfPage":{"@id":"https:\/\/iomodontologia.com.br\/index.php\/2018\/12\/10\/voce-tem-dor-de-dente-como-e-realizado-um-tratamento-dentario\/"},"wordCount":1279,"commentCount":0,"publisher":{"@id":"https:\/\/iomodontologia.com.br\/#organization"},"image":{"@id":"https:\/\/iomodontologia.com.br\/index.php\/2018\/12\/10\/voce-tem-dor-de-dente-como-e-realizado-um-tratamento-dentario\/#primaryimage"},"thumbnailUrl":"","articleSection":["Artigos"],"inLanguage":"pt-BR","potentialAction":[{"@type":"CommentAction","name":"Comment","target":["https:\/\/iomodontologia.com.br\/index.php\/2018\/12\/10\/voce-tem-dor-de-dente-como-e-realizado-um-tratamento-dentario\/#respond"]}]},{"@type":"WebPage","@id":"https:\/\/iomodontologia.com.br\/index.php\/2018\/12\/10\/voce-tem-dor-de-dente-como-e-realizado-um-tratamento-dentario\/","url":"https:\/\/iomodontologia.com.br\/index.php\/2018\/12\/10\/voce-tem-dor-de-dente-como-e-realizado-um-tratamento-dentario\/","name":"Voc\u00ea tem dor de dente? Como \u00e9 realizado um tratamento dent\u00e1rio? - IOM - INSTITUTO ODONTOL\u00d3GICO","isPartOf":{"@id":"https:\/\/iomodontologia.com.br\/#website"},"primaryImageOfPage":{"@id":"https:\/\/iomodontologia.com.br\/index.php\/2018\/12\/10\/voce-tem-dor-de-dente-como-e-realizado-um-tratamento-dentario\/#primaryimage"},"image":{"@id":"https:\/\/iomodontologia.com.br\/index.php\/2018\/12\/10\/voce-tem-dor-de-dente-como-e-realizado-um-tratamento-dentario\/#primaryimage"},"thumbnailUrl":"","datePublished":"2018-12-10T15:36:10+00:00","breadcrumb":{"@id":"https:\/\/iomodontologia.com.br\/index.php\/2018\/12\/10\/voce-tem-dor-de-dente-como-e-realizado-um-tratamento-dentario\/#breadcrumb"},"inLanguage":"pt-BR","potentialAction":[{"@type":"ReadAction","target":["https:\/\/iomodontologia.com.br\/index.php\/2018\/12\/10\/voce-tem-dor-de-dente-como-e-realizado-um-tratamento-dentario\/"]}]},{"@type":"ImageObject","inLanguage":"pt-BR","@id":"https:\/\/iomodontologia.com.br\/index.php\/2018\/12\/10\/voce-tem-dor-de-dente-como-e-realizado-um-tratamento-dentario\/#primaryimage","url":"","contentUrl":""},{"@type":"BreadcrumbList","@id":"https:\/\/iomodontologia.com.br\/index.php\/2018\/12\/10\/voce-tem-dor-de-dente-como-e-realizado-um-tratamento-dentario\/#breadcrumb","itemListElement":[{"@type":"ListItem","position":1,"name":"Home","item":"https:\/\/iomodontologia.com.br\/"},{"@type":"ListItem","position":2,"name":"Voc\u00ea tem dor de dente? Como \u00e9 realizado um tratamento dent\u00e1rio?"}]},{"@type":"WebSite","@id":"https:\/\/iomodontologia.com.br\/#website","url":"https:\/\/iomodontologia.com.br\/","name":"IOM - INSTITUTO ODONTOL\u00d3GICO","description":"CL\u00cdNICA ODONTOL\u00d3GICA","publisher":{"@id":"https:\/\/iomodontologia.com.br\/#organization"},"potentialAction":[{"@type":"SearchAction","target":{"@type":"EntryPoint","urlTemplate":"https:\/\/iomodontologia.com.br\/?s={search_term_string}"},"query-input":{"@type":"PropertyValueSpecification","valueRequired":true,"valueName":"search_term_string"}}],"inLanguage":"pt-BR"},{"@type":"Organization","@id":"https:\/\/iomodontologia.com.br\/#organization","name":"IOM - Instituto Odontol\u00f3gico Mogiano","url":"https:\/\/iomodontologia.com.br\/","logo":{"@type":"ImageObject","inLanguage":"pt-BR","@id":"https:\/\/iomodontologia.com.br\/#\/schema\/logo\/image\/","url":"https:\/\/iomodontologia.com.br\/wp-content\/uploads\/2019\/11\/IOM-Logo-slogan.png","contentUrl":"https:\/\/iomodontologia.com.br\/wp-content\/uploads\/2019\/11\/IOM-Logo-slogan.png","width":2000,"height":858,"caption":"IOM - Instituto Odontol\u00f3gico Mogiano"},"image":{"@id":"https:\/\/iomodontologia.com.br\/#\/schema\/logo\/image\/"},"sameAs":["https:\/\/www.facebook.com\/iomodontologia","https:\/\/www.instagram.com\/iom.odonto"]},{"@type":"Person","@id":"https:\/\/iomodontologia.com.br\/#\/schema\/person\/2d8ae883d777958331a9492184992de0","name":"IOM","image":{"@type":"ImageObject","inLanguage":"pt-BR","@id":"https:\/\/iomodontologia.com.br\/#\/schema\/person\/image\/","url":"https:\/\/secure.gravatar.com\/avatar\/003dc2a3c14e0b6b5d63ec9413622bf8?s=96&d=mm&r=g","contentUrl":"https:\/\/secure.gravatar.com\/avatar\/003dc2a3c14e0b6b5d63ec9413622bf8?s=96&d=mm&r=g","caption":"IOM"},"sameAs":["http:\/\/taprontosite.com.br\/iom"],"url":"https:\/\/iomodontologia.com.br\/index.php\/author\/iom\/"}]}},"_links":{"self":[{"href":"https:\/\/iomodontologia.com.br\/index.php\/wp-json\/wp\/v2\/posts\/524","targetHints":{"allow":["GET"]}}],"collection":[{"href":"https:\/\/iomodontologia.com.br\/index.php\/wp-json\/wp\/v2\/posts"}],"about":[{"href":"https:\/\/iomodontologia.com.br\/index.php\/wp-json\/wp\/v2\/types\/post"}],"author":[{"embeddable":true,"href":"https:\/\/iomodontologia.com.br\/index.php\/wp-json\/wp\/v2\/users\/1"}],"replies":[{"embeddable":true,"href":"https:\/\/iomodontologia.com.br\/index.php\/wp-json\/wp\/v2\/comments?post=524"}],"version-history":[{"count":0,"href":"https:\/\/iomodontologia.com.br\/index.php\/wp-json\/wp\/v2\/posts\/524\/revisions"}],"wp:featuredmedia":[{"embeddable":true,"href":"https:\/\/iomodontologia.com.br\/index.php\/wp-json\/"}],"wp:attachment":[{"href":"https:\/\/iomodontologia.com.br\/index.php\/wp-json\/wp\/v2\/media?parent=524"}],"wp:term":[{"taxonomy":"category","embeddable":true,"href":"https:\/\/iomodontologia.com.br\/index.php\/wp-json\/wp\/v2\/categories?post=524"},{"taxonomy":"post_tag","embeddable":true,"href":"https:\/\/iomodontologia.com.br\/index.php\/wp-json\/wp\/v2\/tags?post=524"}],"curies":[{"name":"wp","href":"https:\/\/api.w.org\/{rel}","templated":true}]}}