{"id":520,"date":"2018-11-28T15:23:15","date_gmt":"2018-11-28T15:23:15","guid":{"rendered":"http:\/\/iomodontologia.com.br\/?p=520"},"modified":"2018-11-28T15:23:15","modified_gmt":"2018-11-28T15:23:15","slug":"fios-de-sustentacao-da-face","status":"publish","type":"post","link":"https:\/\/iomodontologia.com.br\/index.php\/2018\/11\/28\/fios-de-sustentacao-da-face\/","title":{"rendered":"Fios de Sustenta\u00e7\u00e3o da Face"},"content":{"rendered":"<p>No processo de envelhecimento facial, ocorre a perda do col\u00e1geno e flacidez dos tecidos de sustenta\u00e7\u00e3o da face, com consequente queda da ma\u00e7\u00e3 do rosto, forma\u00e7\u00e3o do bigode chin\u00eas, deslocamento da gordura para baixo dando aspecto de buldog e perda do contorno da mand\u00edbula.<\/p>\n<p>Quando esse processo est\u00e1 no inicio por volta dos 40 a 50 anos, onde a flacidez \u00e9 leve, \u00e9 poss\u00edvel melhorar essa queda, atrav\u00e9s dos fios de sustenta\u00e7\u00e3o facial.<\/p>\n<p><strong>PROCEDIMENTO DO IMPLANTE DO FIO NO ROSTO <\/strong><\/p>\n<p>Os fios de sustenta\u00e7\u00e3o s\u00e3o realizados no pr\u00f3prio consult\u00f3rio com anestesia local, sem necessidade de interna\u00e7\u00e3o.<\/p>\n<p>Os fios induzem a forma\u00e7\u00e3o de col\u00e1geno em volta deles, dando um efeito adicional de sustenta\u00e7\u00e3o e rejuvenescimento .<\/p>\n<p><strong>DURABILIDADE<\/strong><\/p>\n<p>Normalmente usa-se fios absorv\u00edveis e seus efeitos podem durar por at\u00e9 um ano e meio.<\/p>\n<p><strong>Alguns cuidados devem ser tomados ap\u00f3s a coloca\u00e7\u00e3o do fio:<\/strong><\/p>\n<p>\u2022 Evitar os movimentos faciais por por 48 horas.<br \/>\n\u2022 Deve-se aplicar gelo no local nas primeiras 12 horas.<br \/>\n\u2022 N\u00e3o se expor a calor excessivo.<br \/>\n\u2022 N\u00e3o dormir de bru\u00e7os<\/p>\n<p><strong>Como todos os procedimentos na \u00e1rea da sa\u00fade, os fios tamb\u00e9m t\u00eam suas CONTRA INDICA\u00c7\u00d5ES:<\/strong><\/p>\n<p>\u2022 Excesso de tecido adiposo na face.<br \/>\n\u2022 Excesso de pele devido ao envelhecimento avan\u00e7ado.<br \/>\n\u2022 Pele muito fina com falta de tecido adiposo.<\/p>\n<p>O mais interessante desse procedimento \u00e9 o resgate da autoestima, a confian\u00e7a e a satisfa\u00e7\u00e3o do paciente e esses valores representam os maiores objetivos e desafios no exerc\u00edcio da est\u00e9tica facial, desde que respaldada em condutas cient\u00edficas s\u00e9rias.<\/p>\n<p><strong>Alexandre Balbi Rodrigues &#8211; Especialista em implante &#8211; Reabilita\u00e7\u00e3o oral &#8211; Mestre em Bioodontologia (Biomateriais)<\/strong><\/p>\n<p><img decoding=\"async\" class=\"alignnone  wp-image-651\" src=\"https:\/\/iomodontologia.com.br\/wp-content\/uploads\/2019\/11\/logoface-300x300.png\" alt=\"\" width=\"61\" height=\"61\" srcset=\"https:\/\/iomodontologia.com.br\/wp-content\/uploads\/2019\/11\/logoface-300x300.png 300w, https:\/\/iomodontologia.com.br\/wp-content\/uploads\/2019\/11\/logoface-100x100.png 100w, https:\/\/iomodontologia.com.br\/wp-content\/uploads\/2019\/11\/logoface-150x150.png 150w, https:\/\/iomodontologia.com.br\/wp-content\/uploads\/2019\/11\/logoface.png 512w, https:\/\/iomodontologia.com.br\/wp-content\/uploads\/2019\/11\/logoface-65x65.png 65w, https:\/\/iomodontologia.com.br\/wp-content\/uploads\/2019\/11\/logoface-500x500.png 500w\" sizes=\"(max-width: 61px) 100vw, 61px\" \/> <a href=\"http:\/\/fb.com\/iomodontologia\/\" target=\"_blank\" rel=\"noopener noreferrer\">fb.com\/iomodontologia\/<\/a><\/p>\n<p><img decoding=\"async\" class=\"alignnone  wp-image-652\" src=\"https:\/\/iomodontologia.com.br\/wp-content\/uploads\/2019\/11\/01-300x300.png\" alt=\"\" width=\"59\" height=\"59\" srcset=\"https:\/\/iomodontologia.com.br\/wp-content\/uploads\/2019\/11\/01-300x300.png 300w, https:\/\/iomodontologia.com.br\/wp-content\/uploads\/2019\/11\/01-100x100.png 100w, https:\/\/iomodontologia.com.br\/wp-content\/uploads\/2019\/11\/01-600x603.png 600w, https:\/\/iomodontologia.com.br\/wp-content\/uploads\/2019\/11\/01-1019x1024.png 1019w, https:\/\/iomodontologia.com.br\/wp-content\/uploads\/2019\/11\/01-150x150.png 150w, https:\/\/iomodontologia.com.br\/wp-content\/uploads\/2019\/11\/01-768x772.png 768w, https:\/\/iomodontologia.com.br\/wp-content\/uploads\/2019\/11\/01-1529x1536.png 1529w, https:\/\/iomodontologia.com.br\/wp-content\/uploads\/2019\/11\/01-2038x2048.png 2038w, https:\/\/iomodontologia.com.br\/wp-content\/uploads\/2019\/11\/01-65x65.png 65w, https:\/\/iomodontologia.com.br\/wp-content\/uploads\/2019\/11\/01-500x500.png 500w, https:\/\/iomodontologia.com.br\/wp-content\/uploads\/2019\/11\/01-580x583.png 580w, https:\/\/iomodontologia.com.br\/wp-content\/uploads\/2019\/11\/01-860x864.png 860w, https:\/\/iomodontologia.com.br\/wp-content\/uploads\/2019\/11\/01-1160x1165.png 1160w, https:\/\/iomodontologia.com.br\/wp-content\/uploads\/2019\/11\/01-1320x1326.png 1320w\" sizes=\"(max-width: 59px) 100vw, 59px\" \/><a href=\"http:\/\/api.whatsapp.com\/send?phone=5511984450119&amp;text=Ol\u00e1\" target=\"_blank\" rel=\"noopener noreferrer\">(11) 98445.0119<\/a><\/p>\n<figure id=\"attachment_650\" aria-describedby=\"caption-attachment-650\" style=\"width: 300px\" class=\"wp-caption alignnone\"><img decoding=\"async\" class=\"size-medium wp-image-650\" src=\"https:\/\/iomodontologia.com.br\/wp-content\/uploads\/2019\/11\/IOM-Logo-slogan-300x129.png\" alt=\"\" width=\"300\" height=\"129\" srcset=\"https:\/\/iomodontologia.com.br\/wp-content\/uploads\/2019\/11\/IOM-Logo-slogan-300x129.png 300w, https:\/\/iomodontologia.com.br\/wp-content\/uploads\/2019\/11\/IOM-Logo-slogan-600x257.png 600w, https:\/\/iomodontologia.com.br\/wp-content\/uploads\/2019\/11\/IOM-Logo-slogan-1024x439.png 1024w, https:\/\/iomodontologia.com.br\/wp-content\/uploads\/2019\/11\/IOM-Logo-slogan-768x329.png 768w, https:\/\/iomodontologia.com.br\/wp-content\/uploads\/2019\/11\/IOM-Logo-slogan-1536x659.png 1536w, https:\/\/iomodontologia.com.br\/wp-content\/uploads\/2019\/11\/IOM-Logo-slogan-580x249.png 580w, https:\/\/iomodontologia.com.br\/wp-content\/uploads\/2019\/11\/IOM-Logo-slogan-860x369.png 860w, https:\/\/iomodontologia.com.br\/wp-content\/uploads\/2019\/11\/IOM-Logo-slogan-1160x498.png 1160w, https:\/\/iomodontologia.com.br\/wp-content\/uploads\/2019\/11\/IOM-Logo-slogan-1320x566.png 1320w, https:\/\/iomodontologia.com.br\/wp-content\/uploads\/2019\/11\/IOM-Logo-slogan.png 2000w\" sizes=\"(max-width: 300px) 100vw, 300px\" \/><figcaption id=\"caption-attachment-650\" class=\"wp-caption-text\">IOM Instituto Odontol\u00f3gico Mogiano<\/figcaption><\/figure>\n","protected":false},"excerpt":{"rendered":"<p>No processo de envelhecimento facial, ocorre a perda do col\u00e1geno e flacidez dos tecidos de sustenta\u00e7\u00e3o da face, com consequente queda da ma\u00e7\u00e3 do rosto, forma\u00e7\u00e3o do bigode chin\u00eas, deslocamento da gordura para baixo dando aspecto de buldog e perda do contorno da mand\u00edbula. Quando esse processo est\u00e1 no inicio por volta dos 40 a&#8230;<\/p>\n","protected":false},"author":1,"featured_media":521,"comment_status":"open","ping_status":"open","sticky":false,"template":"","format":"standard","meta":{"_joinchat":[],"footnotes":""},"categories":[61],"tags":[],"class_list":["post-520","post","type-post","status-publish","format-standard","has-post-thumbnail","hentry","category-artigos"],"yoast_head":"<!-- This site is optimized with the Yoast SEO plugin v26.8 - https:\/\/yoast.com\/product\/yoast-seo-wordpress\/ -->\n<title>Fios de Sustenta\u00e7\u00e3o da Face - IOM - INSTITUTO ODONTOL\u00d3GICO<\/title>\n<meta name=\"robots\" content=\"index, follow, max-snippet:-1, max-image-preview:large, max-video-preview:-1\" \/>\n<link rel=\"canonical\" href=\"https:\/\/iomodontologia.com.br\/index.php\/2018\/11\/28\/fios-de-sustentacao-da-face\/\" \/>\n<meta property=\"og:locale\" content=\"pt_BR\" \/>\n<meta property=\"og:type\" content=\"article\" \/>\n<meta property=\"og:title\" content=\"Fios de Sustenta\u00e7\u00e3o da Face - IOM - INSTITUTO ODONTOL\u00d3GICO\" \/>\n<meta property=\"og:description\" content=\"No processo de envelhecimento facial, ocorre a perda do col\u00e1geno e flacidez dos tecidos de sustenta\u00e7\u00e3o da face, com consequente queda da ma\u00e7\u00e3 do rosto, forma\u00e7\u00e3o do bigode chin\u00eas, deslocamento da gordura para baixo dando aspecto de buldog e perda do contorno da mand\u00edbula. Quando esse processo est\u00e1 no inicio por volta dos 40 a...\" \/>\n<meta property=\"og:url\" content=\"https:\/\/iomodontologia.com.br\/index.php\/2018\/11\/28\/fios-de-sustentacao-da-face\/\" \/>\n<meta property=\"og:site_name\" content=\"IOM - INSTITUTO ODONTOL\u00d3GICO\" \/>\n<meta property=\"article:publisher\" content=\"https:\/\/www.facebook.com\/iomodontologia\" \/>\n<meta property=\"article:published_time\" content=\"2018-11-28T15:23:15+00:00\" \/>\n<meta name=\"author\" content=\"IOM\" \/>\n<meta name=\"twitter:card\" content=\"summary_large_image\" \/>\n<meta name=\"twitter:label1\" content=\"Escrito por\" \/>\n\t<meta name=\"twitter:data1\" content=\"IOM\" \/>\n\t<meta name=\"twitter:label2\" content=\"Est. tempo de leitura\" \/>\n\t<meta name=\"twitter:data2\" content=\"1 minuto\" \/>\n<script type=\"application\/ld+json\" class=\"yoast-schema-graph\">{\"@context\":\"https:\/\/schema.org\",\"@graph\":[{\"@type\":\"Article\",\"@id\":\"https:\/\/iomodontologia.com.br\/index.php\/2018\/11\/28\/fios-de-sustentacao-da-face\/#article\",\"isPartOf\":{\"@id\":\"https:\/\/iomodontologia.com.br\/index.php\/2018\/11\/28\/fios-de-sustentacao-da-face\/\"},\"author\":{\"name\":\"IOM\",\"@id\":\"https:\/\/iomodontologia.com.br\/#\/schema\/person\/2d8ae883d777958331a9492184992de0\"},\"headline\":\"Fios de Sustenta\u00e7\u00e3o da Face\",\"datePublished\":\"2018-11-28T15:23:15+00:00\",\"mainEntityOfPage\":{\"@id\":\"https:\/\/iomodontologia.com.br\/index.php\/2018\/11\/28\/fios-de-sustentacao-da-face\/\"},\"wordCount\":304,\"commentCount\":0,\"publisher\":{\"@id\":\"https:\/\/iomodontologia.com.br\/#organization\"},\"image\":{\"@id\":\"https:\/\/iomodontologia.com.br\/index.php\/2018\/11\/28\/fios-de-sustentacao-da-face\/#primaryimage\"},\"thumbnailUrl\":\"\",\"articleSection\":[\"Artigos\"],\"inLanguage\":\"pt-BR\",\"potentialAction\":[{\"@type\":\"CommentAction\",\"name\":\"Comment\",\"target\":[\"https:\/\/iomodontologia.com.br\/index.php\/2018\/11\/28\/fios-de-sustentacao-da-face\/#respond\"]}]},{\"@type\":\"WebPage\",\"@id\":\"https:\/\/iomodontologia.com.br\/index.php\/2018\/11\/28\/fios-de-sustentacao-da-face\/\",\"url\":\"https:\/\/iomodontologia.com.br\/index.php\/2018\/11\/28\/fios-de-sustentacao-da-face\/\",\"name\":\"Fios de Sustenta\u00e7\u00e3o da Face - IOM - INSTITUTO ODONTOL\u00d3GICO\",\"isPartOf\":{\"@id\":\"https:\/\/iomodontologia.com.br\/#website\"},\"primaryImageOfPage\":{\"@id\":\"https:\/\/iomodontologia.com.br\/index.php\/2018\/11\/28\/fios-de-sustentacao-da-face\/#primaryimage\"},\"image\":{\"@id\":\"https:\/\/iomodontologia.com.br\/index.php\/2018\/11\/28\/fios-de-sustentacao-da-face\/#primaryimage\"},\"thumbnailUrl\":\"\",\"datePublished\":\"2018-11-28T15:23:15+00:00\",\"breadcrumb\":{\"@id\":\"https:\/\/iomodontologia.com.br\/index.php\/2018\/11\/28\/fios-de-sustentacao-da-face\/#breadcrumb\"},\"inLanguage\":\"pt-BR\",\"potentialAction\":[{\"@type\":\"ReadAction\",\"target\":[\"https:\/\/iomodontologia.com.br\/index.php\/2018\/11\/28\/fios-de-sustentacao-da-face\/\"]}]},{\"@type\":\"ImageObject\",\"inLanguage\":\"pt-BR\",\"@id\":\"https:\/\/iomodontologia.com.br\/index.php\/2018\/11\/28\/fios-de-sustentacao-da-face\/#primaryimage\",\"url\":\"\",\"contentUrl\":\"\"},{\"@type\":\"BreadcrumbList\",\"@id\":\"https:\/\/iomodontologia.com.br\/index.php\/2018\/11\/28\/fios-de-sustentacao-da-face\/#breadcrumb\",\"itemListElement\":[{\"@type\":\"ListItem\",\"position\":1,\"name\":\"Home\",\"item\":\"https:\/\/iomodontologia.com.br\/\"},{\"@type\":\"ListItem\",\"position\":2,\"name\":\"Fios de Sustenta\u00e7\u00e3o da Face\"}]},{\"@type\":\"WebSite\",\"@id\":\"https:\/\/iomodontologia.com.br\/#website\",\"url\":\"https:\/\/iomodontologia.com.br\/\",\"name\":\"IOM - INSTITUTO ODONTOL\u00d3GICO\",\"description\":\"CL\u00cdNICA ODONTOL\u00d3GICA\",\"publisher\":{\"@id\":\"https:\/\/iomodontologia.com.br\/#organization\"},\"potentialAction\":[{\"@type\":\"SearchAction\",\"target\":{\"@type\":\"EntryPoint\",\"urlTemplate\":\"https:\/\/iomodontologia.com.br\/?s={search_term_string}\"},\"query-input\":{\"@type\":\"PropertyValueSpecification\",\"valueRequired\":true,\"valueName\":\"search_term_string\"}}],\"inLanguage\":\"pt-BR\"},{\"@type\":\"Organization\",\"@id\":\"https:\/\/iomodontologia.com.br\/#organization\",\"name\":\"IOM - Instituto Odontol\u00f3gico Mogiano\",\"url\":\"https:\/\/iomodontologia.com.br\/\",\"logo\":{\"@type\":\"ImageObject\",\"inLanguage\":\"pt-BR\",\"@id\":\"https:\/\/iomodontologia.com.br\/#\/schema\/logo\/image\/\",\"url\":\"https:\/\/iomodontologia.com.br\/wp-content\/uploads\/2019\/11\/IOM-Logo-slogan.png\",\"contentUrl\":\"https:\/\/iomodontologia.com.br\/wp-content\/uploads\/2019\/11\/IOM-Logo-slogan.png\",\"width\":2000,\"height\":858,\"caption\":\"IOM - Instituto Odontol\u00f3gico Mogiano\"},\"image\":{\"@id\":\"https:\/\/iomodontologia.com.br\/#\/schema\/logo\/image\/\"},\"sameAs\":[\"https:\/\/www.facebook.com\/iomodontologia\",\"https:\/\/www.instagram.com\/iom.odonto\"]},{\"@type\":\"Person\",\"@id\":\"https:\/\/iomodontologia.com.br\/#\/schema\/person\/2d8ae883d777958331a9492184992de0\",\"name\":\"IOM\",\"image\":{\"@type\":\"ImageObject\",\"inLanguage\":\"pt-BR\",\"@id\":\"https:\/\/iomodontologia.com.br\/#\/schema\/person\/image\/\",\"url\":\"https:\/\/secure.gravatar.com\/avatar\/003dc2a3c14e0b6b5d63ec9413622bf8?s=96&d=mm&r=g\",\"contentUrl\":\"https:\/\/secure.gravatar.com\/avatar\/003dc2a3c14e0b6b5d63ec9413622bf8?s=96&d=mm&r=g\",\"caption\":\"IOM\"},\"sameAs\":[\"http:\/\/taprontosite.com.br\/iom\"],\"url\":\"https:\/\/iomodontologia.com.br\/index.php\/author\/iom\/\"}]}<\/script>\n<!-- \/ Yoast SEO plugin. -->","yoast_head_json":{"title":"Fios de Sustenta\u00e7\u00e3o da Face - IOM - INSTITUTO ODONTOL\u00d3GICO","robots":{"index":"index","follow":"follow","max-snippet":"max-snippet:-1","max-image-preview":"max-image-preview:large","max-video-preview":"max-video-preview:-1"},"canonical":"https:\/\/iomodontologia.com.br\/index.php\/2018\/11\/28\/fios-de-sustentacao-da-face\/","og_locale":"pt_BR","og_type":"article","og_title":"Fios de Sustenta\u00e7\u00e3o da Face - IOM - INSTITUTO ODONTOL\u00d3GICO","og_description":"No processo de envelhecimento facial, ocorre a perda do col\u00e1geno e flacidez dos tecidos de sustenta\u00e7\u00e3o da face, com consequente queda da ma\u00e7\u00e3 do rosto, forma\u00e7\u00e3o do bigode chin\u00eas, deslocamento da gordura para baixo dando aspecto de buldog e perda do contorno da mand\u00edbula. Quando esse processo est\u00e1 no inicio por volta dos 40 a...","og_url":"https:\/\/iomodontologia.com.br\/index.php\/2018\/11\/28\/fios-de-sustentacao-da-face\/","og_site_name":"IOM - INSTITUTO ODONTOL\u00d3GICO","article_publisher":"https:\/\/www.facebook.com\/iomodontologia","article_published_time":"2018-11-28T15:23:15+00:00","author":"IOM","twitter_card":"summary_large_image","twitter_misc":{"Escrito por":"IOM","Est. tempo de leitura":"1 minuto"},"schema":{"@context":"https:\/\/schema.org","@graph":[{"@type":"Article","@id":"https:\/\/iomodontologia.com.br\/index.php\/2018\/11\/28\/fios-de-sustentacao-da-face\/#article","isPartOf":{"@id":"https:\/\/iomodontologia.com.br\/index.php\/2018\/11\/28\/fios-de-sustentacao-da-face\/"},"author":{"name":"IOM","@id":"https:\/\/iomodontologia.com.br\/#\/schema\/person\/2d8ae883d777958331a9492184992de0"},"headline":"Fios de Sustenta\u00e7\u00e3o da Face","datePublished":"2018-11-28T15:23:15+00:00","mainEntityOfPage":{"@id":"https:\/\/iomodontologia.com.br\/index.php\/2018\/11\/28\/fios-de-sustentacao-da-face\/"},"wordCount":304,"commentCount":0,"publisher":{"@id":"https:\/\/iomodontologia.com.br\/#organization"},"image":{"@id":"https:\/\/iomodontologia.com.br\/index.php\/2018\/11\/28\/fios-de-sustentacao-da-face\/#primaryimage"},"thumbnailUrl":"","articleSection":["Artigos"],"inLanguage":"pt-BR","potentialAction":[{"@type":"CommentAction","name":"Comment","target":["https:\/\/iomodontologia.com.br\/index.php\/2018\/11\/28\/fios-de-sustentacao-da-face\/#respond"]}]},{"@type":"WebPage","@id":"https:\/\/iomodontologia.com.br\/index.php\/2018\/11\/28\/fios-de-sustentacao-da-face\/","url":"https:\/\/iomodontologia.com.br\/index.php\/2018\/11\/28\/fios-de-sustentacao-da-face\/","name":"Fios de Sustenta\u00e7\u00e3o da Face - IOM - INSTITUTO ODONTOL\u00d3GICO","isPartOf":{"@id":"https:\/\/iomodontologia.com.br\/#website"},"primaryImageOfPage":{"@id":"https:\/\/iomodontologia.com.br\/index.php\/2018\/11\/28\/fios-de-sustentacao-da-face\/#primaryimage"},"image":{"@id":"https:\/\/iomodontologia.com.br\/index.php\/2018\/11\/28\/fios-de-sustentacao-da-face\/#primaryimage"},"thumbnailUrl":"","datePublished":"2018-11-28T15:23:15+00:00","breadcrumb":{"@id":"https:\/\/iomodontologia.com.br\/index.php\/2018\/11\/28\/fios-de-sustentacao-da-face\/#breadcrumb"},"inLanguage":"pt-BR","potentialAction":[{"@type":"ReadAction","target":["https:\/\/iomodontologia.com.br\/index.php\/2018\/11\/28\/fios-de-sustentacao-da-face\/"]}]},{"@type":"ImageObject","inLanguage":"pt-BR","@id":"https:\/\/iomodontologia.com.br\/index.php\/2018\/11\/28\/fios-de-sustentacao-da-face\/#primaryimage","url":"","contentUrl":""},{"@type":"BreadcrumbList","@id":"https:\/\/iomodontologia.com.br\/index.php\/2018\/11\/28\/fios-de-sustentacao-da-face\/#breadcrumb","itemListElement":[{"@type":"ListItem","position":1,"name":"Home","item":"https:\/\/iomodontologia.com.br\/"},{"@type":"ListItem","position":2,"name":"Fios de Sustenta\u00e7\u00e3o da Face"}]},{"@type":"WebSite","@id":"https:\/\/iomodontologia.com.br\/#website","url":"https:\/\/iomodontologia.com.br\/","name":"IOM - INSTITUTO ODONTOL\u00d3GICO","description":"CL\u00cdNICA ODONTOL\u00d3GICA","publisher":{"@id":"https:\/\/iomodontologia.com.br\/#organization"},"potentialAction":[{"@type":"SearchAction","target":{"@type":"EntryPoint","urlTemplate":"https:\/\/iomodontologia.com.br\/?s={search_term_string}"},"query-input":{"@type":"PropertyValueSpecification","valueRequired":true,"valueName":"search_term_string"}}],"inLanguage":"pt-BR"},{"@type":"Organization","@id":"https:\/\/iomodontologia.com.br\/#organization","name":"IOM - Instituto Odontol\u00f3gico Mogiano","url":"https:\/\/iomodontologia.com.br\/","logo":{"@type":"ImageObject","inLanguage":"pt-BR","@id":"https:\/\/iomodontologia.com.br\/#\/schema\/logo\/image\/","url":"https:\/\/iomodontologia.com.br\/wp-content\/uploads\/2019\/11\/IOM-Logo-slogan.png","contentUrl":"https:\/\/iomodontologia.com.br\/wp-content\/uploads\/2019\/11\/IOM-Logo-slogan.png","width":2000,"height":858,"caption":"IOM - Instituto Odontol\u00f3gico Mogiano"},"image":{"@id":"https:\/\/iomodontologia.com.br\/#\/schema\/logo\/image\/"},"sameAs":["https:\/\/www.facebook.com\/iomodontologia","https:\/\/www.instagram.com\/iom.odonto"]},{"@type":"Person","@id":"https:\/\/iomodontologia.com.br\/#\/schema\/person\/2d8ae883d777958331a9492184992de0","name":"IOM","image":{"@type":"ImageObject","inLanguage":"pt-BR","@id":"https:\/\/iomodontologia.com.br\/#\/schema\/person\/image\/","url":"https:\/\/secure.gravatar.com\/avatar\/003dc2a3c14e0b6b5d63ec9413622bf8?s=96&d=mm&r=g","contentUrl":"https:\/\/secure.gravatar.com\/avatar\/003dc2a3c14e0b6b5d63ec9413622bf8?s=96&d=mm&r=g","caption":"IOM"},"sameAs":["http:\/\/taprontosite.com.br\/iom"],"url":"https:\/\/iomodontologia.com.br\/index.php\/author\/iom\/"}]}},"_links":{"self":[{"href":"https:\/\/iomodontologia.com.br\/index.php\/wp-json\/wp\/v2\/posts\/520","targetHints":{"allow":["GET"]}}],"collection":[{"href":"https:\/\/iomodontologia.com.br\/index.php\/wp-json\/wp\/v2\/posts"}],"about":[{"href":"https:\/\/iomodontologia.com.br\/index.php\/wp-json\/wp\/v2\/types\/post"}],"author":[{"embeddable":true,"href":"https:\/\/iomodontologia.com.br\/index.php\/wp-json\/wp\/v2\/users\/1"}],"replies":[{"embeddable":true,"href":"https:\/\/iomodontologia.com.br\/index.php\/wp-json\/wp\/v2\/comments?post=520"}],"version-history":[{"count":0,"href":"https:\/\/iomodontologia.com.br\/index.php\/wp-json\/wp\/v2\/posts\/520\/revisions"}],"wp:featuredmedia":[{"embeddable":true,"href":"https:\/\/iomodontologia.com.br\/index.php\/wp-json\/"}],"wp:attachment":[{"href":"https:\/\/iomodontologia.com.br\/index.php\/wp-json\/wp\/v2\/media?parent=520"}],"wp:term":[{"taxonomy":"category","embeddable":true,"href":"https:\/\/iomodontologia.com.br\/index.php\/wp-json\/wp\/v2\/categories?post=520"},{"taxonomy":"post_tag","embeddable":true,"href":"https:\/\/iomodontologia.com.br\/index.php\/wp-json\/wp\/v2\/tags?post=520"}],"curies":[{"name":"wp","href":"https:\/\/api.w.org\/{rel}","templated":true}]}}