{"id":517,"date":"2018-11-28T15:14:17","date_gmt":"2018-11-28T15:14:17","guid":{"rendered":"http:\/\/iomodontologia.com.br\/?p=517"},"modified":"2018-11-28T15:14:17","modified_gmt":"2018-11-28T15:14:17","slug":"aparelho-ortodontico-transparente-invisalign","status":"publish","type":"post","link":"https:\/\/iomodontologia.com.br\/index.php\/2018\/11\/28\/aparelho-ortodontico-transparente-invisalign\/","title":{"rendered":"Aparelho Ortod\u00f4ntico transparente &#8211; Invisalign"},"content":{"rendered":"<h1 style=\"text-align: center;\"><strong>Aparelho Ortod\u00f4ntico transparente &#8211; Invisalign<\/strong><\/h1>\n<h1><img decoding=\"async\" class=\"alignnone size-medium wp-image-654 aligncenter\" src=\"https:\/\/iomodontologia.com.br\/wp-content\/uploads\/2018\/11\/123456789-300x147.jpg\" alt=\"\" width=\"300\" height=\"147\" srcset=\"https:\/\/iomodontologia.com.br\/wp-content\/uploads\/2018\/11\/123456789-300x147.jpg 300w, https:\/\/iomodontologia.com.br\/wp-content\/uploads\/2018\/11\/123456789-600x294.jpg 600w, https:\/\/iomodontologia.com.br\/wp-content\/uploads\/2018\/11\/123456789-768x376.jpg 768w, https:\/\/iomodontologia.com.br\/wp-content\/uploads\/2018\/11\/123456789-580x284.jpg 580w, https:\/\/iomodontologia.com.br\/wp-content\/uploads\/2018\/11\/123456789-860x421.jpg 860w, https:\/\/iomodontologia.com.br\/wp-content\/uploads\/2018\/11\/123456789.jpg 1016w\" sizes=\"(max-width: 300px) 100vw, 300px\" \/><\/h1>\n<p><strong>Invisalign est\u00e9tica alinhada \u00e0 fun\u00e7\u00e3o<\/strong><\/p>\n<p><strong>Invisalign<\/strong> \u00e9 uma inova\u00e7\u00e3o dos aparelhos, tamb\u00e9m conhecido como <strong>aparelho ortod\u00f4ntico invis\u00edvel<\/strong>, isso porque nesse tratamento n\u00e3o se usa os famosos brakets e fios, e como isso pode acontecer?<\/p>\n<p>S\u00f3 \u00e9 poss\u00edvel pelo dom\u00ednio da alta tecnologia hoje dispon\u00edvel. Uma sequ\u00eancia de alinhadores remov\u00edveis (como se fosse plaquinhas de acr\u00edlico bem delicadas, finas e transparentes) s\u00e3o criados por computador. Esses <strong>alinhadores transparentes<\/strong> permitem movimenta\u00e7\u00f5es dent\u00e1rias progressivas. A troca dos alinhadores ocorrem por volta de 7 a 14 dias dependendo do caso. Dessa forma gradualmente os dentes v\u00e3o tomando sua posi\u00e7\u00e3o ideal.<\/p>\n<h4><strong>PRINCIPAIS VANTAGENS DE USO DO INVISALIGN PARA O PACIENTE:<\/strong><\/h4>\n<p>1 \u2013 <strong>Est\u00e9tica<\/strong>: o <strong>aparelho<\/strong> \u00e9 <strong>transparente<\/strong> e quase impercept\u00edvel;<\/p>\n<p>2 \u2013 Conforto: permite ao paciente o <strong>uso dos alinhadores<\/strong> sem ter que se preocupar com o inc\u00f4modo dos aparelhos tradicionais.<\/p>\n<p>3 &#8211; S\u00e3o <strong>remov\u00edveis<\/strong>, podem ser retirados em caso de eventos sociais, d\u00e3o liberdade para comer, mastigar e beber o que quiser por serem remov\u00edveis, al\u00e9m de possibilitar a perfeita escova\u00e7\u00e3o dos dentes e uso de fio dental regularmente;<\/p>\n<p>4 \u2013 Previsibilidade: o <strong>Dentista<\/strong> ir\u00e1 criar um plano de tratamento 3D personalizado que possibilita \u201cvisualizar\u201d a posi\u00e7\u00e3o final dos dentes e tamb\u00e9m estimar a prov\u00e1vel dura\u00e7\u00e3o do tratamento;<\/p>\n<p>5\u2013 Consultas r\u00e1pidas: A maioria das consultas s\u00e3o curtas, com uma r\u00e1pida verifica\u00e7\u00e3o do progresso uma vez a cada 6-8 semanas e acontecem de acordo com a disponibilidade do paciente.<\/p>\n<h4><strong>PARA QUAIS CASOS O INVISALIGN \u00c9 INDICADO?<\/strong><\/h4>\n<p>O Sistema pode ser usado para tratar desde problemas leves, at\u00e9 os mais severos, mas para que o tratamento tenha seus resultados potencializados, \u00e9 indicado que o alinhador seja usado ao menos 20 horas\/dia. Deve ser removido durante as refei\u00e7\u00f5es e tornar a ser usado ap\u00f3s higiene bucal.<\/p>\n<p>Para finalizar, gostaria de deixar claro que esse tipo de tratamento precisa de um acompanhamento profissional especializado e que o paciente tem um papel fundamental para que os resultados sejam alcan\u00e7ados.<\/p>\n<h4><b>Gostou da ideia de usar um aparelho transparente ?\u00a0<\/b><\/h4>\n<p>Entre em contato conosco:<\/p>\n<p><img decoding=\"async\" class=\"alignnone wp-image-651\" src=\"https:\/\/iomodontologia.com.br\/wp-content\/uploads\/2019\/11\/logoface-300x300.png\" alt=\"\" width=\"35\" height=\"35\" srcset=\"https:\/\/iomodontologia.com.br\/wp-content\/uploads\/2019\/11\/logoface-300x300.png 300w, https:\/\/iomodontologia.com.br\/wp-content\/uploads\/2019\/11\/logoface-100x100.png 100w, https:\/\/iomodontologia.com.br\/wp-content\/uploads\/2019\/11\/logoface-150x150.png 150w, https:\/\/iomodontologia.com.br\/wp-content\/uploads\/2019\/11\/logoface.png 512w, https:\/\/iomodontologia.com.br\/wp-content\/uploads\/2019\/11\/logoface-65x65.png 65w, https:\/\/iomodontologia.com.br\/wp-content\/uploads\/2019\/11\/logoface-500x500.png 500w\" sizes=\"(max-width: 35px) 100vw, 35px\" \/> <a href=\"https:\/\/www.facebook.com\/iomodontologia\/\" target=\"_blank\" rel=\"noopener noreferrer\">Nossa P\u00e1gina no Face<\/a><\/p>\n<p><img decoding=\"async\" class=\"alignnone wp-image-652\" src=\"https:\/\/iomodontologia.com.br\/wp-content\/uploads\/2019\/11\/01-300x300.png\" alt=\"\" width=\"37\" height=\"37\" srcset=\"https:\/\/iomodontologia.com.br\/wp-content\/uploads\/2019\/11\/01-300x300.png 300w, https:\/\/iomodontologia.com.br\/wp-content\/uploads\/2019\/11\/01-100x100.png 100w, https:\/\/iomodontologia.com.br\/wp-content\/uploads\/2019\/11\/01-600x603.png 600w, https:\/\/iomodontologia.com.br\/wp-content\/uploads\/2019\/11\/01-1019x1024.png 1019w, https:\/\/iomodontologia.com.br\/wp-content\/uploads\/2019\/11\/01-150x150.png 150w, https:\/\/iomodontologia.com.br\/wp-content\/uploads\/2019\/11\/01-768x772.png 768w, https:\/\/iomodontologia.com.br\/wp-content\/uploads\/2019\/11\/01-1529x1536.png 1529w, https:\/\/iomodontologia.com.br\/wp-content\/uploads\/2019\/11\/01-2038x2048.png 2038w, https:\/\/iomodontologia.com.br\/wp-content\/uploads\/2019\/11\/01-65x65.png 65w, https:\/\/iomodontologia.com.br\/wp-content\/uploads\/2019\/11\/01-500x500.png 500w, https:\/\/iomodontologia.com.br\/wp-content\/uploads\/2019\/11\/01-580x583.png 580w, https:\/\/iomodontologia.com.br\/wp-content\/uploads\/2019\/11\/01-860x864.png 860w, https:\/\/iomodontologia.com.br\/wp-content\/uploads\/2019\/11\/01-1160x1165.png 1160w, https:\/\/iomodontologia.com.br\/wp-content\/uploads\/2019\/11\/01-1320x1326.png 1320w\" sizes=\"(max-width: 37px) 100vw, 37px\" \/> <a href=\"https:\/\/api.whatsapp.com\/send?phone=5511984450119&amp;text=Ol%C3%A1\" target=\"_blank\" rel=\"noopener noreferrer\">Clique aqui para falar conosco pelo WhatsApp<\/a><\/p>\n<figure id=\"attachment_650\" aria-describedby=\"caption-attachment-650\" style=\"width: 300px\" class=\"wp-caption alignnone\"><img decoding=\"async\" class=\"size-medium wp-image-650\" src=\"https:\/\/iomodontologia.com.br\/wp-content\/uploads\/2019\/11\/IOM-Logo-slogan-300x129.png\" alt=\"\" width=\"300\" height=\"129\" srcset=\"https:\/\/iomodontologia.com.br\/wp-content\/uploads\/2019\/11\/IOM-Logo-slogan-300x129.png 300w, https:\/\/iomodontologia.com.br\/wp-content\/uploads\/2019\/11\/IOM-Logo-slogan-600x257.png 600w, https:\/\/iomodontologia.com.br\/wp-content\/uploads\/2019\/11\/IOM-Logo-slogan-1024x439.png 1024w, https:\/\/iomodontologia.com.br\/wp-content\/uploads\/2019\/11\/IOM-Logo-slogan-768x329.png 768w, https:\/\/iomodontologia.com.br\/wp-content\/uploads\/2019\/11\/IOM-Logo-slogan-1536x659.png 1536w, https:\/\/iomodontologia.com.br\/wp-content\/uploads\/2019\/11\/IOM-Logo-slogan-580x249.png 580w, https:\/\/iomodontologia.com.br\/wp-content\/uploads\/2019\/11\/IOM-Logo-slogan-860x369.png 860w, https:\/\/iomodontologia.com.br\/wp-content\/uploads\/2019\/11\/IOM-Logo-slogan-1160x498.png 1160w, https:\/\/iomodontologia.com.br\/wp-content\/uploads\/2019\/11\/IOM-Logo-slogan-1320x566.png 1320w, https:\/\/iomodontologia.com.br\/wp-content\/uploads\/2019\/11\/IOM-Logo-slogan.png 2000w\" sizes=\"(max-width: 300px) 100vw, 300px\" \/><figcaption id=\"caption-attachment-650\" class=\"wp-caption-text\">IOM Instituto Odontol\u00f3gico Mogiano<\/figcaption><\/figure>\n","protected":false},"excerpt":{"rendered":"<p>Aparelho Ortod\u00f4ntico transparente &#8211; Invisalign Invisalign est\u00e9tica alinhada \u00e0 fun\u00e7\u00e3o Invisalign \u00e9 uma inova\u00e7\u00e3o dos aparelhos, tamb\u00e9m conhecido como aparelho ortod\u00f4ntico invis\u00edvel, isso porque nesse tratamento n\u00e3o se usa os famosos brakets e fios, e como isso pode acontecer? S\u00f3 \u00e9 poss\u00edvel pelo dom\u00ednio da alta tecnologia hoje dispon\u00edvel. Uma sequ\u00eancia de alinhadores remov\u00edveis (como&#8230;<\/p>\n","protected":false},"author":1,"featured_media":518,"comment_status":"open","ping_status":"open","sticky":false,"template":"","format":"standard","meta":{"_joinchat":[],"footnotes":""},"categories":[61],"tags":[],"class_list":["post-517","post","type-post","status-publish","format-standard","has-post-thumbnail","hentry","category-artigos"],"yoast_head":"<!-- This site is optimized with the Yoast SEO plugin v26.8 - https:\/\/yoast.com\/product\/yoast-seo-wordpress\/ -->\n<title>Aparelho Ortod\u00f4ntico transparente - Invisalign - IOM - INSTITUTO ODONTOL\u00d3GICO<\/title>\n<meta name=\"robots\" content=\"index, follow, max-snippet:-1, max-image-preview:large, max-video-preview:-1\" \/>\n<link rel=\"canonical\" href=\"https:\/\/iomodontologia.com.br\/index.php\/2018\/11\/28\/aparelho-ortodontico-transparente-invisalign\/\" \/>\n<meta property=\"og:locale\" content=\"pt_BR\" \/>\n<meta property=\"og:type\" content=\"article\" \/>\n<meta property=\"og:title\" content=\"Aparelho Ortod\u00f4ntico transparente - Invisalign - IOM - INSTITUTO ODONTOL\u00d3GICO\" \/>\n<meta property=\"og:description\" content=\"Aparelho Ortod\u00f4ntico transparente &#8211; Invisalign Invisalign est\u00e9tica alinhada \u00e0 fun\u00e7\u00e3o Invisalign \u00e9 uma inova\u00e7\u00e3o dos aparelhos, tamb\u00e9m conhecido como aparelho ortod\u00f4ntico invis\u00edvel, isso porque nesse tratamento n\u00e3o se usa os famosos brakets e fios, e como isso pode acontecer? S\u00f3 \u00e9 poss\u00edvel pelo dom\u00ednio da alta tecnologia hoje dispon\u00edvel. Uma sequ\u00eancia de alinhadores remov\u00edveis (como...\" \/>\n<meta property=\"og:url\" content=\"https:\/\/iomodontologia.com.br\/index.php\/2018\/11\/28\/aparelho-ortodontico-transparente-invisalign\/\" \/>\n<meta property=\"og:site_name\" content=\"IOM - INSTITUTO ODONTOL\u00d3GICO\" \/>\n<meta property=\"article:publisher\" content=\"https:\/\/www.facebook.com\/iomodontologia\" \/>\n<meta property=\"article:published_time\" content=\"2018-11-28T15:14:17+00:00\" \/>\n<meta property=\"og:image\" content=\"https:\/\/iomodontologia.com.br\/wp-content\/uploads\/2018\/11\/28-11_POST_APARELHO_ORTODONTICO_INVISALIGN-e1543418023510.jpg\" \/>\n\t<meta property=\"og:image:width\" content=\"1080\" \/>\n\t<meta property=\"og:image:height\" content=\"753\" \/>\n\t<meta property=\"og:image:type\" content=\"image\/jpeg\" \/>\n<meta name=\"author\" content=\"IOM\" \/>\n<meta name=\"twitter:card\" content=\"summary_large_image\" \/>\n<meta name=\"twitter:label1\" content=\"Escrito por\" \/>\n\t<meta name=\"twitter:data1\" content=\"IOM\" \/>\n\t<meta name=\"twitter:label2\" content=\"Est. tempo de leitura\" \/>\n\t<meta name=\"twitter:data2\" content=\"2 minutos\" \/>\n<script type=\"application\/ld+json\" class=\"yoast-schema-graph\">{\"@context\":\"https:\/\/schema.org\",\"@graph\":[{\"@type\":\"Article\",\"@id\":\"https:\/\/iomodontologia.com.br\/index.php\/2018\/11\/28\/aparelho-ortodontico-transparente-invisalign\/#article\",\"isPartOf\":{\"@id\":\"https:\/\/iomodontologia.com.br\/index.php\/2018\/11\/28\/aparelho-ortodontico-transparente-invisalign\/\"},\"author\":{\"name\":\"IOM\",\"@id\":\"https:\/\/iomodontologia.com.br\/#\/schema\/person\/2d8ae883d777958331a9492184992de0\"},\"headline\":\"Aparelho Ortod\u00f4ntico transparente &#8211; Invisalign\",\"datePublished\":\"2018-11-28T15:14:17+00:00\",\"mainEntityOfPage\":{\"@id\":\"https:\/\/iomodontologia.com.br\/index.php\/2018\/11\/28\/aparelho-ortodontico-transparente-invisalign\/\"},\"wordCount\":390,\"commentCount\":0,\"publisher\":{\"@id\":\"https:\/\/iomodontologia.com.br\/#organization\"},\"image\":{\"@id\":\"https:\/\/iomodontologia.com.br\/index.php\/2018\/11\/28\/aparelho-ortodontico-transparente-invisalign\/#primaryimage\"},\"thumbnailUrl\":\"https:\/\/iomodontologia.com.br\/wp-content\/uploads\/2018\/11\/28-11_POST_APARELHO_ORTODONTICO_INVISALIGN-e1543418023510.jpg\",\"articleSection\":[\"Artigos\"],\"inLanguage\":\"pt-BR\",\"potentialAction\":[{\"@type\":\"CommentAction\",\"name\":\"Comment\",\"target\":[\"https:\/\/iomodontologia.com.br\/index.php\/2018\/11\/28\/aparelho-ortodontico-transparente-invisalign\/#respond\"]}]},{\"@type\":\"WebPage\",\"@id\":\"https:\/\/iomodontologia.com.br\/index.php\/2018\/11\/28\/aparelho-ortodontico-transparente-invisalign\/\",\"url\":\"https:\/\/iomodontologia.com.br\/index.php\/2018\/11\/28\/aparelho-ortodontico-transparente-invisalign\/\",\"name\":\"Aparelho Ortod\u00f4ntico transparente - Invisalign - IOM - INSTITUTO ODONTOL\u00d3GICO\",\"isPartOf\":{\"@id\":\"https:\/\/iomodontologia.com.br\/#website\"},\"primaryImageOfPage\":{\"@id\":\"https:\/\/iomodontologia.com.br\/index.php\/2018\/11\/28\/aparelho-ortodontico-transparente-invisalign\/#primaryimage\"},\"image\":{\"@id\":\"https:\/\/iomodontologia.com.br\/index.php\/2018\/11\/28\/aparelho-ortodontico-transparente-invisalign\/#primaryimage\"},\"thumbnailUrl\":\"https:\/\/iomodontologia.com.br\/wp-content\/uploads\/2018\/11\/28-11_POST_APARELHO_ORTODONTICO_INVISALIGN-e1543418023510.jpg\",\"datePublished\":\"2018-11-28T15:14:17+00:00\",\"breadcrumb\":{\"@id\":\"https:\/\/iomodontologia.com.br\/index.php\/2018\/11\/28\/aparelho-ortodontico-transparente-invisalign\/#breadcrumb\"},\"inLanguage\":\"pt-BR\",\"potentialAction\":[{\"@type\":\"ReadAction\",\"target\":[\"https:\/\/iomodontologia.com.br\/index.php\/2018\/11\/28\/aparelho-ortodontico-transparente-invisalign\/\"]}]},{\"@type\":\"ImageObject\",\"inLanguage\":\"pt-BR\",\"@id\":\"https:\/\/iomodontologia.com.br\/index.php\/2018\/11\/28\/aparelho-ortodontico-transparente-invisalign\/#primaryimage\",\"url\":\"https:\/\/iomodontologia.com.br\/wp-content\/uploads\/2018\/11\/28-11_POST_APARELHO_ORTODONTICO_INVISALIGN-e1543418023510.jpg\",\"contentUrl\":\"https:\/\/iomodontologia.com.br\/wp-content\/uploads\/2018\/11\/28-11_POST_APARELHO_ORTODONTICO_INVISALIGN-e1543418023510.jpg\",\"width\":1080,\"height\":753,\"caption\":\"invisalign\"},{\"@type\":\"BreadcrumbList\",\"@id\":\"https:\/\/iomodontologia.com.br\/index.php\/2018\/11\/28\/aparelho-ortodontico-transparente-invisalign\/#breadcrumb\",\"itemListElement\":[{\"@type\":\"ListItem\",\"position\":1,\"name\":\"Home\",\"item\":\"https:\/\/iomodontologia.com.br\/\"},{\"@type\":\"ListItem\",\"position\":2,\"name\":\"Aparelho Ortod\u00f4ntico transparente &#8211; Invisalign\"}]},{\"@type\":\"WebSite\",\"@id\":\"https:\/\/iomodontologia.com.br\/#website\",\"url\":\"https:\/\/iomodontologia.com.br\/\",\"name\":\"IOM - INSTITUTO ODONTOL\u00d3GICO\",\"description\":\"CL\u00cdNICA ODONTOL\u00d3GICA\",\"publisher\":{\"@id\":\"https:\/\/iomodontologia.com.br\/#organization\"},\"potentialAction\":[{\"@type\":\"SearchAction\",\"target\":{\"@type\":\"EntryPoint\",\"urlTemplate\":\"https:\/\/iomodontologia.com.br\/?s={search_term_string}\"},\"query-input\":{\"@type\":\"PropertyValueSpecification\",\"valueRequired\":true,\"valueName\":\"search_term_string\"}}],\"inLanguage\":\"pt-BR\"},{\"@type\":\"Organization\",\"@id\":\"https:\/\/iomodontologia.com.br\/#organization\",\"name\":\"IOM - Instituto Odontol\u00f3gico Mogiano\",\"url\":\"https:\/\/iomodontologia.com.br\/\",\"logo\":{\"@type\":\"ImageObject\",\"inLanguage\":\"pt-BR\",\"@id\":\"https:\/\/iomodontologia.com.br\/#\/schema\/logo\/image\/\",\"url\":\"https:\/\/iomodontologia.com.br\/wp-content\/uploads\/2019\/11\/IOM-Logo-slogan.png\",\"contentUrl\":\"https:\/\/iomodontologia.com.br\/wp-content\/uploads\/2019\/11\/IOM-Logo-slogan.png\",\"width\":2000,\"height\":858,\"caption\":\"IOM - Instituto Odontol\u00f3gico Mogiano\"},\"image\":{\"@id\":\"https:\/\/iomodontologia.com.br\/#\/schema\/logo\/image\/\"},\"sameAs\":[\"https:\/\/www.facebook.com\/iomodontologia\",\"https:\/\/www.instagram.com\/iom.odonto\"]},{\"@type\":\"Person\",\"@id\":\"https:\/\/iomodontologia.com.br\/#\/schema\/person\/2d8ae883d777958331a9492184992de0\",\"name\":\"IOM\",\"image\":{\"@type\":\"ImageObject\",\"inLanguage\":\"pt-BR\",\"@id\":\"https:\/\/iomodontologia.com.br\/#\/schema\/person\/image\/\",\"url\":\"https:\/\/secure.gravatar.com\/avatar\/003dc2a3c14e0b6b5d63ec9413622bf8?s=96&d=mm&r=g\",\"contentUrl\":\"https:\/\/secure.gravatar.com\/avatar\/003dc2a3c14e0b6b5d63ec9413622bf8?s=96&d=mm&r=g\",\"caption\":\"IOM\"},\"sameAs\":[\"http:\/\/taprontosite.com.br\/iom\"],\"url\":\"https:\/\/iomodontologia.com.br\/index.php\/author\/iom\/\"}]}<\/script>\n<!-- \/ Yoast SEO plugin. -->","yoast_head_json":{"title":"Aparelho Ortod\u00f4ntico transparente - Invisalign - IOM - INSTITUTO ODONTOL\u00d3GICO","robots":{"index":"index","follow":"follow","max-snippet":"max-snippet:-1","max-image-preview":"max-image-preview:large","max-video-preview":"max-video-preview:-1"},"canonical":"https:\/\/iomodontologia.com.br\/index.php\/2018\/11\/28\/aparelho-ortodontico-transparente-invisalign\/","og_locale":"pt_BR","og_type":"article","og_title":"Aparelho Ortod\u00f4ntico transparente - Invisalign - IOM - INSTITUTO ODONTOL\u00d3GICO","og_description":"Aparelho Ortod\u00f4ntico transparente &#8211; Invisalign Invisalign est\u00e9tica alinhada \u00e0 fun\u00e7\u00e3o Invisalign \u00e9 uma inova\u00e7\u00e3o dos aparelhos, tamb\u00e9m conhecido como aparelho ortod\u00f4ntico invis\u00edvel, isso porque nesse tratamento n\u00e3o se usa os famosos brakets e fios, e como isso pode acontecer? S\u00f3 \u00e9 poss\u00edvel pelo dom\u00ednio da alta tecnologia hoje dispon\u00edvel. Uma sequ\u00eancia de alinhadores remov\u00edveis (como...","og_url":"https:\/\/iomodontologia.com.br\/index.php\/2018\/11\/28\/aparelho-ortodontico-transparente-invisalign\/","og_site_name":"IOM - INSTITUTO ODONTOL\u00d3GICO","article_publisher":"https:\/\/www.facebook.com\/iomodontologia","article_published_time":"2018-11-28T15:14:17+00:00","og_image":[{"width":1080,"height":753,"url":"https:\/\/iomodontologia.com.br\/wp-content\/uploads\/2018\/11\/28-11_POST_APARELHO_ORTODONTICO_INVISALIGN-e1543418023510.jpg","type":"image\/jpeg"}],"author":"IOM","twitter_card":"summary_large_image","twitter_misc":{"Escrito por":"IOM","Est. tempo de leitura":"2 minutos"},"schema":{"@context":"https:\/\/schema.org","@graph":[{"@type":"Article","@id":"https:\/\/iomodontologia.com.br\/index.php\/2018\/11\/28\/aparelho-ortodontico-transparente-invisalign\/#article","isPartOf":{"@id":"https:\/\/iomodontologia.com.br\/index.php\/2018\/11\/28\/aparelho-ortodontico-transparente-invisalign\/"},"author":{"name":"IOM","@id":"https:\/\/iomodontologia.com.br\/#\/schema\/person\/2d8ae883d777958331a9492184992de0"},"headline":"Aparelho Ortod\u00f4ntico transparente &#8211; Invisalign","datePublished":"2018-11-28T15:14:17+00:00","mainEntityOfPage":{"@id":"https:\/\/iomodontologia.com.br\/index.php\/2018\/11\/28\/aparelho-ortodontico-transparente-invisalign\/"},"wordCount":390,"commentCount":0,"publisher":{"@id":"https:\/\/iomodontologia.com.br\/#organization"},"image":{"@id":"https:\/\/iomodontologia.com.br\/index.php\/2018\/11\/28\/aparelho-ortodontico-transparente-invisalign\/#primaryimage"},"thumbnailUrl":"https:\/\/iomodontologia.com.br\/wp-content\/uploads\/2018\/11\/28-11_POST_APARELHO_ORTODONTICO_INVISALIGN-e1543418023510.jpg","articleSection":["Artigos"],"inLanguage":"pt-BR","potentialAction":[{"@type":"CommentAction","name":"Comment","target":["https:\/\/iomodontologia.com.br\/index.php\/2018\/11\/28\/aparelho-ortodontico-transparente-invisalign\/#respond"]}]},{"@type":"WebPage","@id":"https:\/\/iomodontologia.com.br\/index.php\/2018\/11\/28\/aparelho-ortodontico-transparente-invisalign\/","url":"https:\/\/iomodontologia.com.br\/index.php\/2018\/11\/28\/aparelho-ortodontico-transparente-invisalign\/","name":"Aparelho Ortod\u00f4ntico transparente - Invisalign - IOM - INSTITUTO ODONTOL\u00d3GICO","isPartOf":{"@id":"https:\/\/iomodontologia.com.br\/#website"},"primaryImageOfPage":{"@id":"https:\/\/iomodontologia.com.br\/index.php\/2018\/11\/28\/aparelho-ortodontico-transparente-invisalign\/#primaryimage"},"image":{"@id":"https:\/\/iomodontologia.com.br\/index.php\/2018\/11\/28\/aparelho-ortodontico-transparente-invisalign\/#primaryimage"},"thumbnailUrl":"https:\/\/iomodontologia.com.br\/wp-content\/uploads\/2018\/11\/28-11_POST_APARELHO_ORTODONTICO_INVISALIGN-e1543418023510.jpg","datePublished":"2018-11-28T15:14:17+00:00","breadcrumb":{"@id":"https:\/\/iomodontologia.com.br\/index.php\/2018\/11\/28\/aparelho-ortodontico-transparente-invisalign\/#breadcrumb"},"inLanguage":"pt-BR","potentialAction":[{"@type":"ReadAction","target":["https:\/\/iomodontologia.com.br\/index.php\/2018\/11\/28\/aparelho-ortodontico-transparente-invisalign\/"]}]},{"@type":"ImageObject","inLanguage":"pt-BR","@id":"https:\/\/iomodontologia.com.br\/index.php\/2018\/11\/28\/aparelho-ortodontico-transparente-invisalign\/#primaryimage","url":"https:\/\/iomodontologia.com.br\/wp-content\/uploads\/2018\/11\/28-11_POST_APARELHO_ORTODONTICO_INVISALIGN-e1543418023510.jpg","contentUrl":"https:\/\/iomodontologia.com.br\/wp-content\/uploads\/2018\/11\/28-11_POST_APARELHO_ORTODONTICO_INVISALIGN-e1543418023510.jpg","width":1080,"height":753,"caption":"invisalign"},{"@type":"BreadcrumbList","@id":"https:\/\/iomodontologia.com.br\/index.php\/2018\/11\/28\/aparelho-ortodontico-transparente-invisalign\/#breadcrumb","itemListElement":[{"@type":"ListItem","position":1,"name":"Home","item":"https:\/\/iomodontologia.com.br\/"},{"@type":"ListItem","position":2,"name":"Aparelho Ortod\u00f4ntico transparente &#8211; Invisalign"}]},{"@type":"WebSite","@id":"https:\/\/iomodontologia.com.br\/#website","url":"https:\/\/iomodontologia.com.br\/","name":"IOM - INSTITUTO ODONTOL\u00d3GICO","description":"CL\u00cdNICA ODONTOL\u00d3GICA","publisher":{"@id":"https:\/\/iomodontologia.com.br\/#organization"},"potentialAction":[{"@type":"SearchAction","target":{"@type":"EntryPoint","urlTemplate":"https:\/\/iomodontologia.com.br\/?s={search_term_string}"},"query-input":{"@type":"PropertyValueSpecification","valueRequired":true,"valueName":"search_term_string"}}],"inLanguage":"pt-BR"},{"@type":"Organization","@id":"https:\/\/iomodontologia.com.br\/#organization","name":"IOM - Instituto Odontol\u00f3gico Mogiano","url":"https:\/\/iomodontologia.com.br\/","logo":{"@type":"ImageObject","inLanguage":"pt-BR","@id":"https:\/\/iomodontologia.com.br\/#\/schema\/logo\/image\/","url":"https:\/\/iomodontologia.com.br\/wp-content\/uploads\/2019\/11\/IOM-Logo-slogan.png","contentUrl":"https:\/\/iomodontologia.com.br\/wp-content\/uploads\/2019\/11\/IOM-Logo-slogan.png","width":2000,"height":858,"caption":"IOM - Instituto Odontol\u00f3gico Mogiano"},"image":{"@id":"https:\/\/iomodontologia.com.br\/#\/schema\/logo\/image\/"},"sameAs":["https:\/\/www.facebook.com\/iomodontologia","https:\/\/www.instagram.com\/iom.odonto"]},{"@type":"Person","@id":"https:\/\/iomodontologia.com.br\/#\/schema\/person\/2d8ae883d777958331a9492184992de0","name":"IOM","image":{"@type":"ImageObject","inLanguage":"pt-BR","@id":"https:\/\/iomodontologia.com.br\/#\/schema\/person\/image\/","url":"https:\/\/secure.gravatar.com\/avatar\/003dc2a3c14e0b6b5d63ec9413622bf8?s=96&d=mm&r=g","contentUrl":"https:\/\/secure.gravatar.com\/avatar\/003dc2a3c14e0b6b5d63ec9413622bf8?s=96&d=mm&r=g","caption":"IOM"},"sameAs":["http:\/\/taprontosite.com.br\/iom"],"url":"https:\/\/iomodontologia.com.br\/index.php\/author\/iom\/"}]}},"_links":{"self":[{"href":"https:\/\/iomodontologia.com.br\/index.php\/wp-json\/wp\/v2\/posts\/517","targetHints":{"allow":["GET"]}}],"collection":[{"href":"https:\/\/iomodontologia.com.br\/index.php\/wp-json\/wp\/v2\/posts"}],"about":[{"href":"https:\/\/iomodontologia.com.br\/index.php\/wp-json\/wp\/v2\/types\/post"}],"author":[{"embeddable":true,"href":"https:\/\/iomodontologia.com.br\/index.php\/wp-json\/wp\/v2\/users\/1"}],"replies":[{"embeddable":true,"href":"https:\/\/iomodontologia.com.br\/index.php\/wp-json\/wp\/v2\/comments?post=517"}],"version-history":[{"count":0,"href":"https:\/\/iomodontologia.com.br\/index.php\/wp-json\/wp\/v2\/posts\/517\/revisions"}],"wp:featuredmedia":[{"embeddable":true,"href":"https:\/\/iomodontologia.com.br\/index.php\/wp-json\/wp\/v2\/media\/518"}],"wp:attachment":[{"href":"https:\/\/iomodontologia.com.br\/index.php\/wp-json\/wp\/v2\/media?parent=517"}],"wp:term":[{"taxonomy":"category","embeddable":true,"href":"https:\/\/iomodontologia.com.br\/index.php\/wp-json\/wp\/v2\/categories?post=517"},{"taxonomy":"post_tag","embeddable":true,"href":"https:\/\/iomodontologia.com.br\/index.php\/wp-json\/wp\/v2\/tags?post=517"}],"curies":[{"name":"wp","href":"https:\/\/api.w.org\/{rel}","templated":true}]}}