{"id":469,"date":"2018-05-01T16:42:39","date_gmt":"2018-05-01T16:42:39","guid":{"rendered":"http:\/\/iomodontologia.com.br\/?p=469"},"modified":"2018-05-01T16:42:39","modified_gmt":"2018-05-01T16:42:39","slug":"musicoterapia-no-tratamento-odontologico","status":"publish","type":"post","link":"https:\/\/iomodontologia.com.br\/index.php\/2018\/05\/01\/musicoterapia-no-tratamento-odontologico\/","title":{"rendered":"Musicoterapia no tratamento Odontol\u00f3gico"},"content":{"rendered":"<h1>Musicoterapia no tratamento Odontol\u00f3gico<\/h1>\n<p>No Instituto Odontol\u00f3gico Mogiano utilizamos a Musicoterapia e seus elementos (som, ritmo, melodia e harmonia) num processo para facilitar e promover a comunica\u00e7\u00e3o, em objetivos terap\u00eauticos relevantes, no sentido de alcan\u00e7ar necessidades f\u00edsicas, emocionais, mentais, sociais e cognitivas.<\/p>\n<p>A m\u00fasica \u00e9 uma ferramenta na recupera\u00e7\u00e3o e resposta ao tratamento de odontol\u00f3gico. Verificou-se que a m\u00fasica a partir de aspectos emocionais, produz sentimentos variados, e pode trazer conforto a quem ouve, induz o indiv\u00edduo \u00e0 percep\u00e7\u00e3o de si na sua singularidade.<\/p>\n<p><img decoding=\"async\" class=\"aligncenter wp-image-473 size-full\" title=\"Musicoterapia no tratamento Odontol\u00f3gico IOM Mogi das Cruzes\" src=\"http:\/\/iomodontologia.com.br\/wp-content\/uploads\/2018\/05\/Musicoterapia-no-tratamento-Odontologico-IOM-instituto.jpg\" alt=\"Musicoterapia no tratamento Odontol\u00f3gico IOM Mogi das Cruzes\" width=\"600\" height=\"338\" srcset=\"https:\/\/iomodontologia.com.br\/wp-content\/uploads\/2018\/05\/Musicoterapia-no-tratamento-Odontologico-IOM-instituto.jpg 600w, https:\/\/iomodontologia.com.br\/wp-content\/uploads\/2018\/05\/Musicoterapia-no-tratamento-Odontologico-IOM-instituto-300x169.jpg 300w, https:\/\/iomodontologia.com.br\/wp-content\/uploads\/2018\/05\/Musicoterapia-no-tratamento-Odontologico-IOM-instituto-580x327.jpg 580w\" sizes=\"(max-width: 600px) 100vw, 600px\" \/><\/p>\n<p>A ansiedade interfere na vida das pessoas, se apresentando como um sentimento de medo, apreens\u00e3o, caracterizado por tens\u00e3o ou desconforto derivado de antecipa\u00e7\u00e3o de perigo, de algo desconhecido ou estranho, causando altera\u00e7\u00f5es metab\u00f3lica, neuro-hormonais e do sistema imune n\u00e3o diferentemente quando se trata do atendimento odontol\u00f3gico.<\/p>\n<p>O uso da m\u00fasica no tratamento odontol\u00f3gico \u00e9 uma terapia complementar, que exerce influ\u00eancia sobre aspectos neurocognitivos e emocionais, visando facilitar a intera\u00e7\u00e3o do paciente com o cirurgi\u00e3o dentista, fazendo uma ponte com v\u00e1rios benef\u00edcios e assim diminuindo os n\u00edveis de estresse, ansiedade, melhorando a qualidade no tratamento\/atendimento<\/p>\n","protected":false},"excerpt":{"rendered":"<p>Musicoterapia no tratamento Odontol\u00f3gico No Instituto Odontol\u00f3gico Mogiano utilizamos a Musicoterapia e seus elementos (som, ritmo, melodia e harmonia) num processo para facilitar e promover a comunica\u00e7\u00e3o, em objetivos terap\u00eauticos relevantes, no sentido de alcan\u00e7ar necessidades f\u00edsicas, emocionais, mentais, sociais e cognitivas. A m\u00fasica \u00e9 uma ferramenta na recupera\u00e7\u00e3o e resposta ao tratamento de odontol\u00f3gico&#8230;.<\/p>\n","protected":false},"author":1,"featured_media":470,"comment_status":"open","ping_status":"open","sticky":false,"template":"","format":"standard","meta":{"_joinchat":[],"footnotes":""},"categories":[62],"tags":[],"class_list":["post-469","post","type-post","status-publish","format-standard","has-post-thumbnail","hentry","category-musicoterapia"],"yoast_head":"<!-- This site is optimized with the Yoast SEO plugin v26.8 - https:\/\/yoast.com\/product\/yoast-seo-wordpress\/ -->\n<title>Musicoterapia no tratamento Odontol\u00f3gico - IOM - INSTITUTO ODONTOL\u00d3GICO<\/title>\n<meta name=\"description\" content=\"No Instituto Odontol\u00f3gico Mogiano utilizamos a Musicoterapia e seus elementos (som, ritmo, melodia e harmonia) num processo para facilitar e promover a comunica\u00e7\u00e3o, em objetivos terap\u00eauticos relevantes, no sentido de alcan\u00e7ar necessidades f\u00edsicas, emocionais, mentais, sociais e cognitivas.\" \/>\n<meta name=\"robots\" content=\"index, follow, max-snippet:-1, max-image-preview:large, max-video-preview:-1\" \/>\n<link rel=\"canonical\" href=\"https:\/\/iomodontologia.com.br\/index.php\/2018\/05\/01\/musicoterapia-no-tratamento-odontologico\/\" \/>\n<meta property=\"og:locale\" content=\"pt_BR\" \/>\n<meta property=\"og:type\" content=\"article\" \/>\n<meta property=\"og:title\" content=\"Musicoterapia no tratamento Odontol\u00f3gico - IOM - INSTITUTO ODONTOL\u00d3GICO\" \/>\n<meta property=\"og:description\" content=\"No Instituto Odontol\u00f3gico Mogiano utilizamos a Musicoterapia e seus elementos (som, ritmo, melodia e harmonia) num processo para facilitar e promover a comunica\u00e7\u00e3o, em objetivos terap\u00eauticos relevantes, no sentido de alcan\u00e7ar necessidades f\u00edsicas, emocionais, mentais, sociais e cognitivas.\" \/>\n<meta property=\"og:url\" content=\"https:\/\/iomodontologia.com.br\/index.php\/2018\/05\/01\/musicoterapia-no-tratamento-odontologico\/\" \/>\n<meta property=\"og:site_name\" content=\"IOM - INSTITUTO ODONTOL\u00d3GICO\" \/>\n<meta property=\"article:publisher\" content=\"https:\/\/www.facebook.com\/iomodontologia\" \/>\n<meta property=\"article:published_time\" content=\"2018-05-01T16:42:39+00:00\" \/>\n<meta property=\"og:image\" content=\"https:\/\/iomodontologia.com.br\/wp-content\/uploads\/2018\/05\/Musicoterapia-no-tratamento-Odontologico-IOM.jpg\" \/>\n\t<meta property=\"og:image:width\" content=\"1280\" \/>\n\t<meta property=\"og:image:height\" content=\"720\" \/>\n\t<meta property=\"og:image:type\" content=\"image\/jpeg\" \/>\n<meta name=\"author\" content=\"IOM\" \/>\n<meta name=\"twitter:card\" content=\"summary_large_image\" \/>\n<meta name=\"twitter:label1\" content=\"Escrito por\" \/>\n\t<meta name=\"twitter:data1\" content=\"IOM\" \/>\n\t<meta name=\"twitter:label2\" content=\"Est. tempo de leitura\" \/>\n\t<meta name=\"twitter:data2\" content=\"1 minuto\" \/>\n<script type=\"application\/ld+json\" class=\"yoast-schema-graph\">{\"@context\":\"https:\/\/schema.org\",\"@graph\":[{\"@type\":\"Article\",\"@id\":\"https:\/\/iomodontologia.com.br\/index.php\/2018\/05\/01\/musicoterapia-no-tratamento-odontologico\/#article\",\"isPartOf\":{\"@id\":\"https:\/\/iomodontologia.com.br\/index.php\/2018\/05\/01\/musicoterapia-no-tratamento-odontologico\/\"},\"author\":{\"name\":\"IOM\",\"@id\":\"https:\/\/iomodontologia.com.br\/#\/schema\/person\/2d8ae883d777958331a9492184992de0\"},\"headline\":\"Musicoterapia no tratamento Odontol\u00f3gico\",\"datePublished\":\"2018-05-01T16:42:39+00:00\",\"mainEntityOfPage\":{\"@id\":\"https:\/\/iomodontologia.com.br\/index.php\/2018\/05\/01\/musicoterapia-no-tratamento-odontologico\/\"},\"wordCount\":208,\"commentCount\":0,\"publisher\":{\"@id\":\"https:\/\/iomodontologia.com.br\/#organization\"},\"image\":{\"@id\":\"https:\/\/iomodontologia.com.br\/index.php\/2018\/05\/01\/musicoterapia-no-tratamento-odontologico\/#primaryimage\"},\"thumbnailUrl\":\"https:\/\/iomodontologia.com.br\/wp-content\/uploads\/2018\/05\/Musicoterapia-no-tratamento-Odontologico-IOM.jpg\",\"articleSection\":[\"Musicoterapia\"],\"inLanguage\":\"pt-BR\",\"potentialAction\":[{\"@type\":\"CommentAction\",\"name\":\"Comment\",\"target\":[\"https:\/\/iomodontologia.com.br\/index.php\/2018\/05\/01\/musicoterapia-no-tratamento-odontologico\/#respond\"]}]},{\"@type\":\"WebPage\",\"@id\":\"https:\/\/iomodontologia.com.br\/index.php\/2018\/05\/01\/musicoterapia-no-tratamento-odontologico\/\",\"url\":\"https:\/\/iomodontologia.com.br\/index.php\/2018\/05\/01\/musicoterapia-no-tratamento-odontologico\/\",\"name\":\"Musicoterapia no tratamento Odontol\u00f3gico - IOM - INSTITUTO ODONTOL\u00d3GICO\",\"isPartOf\":{\"@id\":\"https:\/\/iomodontologia.com.br\/#website\"},\"primaryImageOfPage\":{\"@id\":\"https:\/\/iomodontologia.com.br\/index.php\/2018\/05\/01\/musicoterapia-no-tratamento-odontologico\/#primaryimage\"},\"image\":{\"@id\":\"https:\/\/iomodontologia.com.br\/index.php\/2018\/05\/01\/musicoterapia-no-tratamento-odontologico\/#primaryimage\"},\"thumbnailUrl\":\"https:\/\/iomodontologia.com.br\/wp-content\/uploads\/2018\/05\/Musicoterapia-no-tratamento-Odontologico-IOM.jpg\",\"datePublished\":\"2018-05-01T16:42:39+00:00\",\"description\":\"No Instituto Odontol\u00f3gico Mogiano utilizamos a Musicoterapia e seus elementos (som, ritmo, melodia e harmonia) num processo para facilitar e promover a comunica\u00e7\u00e3o, em objetivos terap\u00eauticos relevantes, no sentido de alcan\u00e7ar necessidades f\u00edsicas, emocionais, mentais, sociais e cognitivas.\",\"breadcrumb\":{\"@id\":\"https:\/\/iomodontologia.com.br\/index.php\/2018\/05\/01\/musicoterapia-no-tratamento-odontologico\/#breadcrumb\"},\"inLanguage\":\"pt-BR\",\"potentialAction\":[{\"@type\":\"ReadAction\",\"target\":[\"https:\/\/iomodontologia.com.br\/index.php\/2018\/05\/01\/musicoterapia-no-tratamento-odontologico\/\"]}]},{\"@type\":\"ImageObject\",\"inLanguage\":\"pt-BR\",\"@id\":\"https:\/\/iomodontologia.com.br\/index.php\/2018\/05\/01\/musicoterapia-no-tratamento-odontologico\/#primaryimage\",\"url\":\"https:\/\/iomodontologia.com.br\/wp-content\/uploads\/2018\/05\/Musicoterapia-no-tratamento-Odontologico-IOM.jpg\",\"contentUrl\":\"https:\/\/iomodontologia.com.br\/wp-content\/uploads\/2018\/05\/Musicoterapia-no-tratamento-Odontologico-IOM.jpg\",\"width\":1280,\"height\":720,\"caption\":\"Musicoterapia no tratamento odontologico\"},{\"@type\":\"BreadcrumbList\",\"@id\":\"https:\/\/iomodontologia.com.br\/index.php\/2018\/05\/01\/musicoterapia-no-tratamento-odontologico\/#breadcrumb\",\"itemListElement\":[{\"@type\":\"ListItem\",\"position\":1,\"name\":\"Home\",\"item\":\"https:\/\/iomodontologia.com.br\/\"},{\"@type\":\"ListItem\",\"position\":2,\"name\":\"Musicoterapia no tratamento Odontol\u00f3gico\"}]},{\"@type\":\"WebSite\",\"@id\":\"https:\/\/iomodontologia.com.br\/#website\",\"url\":\"https:\/\/iomodontologia.com.br\/\",\"name\":\"IOM - INSTITUTO ODONTOL\u00d3GICO\",\"description\":\"CL\u00cdNICA ODONTOL\u00d3GICA\",\"publisher\":{\"@id\":\"https:\/\/iomodontologia.com.br\/#organization\"},\"potentialAction\":[{\"@type\":\"SearchAction\",\"target\":{\"@type\":\"EntryPoint\",\"urlTemplate\":\"https:\/\/iomodontologia.com.br\/?s={search_term_string}\"},\"query-input\":{\"@type\":\"PropertyValueSpecification\",\"valueRequired\":true,\"valueName\":\"search_term_string\"}}],\"inLanguage\":\"pt-BR\"},{\"@type\":\"Organization\",\"@id\":\"https:\/\/iomodontologia.com.br\/#organization\",\"name\":\"IOM - Instituto Odontol\u00f3gico Mogiano\",\"url\":\"https:\/\/iomodontologia.com.br\/\",\"logo\":{\"@type\":\"ImageObject\",\"inLanguage\":\"pt-BR\",\"@id\":\"https:\/\/iomodontologia.com.br\/#\/schema\/logo\/image\/\",\"url\":\"https:\/\/iomodontologia.com.br\/wp-content\/uploads\/2019\/11\/IOM-Logo-slogan.png\",\"contentUrl\":\"https:\/\/iomodontologia.com.br\/wp-content\/uploads\/2019\/11\/IOM-Logo-slogan.png\",\"width\":2000,\"height\":858,\"caption\":\"IOM - Instituto Odontol\u00f3gico Mogiano\"},\"image\":{\"@id\":\"https:\/\/iomodontologia.com.br\/#\/schema\/logo\/image\/\"},\"sameAs\":[\"https:\/\/www.facebook.com\/iomodontologia\",\"https:\/\/www.instagram.com\/iom.odonto\"]},{\"@type\":\"Person\",\"@id\":\"https:\/\/iomodontologia.com.br\/#\/schema\/person\/2d8ae883d777958331a9492184992de0\",\"name\":\"IOM\",\"image\":{\"@type\":\"ImageObject\",\"inLanguage\":\"pt-BR\",\"@id\":\"https:\/\/iomodontologia.com.br\/#\/schema\/person\/image\/\",\"url\":\"https:\/\/secure.gravatar.com\/avatar\/003dc2a3c14e0b6b5d63ec9413622bf8?s=96&d=mm&r=g\",\"contentUrl\":\"https:\/\/secure.gravatar.com\/avatar\/003dc2a3c14e0b6b5d63ec9413622bf8?s=96&d=mm&r=g\",\"caption\":\"IOM\"},\"sameAs\":[\"http:\/\/taprontosite.com.br\/iom\"],\"url\":\"https:\/\/iomodontologia.com.br\/index.php\/author\/iom\/\"}]}<\/script>\n<!-- \/ Yoast SEO plugin. -->","yoast_head_json":{"title":"Musicoterapia no tratamento Odontol\u00f3gico - IOM - INSTITUTO ODONTOL\u00d3GICO","description":"No Instituto Odontol\u00f3gico Mogiano utilizamos a Musicoterapia e seus elementos (som, ritmo, melodia e harmonia) num processo para facilitar e promover a comunica\u00e7\u00e3o, em objetivos terap\u00eauticos relevantes, no sentido de alcan\u00e7ar necessidades f\u00edsicas, emocionais, mentais, sociais e cognitivas.","robots":{"index":"index","follow":"follow","max-snippet":"max-snippet:-1","max-image-preview":"max-image-preview:large","max-video-preview":"max-video-preview:-1"},"canonical":"https:\/\/iomodontologia.com.br\/index.php\/2018\/05\/01\/musicoterapia-no-tratamento-odontologico\/","og_locale":"pt_BR","og_type":"article","og_title":"Musicoterapia no tratamento Odontol\u00f3gico - IOM - INSTITUTO ODONTOL\u00d3GICO","og_description":"No Instituto Odontol\u00f3gico Mogiano utilizamos a Musicoterapia e seus elementos (som, ritmo, melodia e harmonia) num processo para facilitar e promover a comunica\u00e7\u00e3o, em objetivos terap\u00eauticos relevantes, no sentido de alcan\u00e7ar necessidades f\u00edsicas, emocionais, mentais, sociais e cognitivas.","og_url":"https:\/\/iomodontologia.com.br\/index.php\/2018\/05\/01\/musicoterapia-no-tratamento-odontologico\/","og_site_name":"IOM - INSTITUTO ODONTOL\u00d3GICO","article_publisher":"https:\/\/www.facebook.com\/iomodontologia","article_published_time":"2018-05-01T16:42:39+00:00","og_image":[{"width":1280,"height":720,"url":"https:\/\/iomodontologia.com.br\/wp-content\/uploads\/2018\/05\/Musicoterapia-no-tratamento-Odontologico-IOM.jpg","type":"image\/jpeg"}],"author":"IOM","twitter_card":"summary_large_image","twitter_misc":{"Escrito por":"IOM","Est. tempo de leitura":"1 minuto"},"schema":{"@context":"https:\/\/schema.org","@graph":[{"@type":"Article","@id":"https:\/\/iomodontologia.com.br\/index.php\/2018\/05\/01\/musicoterapia-no-tratamento-odontologico\/#article","isPartOf":{"@id":"https:\/\/iomodontologia.com.br\/index.php\/2018\/05\/01\/musicoterapia-no-tratamento-odontologico\/"},"author":{"name":"IOM","@id":"https:\/\/iomodontologia.com.br\/#\/schema\/person\/2d8ae883d777958331a9492184992de0"},"headline":"Musicoterapia no tratamento Odontol\u00f3gico","datePublished":"2018-05-01T16:42:39+00:00","mainEntityOfPage":{"@id":"https:\/\/iomodontologia.com.br\/index.php\/2018\/05\/01\/musicoterapia-no-tratamento-odontologico\/"},"wordCount":208,"commentCount":0,"publisher":{"@id":"https:\/\/iomodontologia.com.br\/#organization"},"image":{"@id":"https:\/\/iomodontologia.com.br\/index.php\/2018\/05\/01\/musicoterapia-no-tratamento-odontologico\/#primaryimage"},"thumbnailUrl":"https:\/\/iomodontologia.com.br\/wp-content\/uploads\/2018\/05\/Musicoterapia-no-tratamento-Odontologico-IOM.jpg","articleSection":["Musicoterapia"],"inLanguage":"pt-BR","potentialAction":[{"@type":"CommentAction","name":"Comment","target":["https:\/\/iomodontologia.com.br\/index.php\/2018\/05\/01\/musicoterapia-no-tratamento-odontologico\/#respond"]}]},{"@type":"WebPage","@id":"https:\/\/iomodontologia.com.br\/index.php\/2018\/05\/01\/musicoterapia-no-tratamento-odontologico\/","url":"https:\/\/iomodontologia.com.br\/index.php\/2018\/05\/01\/musicoterapia-no-tratamento-odontologico\/","name":"Musicoterapia no tratamento Odontol\u00f3gico - IOM - INSTITUTO ODONTOL\u00d3GICO","isPartOf":{"@id":"https:\/\/iomodontologia.com.br\/#website"},"primaryImageOfPage":{"@id":"https:\/\/iomodontologia.com.br\/index.php\/2018\/05\/01\/musicoterapia-no-tratamento-odontologico\/#primaryimage"},"image":{"@id":"https:\/\/iomodontologia.com.br\/index.php\/2018\/05\/01\/musicoterapia-no-tratamento-odontologico\/#primaryimage"},"thumbnailUrl":"https:\/\/iomodontologia.com.br\/wp-content\/uploads\/2018\/05\/Musicoterapia-no-tratamento-Odontologico-IOM.jpg","datePublished":"2018-05-01T16:42:39+00:00","description":"No Instituto Odontol\u00f3gico Mogiano utilizamos a Musicoterapia e seus elementos (som, ritmo, melodia e harmonia) num processo para facilitar e promover a comunica\u00e7\u00e3o, em objetivos terap\u00eauticos relevantes, no sentido de alcan\u00e7ar necessidades f\u00edsicas, emocionais, mentais, sociais e cognitivas.","breadcrumb":{"@id":"https:\/\/iomodontologia.com.br\/index.php\/2018\/05\/01\/musicoterapia-no-tratamento-odontologico\/#breadcrumb"},"inLanguage":"pt-BR","potentialAction":[{"@type":"ReadAction","target":["https:\/\/iomodontologia.com.br\/index.php\/2018\/05\/01\/musicoterapia-no-tratamento-odontologico\/"]}]},{"@type":"ImageObject","inLanguage":"pt-BR","@id":"https:\/\/iomodontologia.com.br\/index.php\/2018\/05\/01\/musicoterapia-no-tratamento-odontologico\/#primaryimage","url":"https:\/\/iomodontologia.com.br\/wp-content\/uploads\/2018\/05\/Musicoterapia-no-tratamento-Odontologico-IOM.jpg","contentUrl":"https:\/\/iomodontologia.com.br\/wp-content\/uploads\/2018\/05\/Musicoterapia-no-tratamento-Odontologico-IOM.jpg","width":1280,"height":720,"caption":"Musicoterapia no tratamento odontologico"},{"@type":"BreadcrumbList","@id":"https:\/\/iomodontologia.com.br\/index.php\/2018\/05\/01\/musicoterapia-no-tratamento-odontologico\/#breadcrumb","itemListElement":[{"@type":"ListItem","position":1,"name":"Home","item":"https:\/\/iomodontologia.com.br\/"},{"@type":"ListItem","position":2,"name":"Musicoterapia no tratamento Odontol\u00f3gico"}]},{"@type":"WebSite","@id":"https:\/\/iomodontologia.com.br\/#website","url":"https:\/\/iomodontologia.com.br\/","name":"IOM - INSTITUTO ODONTOL\u00d3GICO","description":"CL\u00cdNICA ODONTOL\u00d3GICA","publisher":{"@id":"https:\/\/iomodontologia.com.br\/#organization"},"potentialAction":[{"@type":"SearchAction","target":{"@type":"EntryPoint","urlTemplate":"https:\/\/iomodontologia.com.br\/?s={search_term_string}"},"query-input":{"@type":"PropertyValueSpecification","valueRequired":true,"valueName":"search_term_string"}}],"inLanguage":"pt-BR"},{"@type":"Organization","@id":"https:\/\/iomodontologia.com.br\/#organization","name":"IOM - Instituto Odontol\u00f3gico Mogiano","url":"https:\/\/iomodontologia.com.br\/","logo":{"@type":"ImageObject","inLanguage":"pt-BR","@id":"https:\/\/iomodontologia.com.br\/#\/schema\/logo\/image\/","url":"https:\/\/iomodontologia.com.br\/wp-content\/uploads\/2019\/11\/IOM-Logo-slogan.png","contentUrl":"https:\/\/iomodontologia.com.br\/wp-content\/uploads\/2019\/11\/IOM-Logo-slogan.png","width":2000,"height":858,"caption":"IOM - Instituto Odontol\u00f3gico Mogiano"},"image":{"@id":"https:\/\/iomodontologia.com.br\/#\/schema\/logo\/image\/"},"sameAs":["https:\/\/www.facebook.com\/iomodontologia","https:\/\/www.instagram.com\/iom.odonto"]},{"@type":"Person","@id":"https:\/\/iomodontologia.com.br\/#\/schema\/person\/2d8ae883d777958331a9492184992de0","name":"IOM","image":{"@type":"ImageObject","inLanguage":"pt-BR","@id":"https:\/\/iomodontologia.com.br\/#\/schema\/person\/image\/","url":"https:\/\/secure.gravatar.com\/avatar\/003dc2a3c14e0b6b5d63ec9413622bf8?s=96&d=mm&r=g","contentUrl":"https:\/\/secure.gravatar.com\/avatar\/003dc2a3c14e0b6b5d63ec9413622bf8?s=96&d=mm&r=g","caption":"IOM"},"sameAs":["http:\/\/taprontosite.com.br\/iom"],"url":"https:\/\/iomodontologia.com.br\/index.php\/author\/iom\/"}]}},"_links":{"self":[{"href":"https:\/\/iomodontologia.com.br\/index.php\/wp-json\/wp\/v2\/posts\/469","targetHints":{"allow":["GET"]}}],"collection":[{"href":"https:\/\/iomodontologia.com.br\/index.php\/wp-json\/wp\/v2\/posts"}],"about":[{"href":"https:\/\/iomodontologia.com.br\/index.php\/wp-json\/wp\/v2\/types\/post"}],"author":[{"embeddable":true,"href":"https:\/\/iomodontologia.com.br\/index.php\/wp-json\/wp\/v2\/users\/1"}],"replies":[{"embeddable":true,"href":"https:\/\/iomodontologia.com.br\/index.php\/wp-json\/wp\/v2\/comments?post=469"}],"version-history":[{"count":0,"href":"https:\/\/iomodontologia.com.br\/index.php\/wp-json\/wp\/v2\/posts\/469\/revisions"}],"wp:featuredmedia":[{"embeddable":true,"href":"https:\/\/iomodontologia.com.br\/index.php\/wp-json\/wp\/v2\/media\/470"}],"wp:attachment":[{"href":"https:\/\/iomodontologia.com.br\/index.php\/wp-json\/wp\/v2\/media?parent=469"}],"wp:term":[{"taxonomy":"category","embeddable":true,"href":"https:\/\/iomodontologia.com.br\/index.php\/wp-json\/wp\/v2\/categories?post=469"},{"taxonomy":"post_tag","embeddable":true,"href":"https:\/\/iomodontologia.com.br\/index.php\/wp-json\/wp\/v2\/tags?post=469"}],"curies":[{"name":"wp","href":"https:\/\/api.w.org\/{rel}","templated":true}]}}