{"id":14457,"date":"2022-01-22T09:38:00","date_gmt":"2022-01-22T12:38:00","guid":{"rendered":"https:\/\/iomodontologia.com.br\/?p=14457"},"modified":"2022-02-07T10:41:37","modified_gmt":"2022-02-07T13:41:37","slug":"danos-que-o-estresse-pode-causar-a-saude-bucal","status":"publish","type":"post","link":"https:\/\/iomodontologia.com.br\/index.php\/2022\/01\/22\/danos-que-o-estresse-pode-causar-a-saude-bucal\/","title":{"rendered":"Danos que o estresse pode causar \u00e0 sa\u00fade bucal"},"content":{"rendered":"\n<p>N\u00e3o est\u00e1 sendo f\u00e1cil pra ningu\u00e9m passar pelo que estamos passando, esse isolamento social est\u00e1 mexendo com a cabe\u00e7a de todo mundo, ainda temos o medo de pegar a covid 19 e ainda a crise econ\u00f4mica que assola todos n\u00f3s. Isso tudo nos faz entrar em um estresse constante. O que muita gente n\u00e3o sabe \u00e9 que, al\u00e9m de afetar a mente, o estresse afeta a sa\u00fade geral, inclusive, a sa\u00fade oral. As condi\u00e7\u00f5es emocionais e mentais comprometem a resposta imune das pessoas, predispondo-as ao surgimento de diversas doen\u00e7as.<\/p>\n\n\n\n<!--more-->\n\n\n\n<figure class=\"wp-block-embed is-type-video is-provider-youtube wp-block-embed-youtube wp-embed-aspect-16-9 wp-has-aspect-ratio\"><div class=\"wp-block-embed__wrapper\">\n<iframe title=\"Danos que o estresse pode causar \u00e0 sa\u00fade bucal\" width=\"1160\" height=\"653\" src=\"https:\/\/www.youtube.com\/embed\/o1UlfQyzsAE?feature=oembed\" frameborder=\"0\" allow=\"accelerometer; autoplay; clipboard-write; encrypted-media; gyroscope; picture-in-picture\" allowfullscreen><\/iframe>\n<\/div><\/figure>\n\n\n\n<p>&nbsp;. Bruxismo: caracterizado por ranger ou apertar os dentes, ele \u00e9 um term\u00f4metro bucal, sendo um dos principais problemas sofridos por pessoas estressadas.<\/p>\n\n\n\n<p>&nbsp;. Doen\u00e7a periodontal: As Pessoas estressadas tendem a desenvolver com mais facilidade a doen\u00e7a periodontal pelo excesso de produ\u00e7\u00e3o do cortisol \u2013 horm\u00f4nio do estresse \u2013, que acaba enfraquecendo o sistema imune.<\/p>\n\n\n\n<p>. Aftas: pequenas \u00falceras que se localizam na boca, as aftas podem afetar pessoas que est\u00e3o sob constante estresse e possuem tend\u00eancia a t\u00ea-las com frequ\u00eancia.<\/p>\n\n\n\n<p>&nbsp;. C\u00e1ries: Quando as pessoas est\u00e3o muito estressadas acabam esquecendo de cuidar de si pr\u00f3prias. Uma dieta rica em a\u00e7\u00facar e maus h\u00e1bitos orais formam a condi\u00e7\u00e3o perfeita para o surgimento das c\u00e1ries;&nbsp;<\/p>\n\n\n\n<p>. Xerostomia: As altera\u00e7\u00f5es fisiol\u00f3gicas ocorridas no corpo devido aos est\u00edmulos do estresse podem fazer o fluxo de saliva diminuir. A Xerostomia &nbsp;ou a boca seca provoca aumento no n\u00famero de c\u00e1ries e doen\u00e7as periodontais;<\/p>\n\n\n\n<p>Ent\u00e3o pessoal, cuidar diariamente da sa\u00fade mental \u00e9 extremamente necess\u00e1rio para evitar maiores problemas com estresse. Gerenciar o tempo, manter o equil\u00edbrio nas atividades e cultivar bons h\u00e1bitos ajuda a manter o corpo mais saud\u00e1vel. E n\u00e3o podemos esquecer que nessa \u00e9poca de coronav\u00edrus \u00e9 de suma import\u00e2ncia que estajamos com a sa\u00fade em dia para que o sistema imunol\u00f3gico funcione bem caso haja contato com o v\u00edrus.&nbsp;&nbsp;&nbsp;<\/p>\n\n\n\n<p>OK? Essa foi a dica de hoje, um abra\u00e7o a todos e at\u00e9 a pr\u00f3xima.<\/p>\n","protected":false},"excerpt":{"rendered":"<p>N\u00e3o est\u00e1 sendo f\u00e1cil pra ningu\u00e9m passar pelo que estamos passando, esse isolamento social est\u00e1 mexendo com a cabe\u00e7a de todo mundo, ainda temos o medo de pegar a covid 19 e ainda a crise econ\u00f4mica que assola todos n\u00f3s. Isso tudo nos faz entrar em um estresse constante. O que muita gente n\u00e3o sabe&#8230;<\/p>\n","protected":false},"author":1,"featured_media":14459,"comment_status":"open","ping_status":"open","sticky":false,"template":"","format":"standard","meta":{"_joinchat":[],"footnotes":""},"categories":[61],"tags":[100,99,65],"class_list":["post-14457","post","type-post","status-publish","format-standard","has-post-thumbnail","hentry","category-artigos","tag-danos-do-estresse","tag-estresse","tag-saude-bucal"],"yoast_head":"<!-- This site is optimized with the Yoast SEO plugin v26.8 - https:\/\/yoast.com\/product\/yoast-seo-wordpress\/ -->\n<title>Danos que o estresse pode causar \u00e0 sa\u00fade bucal - IOM - INSTITUTO ODONTOL\u00d3GICO<\/title>\n<meta name=\"robots\" content=\"index, follow, max-snippet:-1, max-image-preview:large, max-video-preview:-1\" \/>\n<link rel=\"canonical\" href=\"https:\/\/iomodontologia.com.br\/index.php\/2022\/01\/22\/danos-que-o-estresse-pode-causar-a-saude-bucal\/\" \/>\n<meta property=\"og:locale\" content=\"pt_BR\" \/>\n<meta property=\"og:type\" content=\"article\" \/>\n<meta property=\"og:title\" content=\"Danos que o estresse pode causar \u00e0 sa\u00fade bucal - IOM - INSTITUTO ODONTOL\u00d3GICO\" \/>\n<meta property=\"og:description\" content=\"N\u00e3o est\u00e1 sendo f\u00e1cil pra ningu\u00e9m passar pelo que estamos passando, esse isolamento social est\u00e1 mexendo com a cabe\u00e7a de todo mundo, ainda temos o medo de pegar a covid 19 e ainda a crise econ\u00f4mica que assola todos n\u00f3s. Isso tudo nos faz entrar em um estresse constante. O que muita gente n\u00e3o sabe...\" \/>\n<meta property=\"og:url\" content=\"https:\/\/iomodontologia.com.br\/index.php\/2022\/01\/22\/danos-que-o-estresse-pode-causar-a-saude-bucal\/\" \/>\n<meta property=\"og:site_name\" content=\"IOM - INSTITUTO ODONTOL\u00d3GICO\" \/>\n<meta property=\"article:publisher\" content=\"https:\/\/www.facebook.com\/iomodontologia\" \/>\n<meta property=\"article:published_time\" content=\"2022-01-22T12:38:00+00:00\" \/>\n<meta property=\"article:modified_time\" content=\"2022-02-07T13:41:37+00:00\" \/>\n<meta property=\"og:image\" content=\"https:\/\/iomodontologia.com.br\/wp-content\/uploads\/2022\/01\/danos-do-estress.jpg\" \/>\n\t<meta property=\"og:image:width\" content=\"1096\" \/>\n\t<meta property=\"og:image:height\" content=\"594\" \/>\n\t<meta property=\"og:image:type\" content=\"image\/jpeg\" \/>\n<meta name=\"author\" content=\"IOM\" \/>\n<meta name=\"twitter:card\" content=\"summary_large_image\" \/>\n<meta name=\"twitter:label1\" content=\"Escrito por\" \/>\n\t<meta name=\"twitter:data1\" content=\"IOM\" \/>\n\t<meta name=\"twitter:label2\" content=\"Est. tempo de leitura\" \/>\n\t<meta name=\"twitter:data2\" content=\"2 minutos\" \/>\n<script type=\"application\/ld+json\" class=\"yoast-schema-graph\">{\"@context\":\"https:\/\/schema.org\",\"@graph\":[{\"@type\":\"Article\",\"@id\":\"https:\/\/iomodontologia.com.br\/index.php\/2022\/01\/22\/danos-que-o-estresse-pode-causar-a-saude-bucal\/#article\",\"isPartOf\":{\"@id\":\"https:\/\/iomodontologia.com.br\/index.php\/2022\/01\/22\/danos-que-o-estresse-pode-causar-a-saude-bucal\/\"},\"author\":{\"name\":\"IOM\",\"@id\":\"https:\/\/iomodontologia.com.br\/#\/schema\/person\/2d8ae883d777958331a9492184992de0\"},\"headline\":\"Danos que o estresse pode causar \u00e0 sa\u00fade bucal\",\"datePublished\":\"2022-01-22T12:38:00+00:00\",\"dateModified\":\"2022-02-07T13:41:37+00:00\",\"mainEntityOfPage\":{\"@id\":\"https:\/\/iomodontologia.com.br\/index.php\/2022\/01\/22\/danos-que-o-estresse-pode-causar-a-saude-bucal\/\"},\"wordCount\":379,\"commentCount\":0,\"publisher\":{\"@id\":\"https:\/\/iomodontologia.com.br\/#organization\"},\"image\":{\"@id\":\"https:\/\/iomodontologia.com.br\/index.php\/2022\/01\/22\/danos-que-o-estresse-pode-causar-a-saude-bucal\/#primaryimage\"},\"thumbnailUrl\":\"https:\/\/iomodontologia.com.br\/wp-content\/uploads\/2022\/01\/danos-do-estress.jpg\",\"keywords\":[\"danos do estresse\",\"estresse\",\"sa\u00fade bucal\"],\"articleSection\":[\"Artigos\"],\"inLanguage\":\"pt-BR\",\"potentialAction\":[{\"@type\":\"CommentAction\",\"name\":\"Comment\",\"target\":[\"https:\/\/iomodontologia.com.br\/index.php\/2022\/01\/22\/danos-que-o-estresse-pode-causar-a-saude-bucal\/#respond\"]}]},{\"@type\":\"WebPage\",\"@id\":\"https:\/\/iomodontologia.com.br\/index.php\/2022\/01\/22\/danos-que-o-estresse-pode-causar-a-saude-bucal\/\",\"url\":\"https:\/\/iomodontologia.com.br\/index.php\/2022\/01\/22\/danos-que-o-estresse-pode-causar-a-saude-bucal\/\",\"name\":\"Danos que o estresse pode causar \u00e0 sa\u00fade bucal - IOM - INSTITUTO ODONTOL\u00d3GICO\",\"isPartOf\":{\"@id\":\"https:\/\/iomodontologia.com.br\/#website\"},\"primaryImageOfPage\":{\"@id\":\"https:\/\/iomodontologia.com.br\/index.php\/2022\/01\/22\/danos-que-o-estresse-pode-causar-a-saude-bucal\/#primaryimage\"},\"image\":{\"@id\":\"https:\/\/iomodontologia.com.br\/index.php\/2022\/01\/22\/danos-que-o-estresse-pode-causar-a-saude-bucal\/#primaryimage\"},\"thumbnailUrl\":\"https:\/\/iomodontologia.com.br\/wp-content\/uploads\/2022\/01\/danos-do-estress.jpg\",\"datePublished\":\"2022-01-22T12:38:00+00:00\",\"dateModified\":\"2022-02-07T13:41:37+00:00\",\"breadcrumb\":{\"@id\":\"https:\/\/iomodontologia.com.br\/index.php\/2022\/01\/22\/danos-que-o-estresse-pode-causar-a-saude-bucal\/#breadcrumb\"},\"inLanguage\":\"pt-BR\",\"potentialAction\":[{\"@type\":\"ReadAction\",\"target\":[\"https:\/\/iomodontologia.com.br\/index.php\/2022\/01\/22\/danos-que-o-estresse-pode-causar-a-saude-bucal\/\"]}]},{\"@type\":\"ImageObject\",\"inLanguage\":\"pt-BR\",\"@id\":\"https:\/\/iomodontologia.com.br\/index.php\/2022\/01\/22\/danos-que-o-estresse-pode-causar-a-saude-bucal\/#primaryimage\",\"url\":\"https:\/\/iomodontologia.com.br\/wp-content\/uploads\/2022\/01\/danos-do-estress.jpg\",\"contentUrl\":\"https:\/\/iomodontologia.com.br\/wp-content\/uploads\/2022\/01\/danos-do-estress.jpg\",\"width\":1096,\"height\":594},{\"@type\":\"BreadcrumbList\",\"@id\":\"https:\/\/iomodontologia.com.br\/index.php\/2022\/01\/22\/danos-que-o-estresse-pode-causar-a-saude-bucal\/#breadcrumb\",\"itemListElement\":[{\"@type\":\"ListItem\",\"position\":1,\"name\":\"Home\",\"item\":\"https:\/\/iomodontologia.com.br\/\"},{\"@type\":\"ListItem\",\"position\":2,\"name\":\"Danos que o estresse pode causar \u00e0 sa\u00fade bucal\"}]},{\"@type\":\"WebSite\",\"@id\":\"https:\/\/iomodontologia.com.br\/#website\",\"url\":\"https:\/\/iomodontologia.com.br\/\",\"name\":\"IOM - INSTITUTO ODONTOL\u00d3GICO\",\"description\":\"CL\u00cdNICA ODONTOL\u00d3GICA\",\"publisher\":{\"@id\":\"https:\/\/iomodontologia.com.br\/#organization\"},\"potentialAction\":[{\"@type\":\"SearchAction\",\"target\":{\"@type\":\"EntryPoint\",\"urlTemplate\":\"https:\/\/iomodontologia.com.br\/?s={search_term_string}\"},\"query-input\":{\"@type\":\"PropertyValueSpecification\",\"valueRequired\":true,\"valueName\":\"search_term_string\"}}],\"inLanguage\":\"pt-BR\"},{\"@type\":\"Organization\",\"@id\":\"https:\/\/iomodontologia.com.br\/#organization\",\"name\":\"IOM - Instituto Odontol\u00f3gico Mogiano\",\"url\":\"https:\/\/iomodontologia.com.br\/\",\"logo\":{\"@type\":\"ImageObject\",\"inLanguage\":\"pt-BR\",\"@id\":\"https:\/\/iomodontologia.com.br\/#\/schema\/logo\/image\/\",\"url\":\"https:\/\/iomodontologia.com.br\/wp-content\/uploads\/2019\/11\/IOM-Logo-slogan.png\",\"contentUrl\":\"https:\/\/iomodontologia.com.br\/wp-content\/uploads\/2019\/11\/IOM-Logo-slogan.png\",\"width\":2000,\"height\":858,\"caption\":\"IOM - Instituto Odontol\u00f3gico Mogiano\"},\"image\":{\"@id\":\"https:\/\/iomodontologia.com.br\/#\/schema\/logo\/image\/\"},\"sameAs\":[\"https:\/\/www.facebook.com\/iomodontologia\",\"https:\/\/www.instagram.com\/iom.odonto\"]},{\"@type\":\"Person\",\"@id\":\"https:\/\/iomodontologia.com.br\/#\/schema\/person\/2d8ae883d777958331a9492184992de0\",\"name\":\"IOM\",\"image\":{\"@type\":\"ImageObject\",\"inLanguage\":\"pt-BR\",\"@id\":\"https:\/\/iomodontologia.com.br\/#\/schema\/person\/image\/\",\"url\":\"https:\/\/secure.gravatar.com\/avatar\/003dc2a3c14e0b6b5d63ec9413622bf8?s=96&d=mm&r=g\",\"contentUrl\":\"https:\/\/secure.gravatar.com\/avatar\/003dc2a3c14e0b6b5d63ec9413622bf8?s=96&d=mm&r=g\",\"caption\":\"IOM\"},\"sameAs\":[\"http:\/\/taprontosite.com.br\/iom\"],\"url\":\"https:\/\/iomodontologia.com.br\/index.php\/author\/iom\/\"}]}<\/script>\n<!-- \/ Yoast SEO plugin. -->","yoast_head_json":{"title":"Danos que o estresse pode causar \u00e0 sa\u00fade bucal - IOM - INSTITUTO ODONTOL\u00d3GICO","robots":{"index":"index","follow":"follow","max-snippet":"max-snippet:-1","max-image-preview":"max-image-preview:large","max-video-preview":"max-video-preview:-1"},"canonical":"https:\/\/iomodontologia.com.br\/index.php\/2022\/01\/22\/danos-que-o-estresse-pode-causar-a-saude-bucal\/","og_locale":"pt_BR","og_type":"article","og_title":"Danos que o estresse pode causar \u00e0 sa\u00fade bucal - IOM - INSTITUTO ODONTOL\u00d3GICO","og_description":"N\u00e3o est\u00e1 sendo f\u00e1cil pra ningu\u00e9m passar pelo que estamos passando, esse isolamento social est\u00e1 mexendo com a cabe\u00e7a de todo mundo, ainda temos o medo de pegar a covid 19 e ainda a crise econ\u00f4mica que assola todos n\u00f3s. Isso tudo nos faz entrar em um estresse constante. O que muita gente n\u00e3o sabe...","og_url":"https:\/\/iomodontologia.com.br\/index.php\/2022\/01\/22\/danos-que-o-estresse-pode-causar-a-saude-bucal\/","og_site_name":"IOM - INSTITUTO ODONTOL\u00d3GICO","article_publisher":"https:\/\/www.facebook.com\/iomodontologia","article_published_time":"2022-01-22T12:38:00+00:00","article_modified_time":"2022-02-07T13:41:37+00:00","og_image":[{"width":1096,"height":594,"url":"https:\/\/iomodontologia.com.br\/wp-content\/uploads\/2022\/01\/danos-do-estress.jpg","type":"image\/jpeg"}],"author":"IOM","twitter_card":"summary_large_image","twitter_misc":{"Escrito por":"IOM","Est. tempo de leitura":"2 minutos"},"schema":{"@context":"https:\/\/schema.org","@graph":[{"@type":"Article","@id":"https:\/\/iomodontologia.com.br\/index.php\/2022\/01\/22\/danos-que-o-estresse-pode-causar-a-saude-bucal\/#article","isPartOf":{"@id":"https:\/\/iomodontologia.com.br\/index.php\/2022\/01\/22\/danos-que-o-estresse-pode-causar-a-saude-bucal\/"},"author":{"name":"IOM","@id":"https:\/\/iomodontologia.com.br\/#\/schema\/person\/2d8ae883d777958331a9492184992de0"},"headline":"Danos que o estresse pode causar \u00e0 sa\u00fade bucal","datePublished":"2022-01-22T12:38:00+00:00","dateModified":"2022-02-07T13:41:37+00:00","mainEntityOfPage":{"@id":"https:\/\/iomodontologia.com.br\/index.php\/2022\/01\/22\/danos-que-o-estresse-pode-causar-a-saude-bucal\/"},"wordCount":379,"commentCount":0,"publisher":{"@id":"https:\/\/iomodontologia.com.br\/#organization"},"image":{"@id":"https:\/\/iomodontologia.com.br\/index.php\/2022\/01\/22\/danos-que-o-estresse-pode-causar-a-saude-bucal\/#primaryimage"},"thumbnailUrl":"https:\/\/iomodontologia.com.br\/wp-content\/uploads\/2022\/01\/danos-do-estress.jpg","keywords":["danos do estresse","estresse","sa\u00fade bucal"],"articleSection":["Artigos"],"inLanguage":"pt-BR","potentialAction":[{"@type":"CommentAction","name":"Comment","target":["https:\/\/iomodontologia.com.br\/index.php\/2022\/01\/22\/danos-que-o-estresse-pode-causar-a-saude-bucal\/#respond"]}]},{"@type":"WebPage","@id":"https:\/\/iomodontologia.com.br\/index.php\/2022\/01\/22\/danos-que-o-estresse-pode-causar-a-saude-bucal\/","url":"https:\/\/iomodontologia.com.br\/index.php\/2022\/01\/22\/danos-que-o-estresse-pode-causar-a-saude-bucal\/","name":"Danos que o estresse pode causar \u00e0 sa\u00fade bucal - IOM - INSTITUTO ODONTOL\u00d3GICO","isPartOf":{"@id":"https:\/\/iomodontologia.com.br\/#website"},"primaryImageOfPage":{"@id":"https:\/\/iomodontologia.com.br\/index.php\/2022\/01\/22\/danos-que-o-estresse-pode-causar-a-saude-bucal\/#primaryimage"},"image":{"@id":"https:\/\/iomodontologia.com.br\/index.php\/2022\/01\/22\/danos-que-o-estresse-pode-causar-a-saude-bucal\/#primaryimage"},"thumbnailUrl":"https:\/\/iomodontologia.com.br\/wp-content\/uploads\/2022\/01\/danos-do-estress.jpg","datePublished":"2022-01-22T12:38:00+00:00","dateModified":"2022-02-07T13:41:37+00:00","breadcrumb":{"@id":"https:\/\/iomodontologia.com.br\/index.php\/2022\/01\/22\/danos-que-o-estresse-pode-causar-a-saude-bucal\/#breadcrumb"},"inLanguage":"pt-BR","potentialAction":[{"@type":"ReadAction","target":["https:\/\/iomodontologia.com.br\/index.php\/2022\/01\/22\/danos-que-o-estresse-pode-causar-a-saude-bucal\/"]}]},{"@type":"ImageObject","inLanguage":"pt-BR","@id":"https:\/\/iomodontologia.com.br\/index.php\/2022\/01\/22\/danos-que-o-estresse-pode-causar-a-saude-bucal\/#primaryimage","url":"https:\/\/iomodontologia.com.br\/wp-content\/uploads\/2022\/01\/danos-do-estress.jpg","contentUrl":"https:\/\/iomodontologia.com.br\/wp-content\/uploads\/2022\/01\/danos-do-estress.jpg","width":1096,"height":594},{"@type":"BreadcrumbList","@id":"https:\/\/iomodontologia.com.br\/index.php\/2022\/01\/22\/danos-que-o-estresse-pode-causar-a-saude-bucal\/#breadcrumb","itemListElement":[{"@type":"ListItem","position":1,"name":"Home","item":"https:\/\/iomodontologia.com.br\/"},{"@type":"ListItem","position":2,"name":"Danos que o estresse pode causar \u00e0 sa\u00fade bucal"}]},{"@type":"WebSite","@id":"https:\/\/iomodontologia.com.br\/#website","url":"https:\/\/iomodontologia.com.br\/","name":"IOM - INSTITUTO ODONTOL\u00d3GICO","description":"CL\u00cdNICA ODONTOL\u00d3GICA","publisher":{"@id":"https:\/\/iomodontologia.com.br\/#organization"},"potentialAction":[{"@type":"SearchAction","target":{"@type":"EntryPoint","urlTemplate":"https:\/\/iomodontologia.com.br\/?s={search_term_string}"},"query-input":{"@type":"PropertyValueSpecification","valueRequired":true,"valueName":"search_term_string"}}],"inLanguage":"pt-BR"},{"@type":"Organization","@id":"https:\/\/iomodontologia.com.br\/#organization","name":"IOM - Instituto Odontol\u00f3gico Mogiano","url":"https:\/\/iomodontologia.com.br\/","logo":{"@type":"ImageObject","inLanguage":"pt-BR","@id":"https:\/\/iomodontologia.com.br\/#\/schema\/logo\/image\/","url":"https:\/\/iomodontologia.com.br\/wp-content\/uploads\/2019\/11\/IOM-Logo-slogan.png","contentUrl":"https:\/\/iomodontologia.com.br\/wp-content\/uploads\/2019\/11\/IOM-Logo-slogan.png","width":2000,"height":858,"caption":"IOM - Instituto Odontol\u00f3gico Mogiano"},"image":{"@id":"https:\/\/iomodontologia.com.br\/#\/schema\/logo\/image\/"},"sameAs":["https:\/\/www.facebook.com\/iomodontologia","https:\/\/www.instagram.com\/iom.odonto"]},{"@type":"Person","@id":"https:\/\/iomodontologia.com.br\/#\/schema\/person\/2d8ae883d777958331a9492184992de0","name":"IOM","image":{"@type":"ImageObject","inLanguage":"pt-BR","@id":"https:\/\/iomodontologia.com.br\/#\/schema\/person\/image\/","url":"https:\/\/secure.gravatar.com\/avatar\/003dc2a3c14e0b6b5d63ec9413622bf8?s=96&d=mm&r=g","contentUrl":"https:\/\/secure.gravatar.com\/avatar\/003dc2a3c14e0b6b5d63ec9413622bf8?s=96&d=mm&r=g","caption":"IOM"},"sameAs":["http:\/\/taprontosite.com.br\/iom"],"url":"https:\/\/iomodontologia.com.br\/index.php\/author\/iom\/"}]}},"_links":{"self":[{"href":"https:\/\/iomodontologia.com.br\/index.php\/wp-json\/wp\/v2\/posts\/14457","targetHints":{"allow":["GET"]}}],"collection":[{"href":"https:\/\/iomodontologia.com.br\/index.php\/wp-json\/wp\/v2\/posts"}],"about":[{"href":"https:\/\/iomodontologia.com.br\/index.php\/wp-json\/wp\/v2\/types\/post"}],"author":[{"embeddable":true,"href":"https:\/\/iomodontologia.com.br\/index.php\/wp-json\/wp\/v2\/users\/1"}],"replies":[{"embeddable":true,"href":"https:\/\/iomodontologia.com.br\/index.php\/wp-json\/wp\/v2\/comments?post=14457"}],"version-history":[{"count":3,"href":"https:\/\/iomodontologia.com.br\/index.php\/wp-json\/wp\/v2\/posts\/14457\/revisions"}],"predecessor-version":[{"id":14463,"href":"https:\/\/iomodontologia.com.br\/index.php\/wp-json\/wp\/v2\/posts\/14457\/revisions\/14463"}],"wp:featuredmedia":[{"embeddable":true,"href":"https:\/\/iomodontologia.com.br\/index.php\/wp-json\/wp\/v2\/media\/14459"}],"wp:attachment":[{"href":"https:\/\/iomodontologia.com.br\/index.php\/wp-json\/wp\/v2\/media?parent=14457"}],"wp:term":[{"taxonomy":"category","embeddable":true,"href":"https:\/\/iomodontologia.com.br\/index.php\/wp-json\/wp\/v2\/categories?post=14457"},{"taxonomy":"post_tag","embeddable":true,"href":"https:\/\/iomodontologia.com.br\/index.php\/wp-json\/wp\/v2\/tags?post=14457"}],"curies":[{"name":"wp","href":"https:\/\/api.w.org\/{rel}","templated":true}]}}