{"id":14450,"date":"2021-11-24T11:45:53","date_gmt":"2021-11-24T14:45:53","guid":{"rendered":"https:\/\/iomodontologia.com.br\/?p=14450"},"modified":"2022-01-24T13:02:46","modified_gmt":"2022-01-24T16:02:46","slug":"dica-dra-analia-sobre-preenchimento-labial","status":"publish","type":"post","link":"https:\/\/iomodontologia.com.br\/index.php\/2021\/11\/24\/dica-dra-analia-sobre-preenchimento-labial\/","title":{"rendered":"Dica Dra. Analia sobre Preenchimento Labial"},"content":{"rendered":"<p>A Dra. Analia King Rueda Rodrigues explica um pouco mais sobre Preenchimento Labial e alguns cuidados que se deve tomar ao realizar esse procedimento!<\/p>\n<p>\u00a0<\/p>\n\n\n<figure class=\"wp-block-embed is-type-video is-provider-youtube wp-block-embed-youtube wp-embed-aspect-16-9 wp-has-aspect-ratio\"><div class=\"wp-block-embed__wrapper\">\n<iframe title=\"Preenchimeto Labial com Dra. Analia King Rueda Rodrigues\" width=\"1160\" height=\"653\" src=\"https:\/\/www.youtube.com\/embed\/r9p88WHZ3aE?feature=oembed\" frameborder=\"0\" allow=\"accelerometer; autoplay; clipboard-write; encrypted-media; gyroscope; picture-in-picture\" allowfullscreen><\/iframe>\n<\/div><\/figure>\n","protected":false},"excerpt":{"rendered":"<p>A Dra. Analia King Rueda Rodrigues explica um pouco mais sobre Preenchimento Labial e alguns cuidados que se deve tomar ao realizar esse procedimento! \u00a0<\/p>\n","protected":false},"author":1,"featured_media":14452,"comment_status":"open","ping_status":"open","sticky":false,"template":"","format":"standard","meta":{"_joinchat":[],"footnotes":""},"categories":[61],"tags":[93],"class_list":["post-14450","post","type-post","status-publish","format-standard","has-post-thumbnail","hentry","category-artigos","tag-preenchimento-labial"],"yoast_head":"<!-- This site is optimized with the Yoast SEO plugin v26.8 - https:\/\/yoast.com\/product\/yoast-seo-wordpress\/ -->\n<title>Dica Dra. Analia sobre Preenchimento Labial - IOM - INSTITUTO ODONTOL\u00d3GICO<\/title>\n<meta name=\"robots\" content=\"index, follow, max-snippet:-1, max-image-preview:large, max-video-preview:-1\" \/>\n<link rel=\"canonical\" href=\"https:\/\/iomodontologia.com.br\/index.php\/2021\/11\/24\/dica-dra-analia-sobre-preenchimento-labial\/\" \/>\n<meta property=\"og:locale\" content=\"pt_BR\" \/>\n<meta property=\"og:type\" content=\"article\" \/>\n<meta property=\"og:title\" content=\"Dica Dra. Analia sobre Preenchimento Labial - IOM - INSTITUTO ODONTOL\u00d3GICO\" \/>\n<meta property=\"og:description\" content=\"A Dra. Analia King Rueda Rodrigues explica um pouco mais sobre Preenchimento Labial e alguns cuidados que se deve tomar ao realizar esse procedimento! \u00a0\" \/>\n<meta property=\"og:url\" content=\"https:\/\/iomodontologia.com.br\/index.php\/2021\/11\/24\/dica-dra-analia-sobre-preenchimento-labial\/\" \/>\n<meta property=\"og:site_name\" content=\"IOM - INSTITUTO ODONTOL\u00d3GICO\" \/>\n<meta property=\"article:publisher\" content=\"https:\/\/www.facebook.com\/iomodontologia\" \/>\n<meta property=\"article:published_time\" content=\"2021-11-24T14:45:53+00:00\" \/>\n<meta property=\"article:modified_time\" content=\"2022-01-24T16:02:46+00:00\" \/>\n<meta property=\"og:image\" content=\"https:\/\/iomodontologia.com.br\/wp-content\/uploads\/2021\/11\/Preenchimento-labial.jpg\" \/>\n\t<meta property=\"og:image:width\" content=\"1096\" \/>\n\t<meta property=\"og:image:height\" content=\"594\" \/>\n\t<meta property=\"og:image:type\" content=\"image\/jpeg\" \/>\n<meta name=\"author\" content=\"IOM\" \/>\n<meta name=\"twitter:card\" content=\"summary_large_image\" \/>\n<meta name=\"twitter:label1\" content=\"Escrito por\" \/>\n\t<meta name=\"twitter:data1\" content=\"IOM\" \/>\n\t<meta name=\"twitter:label2\" content=\"Est. tempo de leitura\" \/>\n\t<meta name=\"twitter:data2\" content=\"1 minuto\" \/>\n<script type=\"application\/ld+json\" class=\"yoast-schema-graph\">{\"@context\":\"https:\/\/schema.org\",\"@graph\":[{\"@type\":\"Article\",\"@id\":\"https:\/\/iomodontologia.com.br\/index.php\/2021\/11\/24\/dica-dra-analia-sobre-preenchimento-labial\/#article\",\"isPartOf\":{\"@id\":\"https:\/\/iomodontologia.com.br\/index.php\/2021\/11\/24\/dica-dra-analia-sobre-preenchimento-labial\/\"},\"author\":{\"name\":\"IOM\",\"@id\":\"https:\/\/iomodontologia.com.br\/#\/schema\/person\/2d8ae883d777958331a9492184992de0\"},\"headline\":\"Dica Dra. Analia sobre Preenchimento Labial\",\"datePublished\":\"2021-11-24T14:45:53+00:00\",\"dateModified\":\"2022-01-24T16:02:46+00:00\",\"mainEntityOfPage\":{\"@id\":\"https:\/\/iomodontologia.com.br\/index.php\/2021\/11\/24\/dica-dra-analia-sobre-preenchimento-labial\/\"},\"wordCount\":40,\"commentCount\":0,\"publisher\":{\"@id\":\"https:\/\/iomodontologia.com.br\/#organization\"},\"image\":{\"@id\":\"https:\/\/iomodontologia.com.br\/index.php\/2021\/11\/24\/dica-dra-analia-sobre-preenchimento-labial\/#primaryimage\"},\"thumbnailUrl\":\"https:\/\/iomodontologia.com.br\/wp-content\/uploads\/2021\/11\/Preenchimento-labial.jpg\",\"keywords\":[\"Preenchimento Labial\"],\"articleSection\":[\"Artigos\"],\"inLanguage\":\"pt-BR\",\"potentialAction\":[{\"@type\":\"CommentAction\",\"name\":\"Comment\",\"target\":[\"https:\/\/iomodontologia.com.br\/index.php\/2021\/11\/24\/dica-dra-analia-sobre-preenchimento-labial\/#respond\"]}]},{\"@type\":\"WebPage\",\"@id\":\"https:\/\/iomodontologia.com.br\/index.php\/2021\/11\/24\/dica-dra-analia-sobre-preenchimento-labial\/\",\"url\":\"https:\/\/iomodontologia.com.br\/index.php\/2021\/11\/24\/dica-dra-analia-sobre-preenchimento-labial\/\",\"name\":\"Dica Dra. Analia sobre Preenchimento Labial - IOM - INSTITUTO ODONTOL\u00d3GICO\",\"isPartOf\":{\"@id\":\"https:\/\/iomodontologia.com.br\/#website\"},\"primaryImageOfPage\":{\"@id\":\"https:\/\/iomodontologia.com.br\/index.php\/2021\/11\/24\/dica-dra-analia-sobre-preenchimento-labial\/#primaryimage\"},\"image\":{\"@id\":\"https:\/\/iomodontologia.com.br\/index.php\/2021\/11\/24\/dica-dra-analia-sobre-preenchimento-labial\/#primaryimage\"},\"thumbnailUrl\":\"https:\/\/iomodontologia.com.br\/wp-content\/uploads\/2021\/11\/Preenchimento-labial.jpg\",\"datePublished\":\"2021-11-24T14:45:53+00:00\",\"dateModified\":\"2022-01-24T16:02:46+00:00\",\"breadcrumb\":{\"@id\":\"https:\/\/iomodontologia.com.br\/index.php\/2021\/11\/24\/dica-dra-analia-sobre-preenchimento-labial\/#breadcrumb\"},\"inLanguage\":\"pt-BR\",\"potentialAction\":[{\"@type\":\"ReadAction\",\"target\":[\"https:\/\/iomodontologia.com.br\/index.php\/2021\/11\/24\/dica-dra-analia-sobre-preenchimento-labial\/\"]}]},{\"@type\":\"ImageObject\",\"inLanguage\":\"pt-BR\",\"@id\":\"https:\/\/iomodontologia.com.br\/index.php\/2021\/11\/24\/dica-dra-analia-sobre-preenchimento-labial\/#primaryimage\",\"url\":\"https:\/\/iomodontologia.com.br\/wp-content\/uploads\/2021\/11\/Preenchimento-labial.jpg\",\"contentUrl\":\"https:\/\/iomodontologia.com.br\/wp-content\/uploads\/2021\/11\/Preenchimento-labial.jpg\",\"width\":1096,\"height\":594},{\"@type\":\"BreadcrumbList\",\"@id\":\"https:\/\/iomodontologia.com.br\/index.php\/2021\/11\/24\/dica-dra-analia-sobre-preenchimento-labial\/#breadcrumb\",\"itemListElement\":[{\"@type\":\"ListItem\",\"position\":1,\"name\":\"Home\",\"item\":\"https:\/\/iomodontologia.com.br\/\"},{\"@type\":\"ListItem\",\"position\":2,\"name\":\"Dica Dra. Analia sobre Preenchimento Labial\"}]},{\"@type\":\"WebSite\",\"@id\":\"https:\/\/iomodontologia.com.br\/#website\",\"url\":\"https:\/\/iomodontologia.com.br\/\",\"name\":\"IOM - INSTITUTO ODONTOL\u00d3GICO\",\"description\":\"CL\u00cdNICA ODONTOL\u00d3GICA\",\"publisher\":{\"@id\":\"https:\/\/iomodontologia.com.br\/#organization\"},\"potentialAction\":[{\"@type\":\"SearchAction\",\"target\":{\"@type\":\"EntryPoint\",\"urlTemplate\":\"https:\/\/iomodontologia.com.br\/?s={search_term_string}\"},\"query-input\":{\"@type\":\"PropertyValueSpecification\",\"valueRequired\":true,\"valueName\":\"search_term_string\"}}],\"inLanguage\":\"pt-BR\"},{\"@type\":\"Organization\",\"@id\":\"https:\/\/iomodontologia.com.br\/#organization\",\"name\":\"IOM - Instituto Odontol\u00f3gico Mogiano\",\"url\":\"https:\/\/iomodontologia.com.br\/\",\"logo\":{\"@type\":\"ImageObject\",\"inLanguage\":\"pt-BR\",\"@id\":\"https:\/\/iomodontologia.com.br\/#\/schema\/logo\/image\/\",\"url\":\"https:\/\/iomodontologia.com.br\/wp-content\/uploads\/2019\/11\/IOM-Logo-slogan.png\",\"contentUrl\":\"https:\/\/iomodontologia.com.br\/wp-content\/uploads\/2019\/11\/IOM-Logo-slogan.png\",\"width\":2000,\"height\":858,\"caption\":\"IOM - Instituto Odontol\u00f3gico Mogiano\"},\"image\":{\"@id\":\"https:\/\/iomodontologia.com.br\/#\/schema\/logo\/image\/\"},\"sameAs\":[\"https:\/\/www.facebook.com\/iomodontologia\",\"https:\/\/www.instagram.com\/iom.odonto\"]},{\"@type\":\"Person\",\"@id\":\"https:\/\/iomodontologia.com.br\/#\/schema\/person\/2d8ae883d777958331a9492184992de0\",\"name\":\"IOM\",\"image\":{\"@type\":\"ImageObject\",\"inLanguage\":\"pt-BR\",\"@id\":\"https:\/\/iomodontologia.com.br\/#\/schema\/person\/image\/\",\"url\":\"https:\/\/secure.gravatar.com\/avatar\/003dc2a3c14e0b6b5d63ec9413622bf8?s=96&d=mm&r=g\",\"contentUrl\":\"https:\/\/secure.gravatar.com\/avatar\/003dc2a3c14e0b6b5d63ec9413622bf8?s=96&d=mm&r=g\",\"caption\":\"IOM\"},\"sameAs\":[\"http:\/\/taprontosite.com.br\/iom\"],\"url\":\"https:\/\/iomodontologia.com.br\/index.php\/author\/iom\/\"}]}<\/script>\n<!-- \/ Yoast SEO plugin. -->","yoast_head_json":{"title":"Dica Dra. Analia sobre Preenchimento Labial - IOM - INSTITUTO ODONTOL\u00d3GICO","robots":{"index":"index","follow":"follow","max-snippet":"max-snippet:-1","max-image-preview":"max-image-preview:large","max-video-preview":"max-video-preview:-1"},"canonical":"https:\/\/iomodontologia.com.br\/index.php\/2021\/11\/24\/dica-dra-analia-sobre-preenchimento-labial\/","og_locale":"pt_BR","og_type":"article","og_title":"Dica Dra. Analia sobre Preenchimento Labial - IOM - INSTITUTO ODONTOL\u00d3GICO","og_description":"A Dra. Analia King Rueda Rodrigues explica um pouco mais sobre Preenchimento Labial e alguns cuidados que se deve tomar ao realizar esse procedimento! \u00a0","og_url":"https:\/\/iomodontologia.com.br\/index.php\/2021\/11\/24\/dica-dra-analia-sobre-preenchimento-labial\/","og_site_name":"IOM - INSTITUTO ODONTOL\u00d3GICO","article_publisher":"https:\/\/www.facebook.com\/iomodontologia","article_published_time":"2021-11-24T14:45:53+00:00","article_modified_time":"2022-01-24T16:02:46+00:00","og_image":[{"width":1096,"height":594,"url":"https:\/\/iomodontologia.com.br\/wp-content\/uploads\/2021\/11\/Preenchimento-labial.jpg","type":"image\/jpeg"}],"author":"IOM","twitter_card":"summary_large_image","twitter_misc":{"Escrito por":"IOM","Est. tempo de leitura":"1 minuto"},"schema":{"@context":"https:\/\/schema.org","@graph":[{"@type":"Article","@id":"https:\/\/iomodontologia.com.br\/index.php\/2021\/11\/24\/dica-dra-analia-sobre-preenchimento-labial\/#article","isPartOf":{"@id":"https:\/\/iomodontologia.com.br\/index.php\/2021\/11\/24\/dica-dra-analia-sobre-preenchimento-labial\/"},"author":{"name":"IOM","@id":"https:\/\/iomodontologia.com.br\/#\/schema\/person\/2d8ae883d777958331a9492184992de0"},"headline":"Dica Dra. Analia sobre Preenchimento Labial","datePublished":"2021-11-24T14:45:53+00:00","dateModified":"2022-01-24T16:02:46+00:00","mainEntityOfPage":{"@id":"https:\/\/iomodontologia.com.br\/index.php\/2021\/11\/24\/dica-dra-analia-sobre-preenchimento-labial\/"},"wordCount":40,"commentCount":0,"publisher":{"@id":"https:\/\/iomodontologia.com.br\/#organization"},"image":{"@id":"https:\/\/iomodontologia.com.br\/index.php\/2021\/11\/24\/dica-dra-analia-sobre-preenchimento-labial\/#primaryimage"},"thumbnailUrl":"https:\/\/iomodontologia.com.br\/wp-content\/uploads\/2021\/11\/Preenchimento-labial.jpg","keywords":["Preenchimento Labial"],"articleSection":["Artigos"],"inLanguage":"pt-BR","potentialAction":[{"@type":"CommentAction","name":"Comment","target":["https:\/\/iomodontologia.com.br\/index.php\/2021\/11\/24\/dica-dra-analia-sobre-preenchimento-labial\/#respond"]}]},{"@type":"WebPage","@id":"https:\/\/iomodontologia.com.br\/index.php\/2021\/11\/24\/dica-dra-analia-sobre-preenchimento-labial\/","url":"https:\/\/iomodontologia.com.br\/index.php\/2021\/11\/24\/dica-dra-analia-sobre-preenchimento-labial\/","name":"Dica Dra. Analia sobre Preenchimento Labial - IOM - INSTITUTO ODONTOL\u00d3GICO","isPartOf":{"@id":"https:\/\/iomodontologia.com.br\/#website"},"primaryImageOfPage":{"@id":"https:\/\/iomodontologia.com.br\/index.php\/2021\/11\/24\/dica-dra-analia-sobre-preenchimento-labial\/#primaryimage"},"image":{"@id":"https:\/\/iomodontologia.com.br\/index.php\/2021\/11\/24\/dica-dra-analia-sobre-preenchimento-labial\/#primaryimage"},"thumbnailUrl":"https:\/\/iomodontologia.com.br\/wp-content\/uploads\/2021\/11\/Preenchimento-labial.jpg","datePublished":"2021-11-24T14:45:53+00:00","dateModified":"2022-01-24T16:02:46+00:00","breadcrumb":{"@id":"https:\/\/iomodontologia.com.br\/index.php\/2021\/11\/24\/dica-dra-analia-sobre-preenchimento-labial\/#breadcrumb"},"inLanguage":"pt-BR","potentialAction":[{"@type":"ReadAction","target":["https:\/\/iomodontologia.com.br\/index.php\/2021\/11\/24\/dica-dra-analia-sobre-preenchimento-labial\/"]}]},{"@type":"ImageObject","inLanguage":"pt-BR","@id":"https:\/\/iomodontologia.com.br\/index.php\/2021\/11\/24\/dica-dra-analia-sobre-preenchimento-labial\/#primaryimage","url":"https:\/\/iomodontologia.com.br\/wp-content\/uploads\/2021\/11\/Preenchimento-labial.jpg","contentUrl":"https:\/\/iomodontologia.com.br\/wp-content\/uploads\/2021\/11\/Preenchimento-labial.jpg","width":1096,"height":594},{"@type":"BreadcrumbList","@id":"https:\/\/iomodontologia.com.br\/index.php\/2021\/11\/24\/dica-dra-analia-sobre-preenchimento-labial\/#breadcrumb","itemListElement":[{"@type":"ListItem","position":1,"name":"Home","item":"https:\/\/iomodontologia.com.br\/"},{"@type":"ListItem","position":2,"name":"Dica Dra. Analia sobre Preenchimento Labial"}]},{"@type":"WebSite","@id":"https:\/\/iomodontologia.com.br\/#website","url":"https:\/\/iomodontologia.com.br\/","name":"IOM - INSTITUTO ODONTOL\u00d3GICO","description":"CL\u00cdNICA ODONTOL\u00d3GICA","publisher":{"@id":"https:\/\/iomodontologia.com.br\/#organization"},"potentialAction":[{"@type":"SearchAction","target":{"@type":"EntryPoint","urlTemplate":"https:\/\/iomodontologia.com.br\/?s={search_term_string}"},"query-input":{"@type":"PropertyValueSpecification","valueRequired":true,"valueName":"search_term_string"}}],"inLanguage":"pt-BR"},{"@type":"Organization","@id":"https:\/\/iomodontologia.com.br\/#organization","name":"IOM - Instituto Odontol\u00f3gico Mogiano","url":"https:\/\/iomodontologia.com.br\/","logo":{"@type":"ImageObject","inLanguage":"pt-BR","@id":"https:\/\/iomodontologia.com.br\/#\/schema\/logo\/image\/","url":"https:\/\/iomodontologia.com.br\/wp-content\/uploads\/2019\/11\/IOM-Logo-slogan.png","contentUrl":"https:\/\/iomodontologia.com.br\/wp-content\/uploads\/2019\/11\/IOM-Logo-slogan.png","width":2000,"height":858,"caption":"IOM - Instituto Odontol\u00f3gico Mogiano"},"image":{"@id":"https:\/\/iomodontologia.com.br\/#\/schema\/logo\/image\/"},"sameAs":["https:\/\/www.facebook.com\/iomodontologia","https:\/\/www.instagram.com\/iom.odonto"]},{"@type":"Person","@id":"https:\/\/iomodontologia.com.br\/#\/schema\/person\/2d8ae883d777958331a9492184992de0","name":"IOM","image":{"@type":"ImageObject","inLanguage":"pt-BR","@id":"https:\/\/iomodontologia.com.br\/#\/schema\/person\/image\/","url":"https:\/\/secure.gravatar.com\/avatar\/003dc2a3c14e0b6b5d63ec9413622bf8?s=96&d=mm&r=g","contentUrl":"https:\/\/secure.gravatar.com\/avatar\/003dc2a3c14e0b6b5d63ec9413622bf8?s=96&d=mm&r=g","caption":"IOM"},"sameAs":["http:\/\/taprontosite.com.br\/iom"],"url":"https:\/\/iomodontologia.com.br\/index.php\/author\/iom\/"}]}},"_links":{"self":[{"href":"https:\/\/iomodontologia.com.br\/index.php\/wp-json\/wp\/v2\/posts\/14450","targetHints":{"allow":["GET"]}}],"collection":[{"href":"https:\/\/iomodontologia.com.br\/index.php\/wp-json\/wp\/v2\/posts"}],"about":[{"href":"https:\/\/iomodontologia.com.br\/index.php\/wp-json\/wp\/v2\/types\/post"}],"author":[{"embeddable":true,"href":"https:\/\/iomodontologia.com.br\/index.php\/wp-json\/wp\/v2\/users\/1"}],"replies":[{"embeddable":true,"href":"https:\/\/iomodontologia.com.br\/index.php\/wp-json\/wp\/v2\/comments?post=14450"}],"version-history":[{"count":5,"href":"https:\/\/iomodontologia.com.br\/index.php\/wp-json\/wp\/v2\/posts\/14450\/revisions"}],"predecessor-version":[{"id":14465,"href":"https:\/\/iomodontologia.com.br\/index.php\/wp-json\/wp\/v2\/posts\/14450\/revisions\/14465"}],"wp:featuredmedia":[{"embeddable":true,"href":"https:\/\/iomodontologia.com.br\/index.php\/wp-json\/wp\/v2\/media\/14452"}],"wp:attachment":[{"href":"https:\/\/iomodontologia.com.br\/index.php\/wp-json\/wp\/v2\/media?parent=14450"}],"wp:term":[{"taxonomy":"category","embeddable":true,"href":"https:\/\/iomodontologia.com.br\/index.php\/wp-json\/wp\/v2\/categories?post=14450"},{"taxonomy":"post_tag","embeddable":true,"href":"https:\/\/iomodontologia.com.br\/index.php\/wp-json\/wp\/v2\/tags?post=14450"}],"curies":[{"name":"wp","href":"https:\/\/api.w.org\/{rel}","templated":true}]}}