{"id":14398,"date":"2021-06-21T12:10:47","date_gmt":"2021-06-21T15:10:47","guid":{"rendered":"https:\/\/iomodontologia.com.br\/?p=14398"},"modified":"2021-06-21T12:10:47","modified_gmt":"2021-06-21T15:10:47","slug":"a-vitamina-d-e-a-odontologia","status":"publish","type":"post","link":"https:\/\/iomodontologia.com.br\/index.php\/2021\/06\/21\/a-vitamina-d-e-a-odontologia\/","title":{"rendered":"A vitamina D e a Odontologia"},"content":{"rendered":"<div id=\"cmsmasters_row_t8s0dnwafw\" class=\"cmsmasters_row cmsmasters_color_scheme_default cmsmasters_row_top_default cmsmasters_row_bot_default cmsmasters_row_boxed\">\n<div class=\"cmsmasters_row_outer_parent\">\n<div class=\"cmsmasters_row_outer\">\n<div class=\"cmsmasters_row_inner\">\n<div class=\"cmsmasters_row_margin\">\n<div id=\"cmsmasters_column_x11m7buzxv\" class=\"cmsmasters_column one_first\">\n<div class=\"cmsmasters_column_inner\"><div class=\"cmsmasters_text\">\n<iframe title=\"Vitamina D e a Odontologia\" width=\"1160\" height=\"653\" src=\"https:\/\/www.youtube.com\/embed\/nEQ_ITfOaqc?feature=oembed\" frameborder=\"0\" allow=\"accelerometer; autoplay; clipboard-write; encrypted-media; gyroscope; picture-in-picture\" allowfullscreen><\/iframe>\n<p>A vitamina D e a Odontologia<\/p>\n<p>A vitamina D, hoje classificada por muitos como um horm\u00f4nio, \u00e9 formada na pele por meio da exposi\u00e7\u00e3o solar. Os baixos n\u00edveis de vitamina D constituem um problema atual da popula\u00e7\u00e3o mundial. Essa vitamina precisa da luz do sol para ser metabolizada pelo organismo e os h\u00e1bitos de vida da popula\u00e7\u00e3o tem feito com que cada vez menos haja exposi\u00e7\u00e3o ao sol. <!--more-->Quantas pessoas n\u00e3o saem de casa em seu carro, chega na garagem do pr\u00e9dio onde trabalha, passa o dia todo no escrit\u00f3rio e s\u00f3 volta a noite pra casa, sem ao menos te visto a cara do sol?. Assim, \u00e9 muito frequente observar n\u00edveis baixos da vitamina D, por essa raz\u00e3o sua suplementa\u00e7\u00e3o se torna necess\u00e1ria.<\/p>\n<p>A<strong>\u00a0vitamina D<\/strong>\u00a0estimula a absor\u00e7\u00e3o de c\u00e1lcio no intestino, atuando sobre a manuten\u00e7\u00e3o do equil\u00edbrio do c\u00e1lcio e, indiretamente,\u00a0<strong>regulando a mineraliza\u00e7\u00e3o \u00f3ssea<\/strong>. Al\u00e9m disso, tem sido mostrado que vitamina D atua tamb\u00e9m como\u00a0<strong>reguladora da imunidade (defesa do organismo)<\/strong>. Desta forma, a defici\u00eancia e\/ou insufici\u00eancia de vitamina D estaria relacionada a maior suscetibilidade a infec\u00e7\u00f5es, como a\u00a0<strong>periodontite e a c\u00e1rie<\/strong>. Isso <strong>n\u00e3o<\/strong> significa que sua defici\u00eancia ou insufici\u00eancia seja causa da perda \u00f3ssea decorrente da periodontite ou do aparecimento de cavidades de c\u00e1rie. Esses desn\u00edveis podem piorar o quadro inflamat\u00f3rio e ou infeccioso, aumentando o problema. A causa da doen\u00e7a periodontal e da c\u00e1rie\u00a0 continua sendo a placa bacteriana, associada ao tempo e a m\u00e1 higieniza\u00e7\u00e3o, al\u00e9m da hereditariedade.<\/p>\n<p>Como a vitamina D est\u00e1 relacionada com o equil\u00edbrio do c\u00e1lcio nos ossos, a cicatriza\u00e7\u00e3o dos\u00a0<strong>implantes dentais<\/strong>\u00a0pode ser influenciada pelos baixos n\u00edveis dessa vitamina. Vale dizer que essa condi\u00e7\u00e3o n\u00e3o \u00e9 contraindica\u00e7\u00e3o para a coloca\u00e7\u00e3o de implantes, mas a suplementa\u00e7\u00e3o da vitamina pode melhorar o processo de cicatriza\u00e7\u00e3o, levando a maior integra\u00e7\u00e3o entre implante e osso, ou seja o implante pode ficar mais aderido ao osso.<\/p>\n<p>Bom pessoal, deu pra ver que a vitamina D \u00e9 de suma import\u00e2ncia n\u00e3o s\u00f3 na cavidade oral, mas para todo o organismo, principalmente em \u00e9poca \u00a0de Covid, quando o sistema imunol\u00f3gico deve estar em alta.<\/p>\n<p>Ok pessoal, essa foi a dica de hoje, um abra\u00e7o a todos e at\u00e9 a pr\u00f3xima.<\/p>\n<\/div>\n<\/div><\/div>\n<\/div>\n<\/div>\n<\/div>\n<\/div>\n<\/div>\n\n","protected":false},"excerpt":{"rendered":"<p>A vitamina D e a Odontologia A vitamina D, hoje classificada por muitos como um horm\u00f4nio, \u00e9 formada na pele por meio da exposi\u00e7\u00e3o solar. Os baixos n\u00edveis de vitamina D constituem um problema atual da popula\u00e7\u00e3o mundial. Essa vitamina precisa da luz do sol para ser metabolizada pelo organismo e os h\u00e1bitos de vida&#8230;<\/p>\n","protected":false},"author":1,"featured_media":14401,"comment_status":"open","ping_status":"open","sticky":false,"template":"","format":"standard","meta":{"_joinchat":[],"footnotes":""},"categories":[61],"tags":[],"class_list":["post-14398","post","type-post","status-publish","format-standard","has-post-thumbnail","hentry","category-artigos"],"yoast_head":"<!-- This site is optimized with the Yoast SEO plugin v26.8 - https:\/\/yoast.com\/product\/yoast-seo-wordpress\/ -->\n<title>A vitamina D e a Odontologia - IOM - INSTITUTO ODONTOL\u00d3GICO<\/title>\n<meta name=\"robots\" content=\"index, follow, max-snippet:-1, max-image-preview:large, max-video-preview:-1\" \/>\n<link rel=\"canonical\" href=\"https:\/\/iomodontologia.com.br\/index.php\/2021\/06\/21\/a-vitamina-d-e-a-odontologia\/\" \/>\n<meta property=\"og:locale\" content=\"pt_BR\" \/>\n<meta property=\"og:type\" content=\"article\" \/>\n<meta property=\"og:title\" content=\"A vitamina D e a Odontologia - IOM - INSTITUTO ODONTOL\u00d3GICO\" \/>\n<meta property=\"og:description\" content=\"A vitamina D e a Odontologia A vitamina D, hoje classificada por muitos como um horm\u00f4nio, \u00e9 formada na pele por meio da exposi\u00e7\u00e3o solar. Os baixos n\u00edveis de vitamina D constituem um problema atual da popula\u00e7\u00e3o mundial. Essa vitamina precisa da luz do sol para ser metabolizada pelo organismo e os h\u00e1bitos de vida...\" \/>\n<meta property=\"og:url\" content=\"https:\/\/iomodontologia.com.br\/index.php\/2021\/06\/21\/a-vitamina-d-e-a-odontologia\/\" \/>\n<meta property=\"og:site_name\" content=\"IOM - INSTITUTO ODONTOL\u00d3GICO\" \/>\n<meta property=\"article:publisher\" content=\"https:\/\/www.facebook.com\/iomodontologia\" \/>\n<meta property=\"article:published_time\" content=\"2021-06-21T15:10:47+00:00\" \/>\n<meta property=\"og:image\" content=\"https:\/\/iomodontologia.com.br\/wp-content\/uploads\/2021\/06\/vitamina-d-e-a-odontologia.jpg\" \/>\n\t<meta property=\"og:image:width\" content=\"1096\" \/>\n\t<meta property=\"og:image:height\" content=\"594\" \/>\n\t<meta property=\"og:image:type\" content=\"image\/jpeg\" \/>\n<meta name=\"author\" content=\"IOM\" \/>\n<meta name=\"twitter:card\" content=\"summary_large_image\" \/>\n<meta name=\"twitter:label1\" content=\"Escrito por\" \/>\n\t<meta name=\"twitter:data1\" content=\"IOM\" \/>\n\t<meta name=\"twitter:label2\" content=\"Est. tempo de leitura\" \/>\n\t<meta name=\"twitter:data2\" content=\"2 minutos\" \/>\n<script type=\"application\/ld+json\" class=\"yoast-schema-graph\">{\"@context\":\"https:\/\/schema.org\",\"@graph\":[{\"@type\":\"Article\",\"@id\":\"https:\/\/iomodontologia.com.br\/index.php\/2021\/06\/21\/a-vitamina-d-e-a-odontologia\/#article\",\"isPartOf\":{\"@id\":\"https:\/\/iomodontologia.com.br\/index.php\/2021\/06\/21\/a-vitamina-d-e-a-odontologia\/\"},\"author\":{\"name\":\"IOM\",\"@id\":\"https:\/\/iomodontologia.com.br\/#\/schema\/person\/2d8ae883d777958331a9492184992de0\"},\"headline\":\"A vitamina D e a Odontologia\",\"datePublished\":\"2021-06-21T15:10:47+00:00\",\"mainEntityOfPage\":{\"@id\":\"https:\/\/iomodontologia.com.br\/index.php\/2021\/06\/21\/a-vitamina-d-e-a-odontologia\/\"},\"wordCount\":577,\"commentCount\":0,\"publisher\":{\"@id\":\"https:\/\/iomodontologia.com.br\/#organization\"},\"image\":{\"@id\":\"https:\/\/iomodontologia.com.br\/index.php\/2021\/06\/21\/a-vitamina-d-e-a-odontologia\/#primaryimage\"},\"thumbnailUrl\":\"https:\/\/iomodontologia.com.br\/wp-content\/uploads\/2021\/06\/vitamina-d-e-a-odontologia.jpg\",\"articleSection\":[\"Artigos\"],\"inLanguage\":\"pt-BR\",\"potentialAction\":[{\"@type\":\"CommentAction\",\"name\":\"Comment\",\"target\":[\"https:\/\/iomodontologia.com.br\/index.php\/2021\/06\/21\/a-vitamina-d-e-a-odontologia\/#respond\"]}]},{\"@type\":\"WebPage\",\"@id\":\"https:\/\/iomodontologia.com.br\/index.php\/2021\/06\/21\/a-vitamina-d-e-a-odontologia\/\",\"url\":\"https:\/\/iomodontologia.com.br\/index.php\/2021\/06\/21\/a-vitamina-d-e-a-odontologia\/\",\"name\":\"A vitamina D e a Odontologia - IOM - INSTITUTO ODONTOL\u00d3GICO\",\"isPartOf\":{\"@id\":\"https:\/\/iomodontologia.com.br\/#website\"},\"primaryImageOfPage\":{\"@id\":\"https:\/\/iomodontologia.com.br\/index.php\/2021\/06\/21\/a-vitamina-d-e-a-odontologia\/#primaryimage\"},\"image\":{\"@id\":\"https:\/\/iomodontologia.com.br\/index.php\/2021\/06\/21\/a-vitamina-d-e-a-odontologia\/#primaryimage\"},\"thumbnailUrl\":\"https:\/\/iomodontologia.com.br\/wp-content\/uploads\/2021\/06\/vitamina-d-e-a-odontologia.jpg\",\"datePublished\":\"2021-06-21T15:10:47+00:00\",\"breadcrumb\":{\"@id\":\"https:\/\/iomodontologia.com.br\/index.php\/2021\/06\/21\/a-vitamina-d-e-a-odontologia\/#breadcrumb\"},\"inLanguage\":\"pt-BR\",\"potentialAction\":[{\"@type\":\"ReadAction\",\"target\":[\"https:\/\/iomodontologia.com.br\/index.php\/2021\/06\/21\/a-vitamina-d-e-a-odontologia\/\"]}]},{\"@type\":\"ImageObject\",\"inLanguage\":\"pt-BR\",\"@id\":\"https:\/\/iomodontologia.com.br\/index.php\/2021\/06\/21\/a-vitamina-d-e-a-odontologia\/#primaryimage\",\"url\":\"https:\/\/iomodontologia.com.br\/wp-content\/uploads\/2021\/06\/vitamina-d-e-a-odontologia.jpg\",\"contentUrl\":\"https:\/\/iomodontologia.com.br\/wp-content\/uploads\/2021\/06\/vitamina-d-e-a-odontologia.jpg\",\"width\":1096,\"height\":594},{\"@type\":\"BreadcrumbList\",\"@id\":\"https:\/\/iomodontologia.com.br\/index.php\/2021\/06\/21\/a-vitamina-d-e-a-odontologia\/#breadcrumb\",\"itemListElement\":[{\"@type\":\"ListItem\",\"position\":1,\"name\":\"Home\",\"item\":\"https:\/\/iomodontologia.com.br\/\"},{\"@type\":\"ListItem\",\"position\":2,\"name\":\"A vitamina D e a Odontologia\"}]},{\"@type\":\"WebSite\",\"@id\":\"https:\/\/iomodontologia.com.br\/#website\",\"url\":\"https:\/\/iomodontologia.com.br\/\",\"name\":\"IOM - INSTITUTO ODONTOL\u00d3GICO\",\"description\":\"CL\u00cdNICA ODONTOL\u00d3GICA\",\"publisher\":{\"@id\":\"https:\/\/iomodontologia.com.br\/#organization\"},\"potentialAction\":[{\"@type\":\"SearchAction\",\"target\":{\"@type\":\"EntryPoint\",\"urlTemplate\":\"https:\/\/iomodontologia.com.br\/?s={search_term_string}\"},\"query-input\":{\"@type\":\"PropertyValueSpecification\",\"valueRequired\":true,\"valueName\":\"search_term_string\"}}],\"inLanguage\":\"pt-BR\"},{\"@type\":\"Organization\",\"@id\":\"https:\/\/iomodontologia.com.br\/#organization\",\"name\":\"IOM - Instituto Odontol\u00f3gico Mogiano\",\"url\":\"https:\/\/iomodontologia.com.br\/\",\"logo\":{\"@type\":\"ImageObject\",\"inLanguage\":\"pt-BR\",\"@id\":\"https:\/\/iomodontologia.com.br\/#\/schema\/logo\/image\/\",\"url\":\"https:\/\/iomodontologia.com.br\/wp-content\/uploads\/2019\/11\/IOM-Logo-slogan.png\",\"contentUrl\":\"https:\/\/iomodontologia.com.br\/wp-content\/uploads\/2019\/11\/IOM-Logo-slogan.png\",\"width\":2000,\"height\":858,\"caption\":\"IOM - Instituto Odontol\u00f3gico Mogiano\"},\"image\":{\"@id\":\"https:\/\/iomodontologia.com.br\/#\/schema\/logo\/image\/\"},\"sameAs\":[\"https:\/\/www.facebook.com\/iomodontologia\",\"https:\/\/www.instagram.com\/iom.odonto\"]},{\"@type\":\"Person\",\"@id\":\"https:\/\/iomodontologia.com.br\/#\/schema\/person\/2d8ae883d777958331a9492184992de0\",\"name\":\"IOM\",\"image\":{\"@type\":\"ImageObject\",\"inLanguage\":\"pt-BR\",\"@id\":\"https:\/\/iomodontologia.com.br\/#\/schema\/person\/image\/\",\"url\":\"https:\/\/secure.gravatar.com\/avatar\/003dc2a3c14e0b6b5d63ec9413622bf8?s=96&d=mm&r=g\",\"contentUrl\":\"https:\/\/secure.gravatar.com\/avatar\/003dc2a3c14e0b6b5d63ec9413622bf8?s=96&d=mm&r=g\",\"caption\":\"IOM\"},\"sameAs\":[\"http:\/\/taprontosite.com.br\/iom\"],\"url\":\"https:\/\/iomodontologia.com.br\/index.php\/author\/iom\/\"}]}<\/script>\n<!-- \/ Yoast SEO plugin. -->","yoast_head_json":{"title":"A vitamina D e a Odontologia - IOM - INSTITUTO ODONTOL\u00d3GICO","robots":{"index":"index","follow":"follow","max-snippet":"max-snippet:-1","max-image-preview":"max-image-preview:large","max-video-preview":"max-video-preview:-1"},"canonical":"https:\/\/iomodontologia.com.br\/index.php\/2021\/06\/21\/a-vitamina-d-e-a-odontologia\/","og_locale":"pt_BR","og_type":"article","og_title":"A vitamina D e a Odontologia - IOM - INSTITUTO ODONTOL\u00d3GICO","og_description":"A vitamina D e a Odontologia A vitamina D, hoje classificada por muitos como um horm\u00f4nio, \u00e9 formada na pele por meio da exposi\u00e7\u00e3o solar. Os baixos n\u00edveis de vitamina D constituem um problema atual da popula\u00e7\u00e3o mundial. Essa vitamina precisa da luz do sol para ser metabolizada pelo organismo e os h\u00e1bitos de vida...","og_url":"https:\/\/iomodontologia.com.br\/index.php\/2021\/06\/21\/a-vitamina-d-e-a-odontologia\/","og_site_name":"IOM - INSTITUTO ODONTOL\u00d3GICO","article_publisher":"https:\/\/www.facebook.com\/iomodontologia","article_published_time":"2021-06-21T15:10:47+00:00","og_image":[{"width":1096,"height":594,"url":"https:\/\/iomodontologia.com.br\/wp-content\/uploads\/2021\/06\/vitamina-d-e-a-odontologia.jpg","type":"image\/jpeg"}],"author":"IOM","twitter_card":"summary_large_image","twitter_misc":{"Escrito por":"IOM","Est. tempo de leitura":"2 minutos"},"schema":{"@context":"https:\/\/schema.org","@graph":[{"@type":"Article","@id":"https:\/\/iomodontologia.com.br\/index.php\/2021\/06\/21\/a-vitamina-d-e-a-odontologia\/#article","isPartOf":{"@id":"https:\/\/iomodontologia.com.br\/index.php\/2021\/06\/21\/a-vitamina-d-e-a-odontologia\/"},"author":{"name":"IOM","@id":"https:\/\/iomodontologia.com.br\/#\/schema\/person\/2d8ae883d777958331a9492184992de0"},"headline":"A vitamina D e a Odontologia","datePublished":"2021-06-21T15:10:47+00:00","mainEntityOfPage":{"@id":"https:\/\/iomodontologia.com.br\/index.php\/2021\/06\/21\/a-vitamina-d-e-a-odontologia\/"},"wordCount":577,"commentCount":0,"publisher":{"@id":"https:\/\/iomodontologia.com.br\/#organization"},"image":{"@id":"https:\/\/iomodontologia.com.br\/index.php\/2021\/06\/21\/a-vitamina-d-e-a-odontologia\/#primaryimage"},"thumbnailUrl":"https:\/\/iomodontologia.com.br\/wp-content\/uploads\/2021\/06\/vitamina-d-e-a-odontologia.jpg","articleSection":["Artigos"],"inLanguage":"pt-BR","potentialAction":[{"@type":"CommentAction","name":"Comment","target":["https:\/\/iomodontologia.com.br\/index.php\/2021\/06\/21\/a-vitamina-d-e-a-odontologia\/#respond"]}]},{"@type":"WebPage","@id":"https:\/\/iomodontologia.com.br\/index.php\/2021\/06\/21\/a-vitamina-d-e-a-odontologia\/","url":"https:\/\/iomodontologia.com.br\/index.php\/2021\/06\/21\/a-vitamina-d-e-a-odontologia\/","name":"A vitamina D e a Odontologia - IOM - INSTITUTO ODONTOL\u00d3GICO","isPartOf":{"@id":"https:\/\/iomodontologia.com.br\/#website"},"primaryImageOfPage":{"@id":"https:\/\/iomodontologia.com.br\/index.php\/2021\/06\/21\/a-vitamina-d-e-a-odontologia\/#primaryimage"},"image":{"@id":"https:\/\/iomodontologia.com.br\/index.php\/2021\/06\/21\/a-vitamina-d-e-a-odontologia\/#primaryimage"},"thumbnailUrl":"https:\/\/iomodontologia.com.br\/wp-content\/uploads\/2021\/06\/vitamina-d-e-a-odontologia.jpg","datePublished":"2021-06-21T15:10:47+00:00","breadcrumb":{"@id":"https:\/\/iomodontologia.com.br\/index.php\/2021\/06\/21\/a-vitamina-d-e-a-odontologia\/#breadcrumb"},"inLanguage":"pt-BR","potentialAction":[{"@type":"ReadAction","target":["https:\/\/iomodontologia.com.br\/index.php\/2021\/06\/21\/a-vitamina-d-e-a-odontologia\/"]}]},{"@type":"ImageObject","inLanguage":"pt-BR","@id":"https:\/\/iomodontologia.com.br\/index.php\/2021\/06\/21\/a-vitamina-d-e-a-odontologia\/#primaryimage","url":"https:\/\/iomodontologia.com.br\/wp-content\/uploads\/2021\/06\/vitamina-d-e-a-odontologia.jpg","contentUrl":"https:\/\/iomodontologia.com.br\/wp-content\/uploads\/2021\/06\/vitamina-d-e-a-odontologia.jpg","width":1096,"height":594},{"@type":"BreadcrumbList","@id":"https:\/\/iomodontologia.com.br\/index.php\/2021\/06\/21\/a-vitamina-d-e-a-odontologia\/#breadcrumb","itemListElement":[{"@type":"ListItem","position":1,"name":"Home","item":"https:\/\/iomodontologia.com.br\/"},{"@type":"ListItem","position":2,"name":"A vitamina D e a Odontologia"}]},{"@type":"WebSite","@id":"https:\/\/iomodontologia.com.br\/#website","url":"https:\/\/iomodontologia.com.br\/","name":"IOM - INSTITUTO ODONTOL\u00d3GICO","description":"CL\u00cdNICA ODONTOL\u00d3GICA","publisher":{"@id":"https:\/\/iomodontologia.com.br\/#organization"},"potentialAction":[{"@type":"SearchAction","target":{"@type":"EntryPoint","urlTemplate":"https:\/\/iomodontologia.com.br\/?s={search_term_string}"},"query-input":{"@type":"PropertyValueSpecification","valueRequired":true,"valueName":"search_term_string"}}],"inLanguage":"pt-BR"},{"@type":"Organization","@id":"https:\/\/iomodontologia.com.br\/#organization","name":"IOM - Instituto Odontol\u00f3gico Mogiano","url":"https:\/\/iomodontologia.com.br\/","logo":{"@type":"ImageObject","inLanguage":"pt-BR","@id":"https:\/\/iomodontologia.com.br\/#\/schema\/logo\/image\/","url":"https:\/\/iomodontologia.com.br\/wp-content\/uploads\/2019\/11\/IOM-Logo-slogan.png","contentUrl":"https:\/\/iomodontologia.com.br\/wp-content\/uploads\/2019\/11\/IOM-Logo-slogan.png","width":2000,"height":858,"caption":"IOM - Instituto Odontol\u00f3gico Mogiano"},"image":{"@id":"https:\/\/iomodontologia.com.br\/#\/schema\/logo\/image\/"},"sameAs":["https:\/\/www.facebook.com\/iomodontologia","https:\/\/www.instagram.com\/iom.odonto"]},{"@type":"Person","@id":"https:\/\/iomodontologia.com.br\/#\/schema\/person\/2d8ae883d777958331a9492184992de0","name":"IOM","image":{"@type":"ImageObject","inLanguage":"pt-BR","@id":"https:\/\/iomodontologia.com.br\/#\/schema\/person\/image\/","url":"https:\/\/secure.gravatar.com\/avatar\/003dc2a3c14e0b6b5d63ec9413622bf8?s=96&d=mm&r=g","contentUrl":"https:\/\/secure.gravatar.com\/avatar\/003dc2a3c14e0b6b5d63ec9413622bf8?s=96&d=mm&r=g","caption":"IOM"},"sameAs":["http:\/\/taprontosite.com.br\/iom"],"url":"https:\/\/iomodontologia.com.br\/index.php\/author\/iom\/"}]}},"_links":{"self":[{"href":"https:\/\/iomodontologia.com.br\/index.php\/wp-json\/wp\/v2\/posts\/14398","targetHints":{"allow":["GET"]}}],"collection":[{"href":"https:\/\/iomodontologia.com.br\/index.php\/wp-json\/wp\/v2\/posts"}],"about":[{"href":"https:\/\/iomodontologia.com.br\/index.php\/wp-json\/wp\/v2\/types\/post"}],"author":[{"embeddable":true,"href":"https:\/\/iomodontologia.com.br\/index.php\/wp-json\/wp\/v2\/users\/1"}],"replies":[{"embeddable":true,"href":"https:\/\/iomodontologia.com.br\/index.php\/wp-json\/wp\/v2\/comments?post=14398"}],"version-history":[{"count":2,"href":"https:\/\/iomodontologia.com.br\/index.php\/wp-json\/wp\/v2\/posts\/14398\/revisions"}],"predecessor-version":[{"id":14402,"href":"https:\/\/iomodontologia.com.br\/index.php\/wp-json\/wp\/v2\/posts\/14398\/revisions\/14402"}],"wp:featuredmedia":[{"embeddable":true,"href":"https:\/\/iomodontologia.com.br\/index.php\/wp-json\/wp\/v2\/media\/14401"}],"wp:attachment":[{"href":"https:\/\/iomodontologia.com.br\/index.php\/wp-json\/wp\/v2\/media?parent=14398"}],"wp:term":[{"taxonomy":"category","embeddable":true,"href":"https:\/\/iomodontologia.com.br\/index.php\/wp-json\/wp\/v2\/categories?post=14398"},{"taxonomy":"post_tag","embeddable":true,"href":"https:\/\/iomodontologia.com.br\/index.php\/wp-json\/wp\/v2\/tags?post=14398"}],"curies":[{"name":"wp","href":"https:\/\/api.w.org\/{rel}","templated":true}]}}