{"id":14289,"date":"2021-05-18T01:46:40","date_gmt":"2021-05-18T04:46:40","guid":{"rendered":"https:\/\/iomodontologia.com.br\/?p=14289"},"modified":"2021-05-18T04:12:07","modified_gmt":"2021-05-18T07:12:07","slug":"amamentacao","status":"publish","type":"post","link":"https:\/\/iomodontologia.com.br\/index.php\/2021\/05\/18\/amamentacao\/","title":{"rendered":"Amamenta\u00e7\u00e3o"},"content":{"rendered":"<div id=\"cmsmasters_row_5lrnevjnyq\" class=\"cmsmasters_row cmsmasters_color_scheme_default cmsmasters_row_top_default cmsmasters_row_bot_default cmsmasters_row_boxed\">\n<div class=\"cmsmasters_row_outer_parent\">\n<div class=\"cmsmasters_row_outer\">\n<div class=\"cmsmasters_row_inner\">\n<div class=\"cmsmasters_row_margin\">\n<div id=\"cmsmasters_column_lh3ta0yvv\" class=\"cmsmasters_column one_first\">\n<div class=\"cmsmasters_column_inner\">\n<div class=\"cmsmasters_embed_wrap\">\n<iframe title=\"Amamenta\u00e7\u00e3o\" width=\"1160\" height=\"653\" src=\"https:\/\/www.youtube.com\/embed\/-UDh75p6UCc?feature=oembed\" frameborder=\"0\" allow=\"accelerometer; autoplay; clipboard-write; encrypted-media; gyroscope; picture-in-picture\" allowfullscreen><\/iframe><\/div>\n<div class=\"cmsmasters_text\">\n<p>Voc\u00ea pode estar se perguntando qual a rela\u00e7\u00e3o entre a amamenta\u00e7\u00e3o e os dentes ou a boca do beb\u00ea, pois \u00e9! Existe uma grande rela\u00e7\u00e3o.<\/p>\n<p>Uma coisa que \u00e9 muito pouco falada, por\u00e9m, de suma import\u00e2ncia, \u00e9 que a amamenta\u00e7\u00e3o n\u00e3o faz bem apenas para a sa\u00fade geral do beb\u00ea, ela tamb\u00e9m influencia no desenvolvimento da musculatura e ossos da face. Isso contribui para a forma\u00e7\u00e3o de uma denti\u00e7\u00e3o saud\u00e1vel e bem alinhada.<\/p>\n<p><!--more--><\/p>\n<p>Os beb\u00eas que mamam no peito fazem exerc\u00edcios importantes que movimentam os m\u00fasculos faciais. Isso ir\u00e1 tamb\u00e9m estimular o desenvolvimento dos ossos.<\/p>\n<p>Quando nasce, o beb\u00ea tem a mand\u00edbula pequena em rela\u00e7\u00e3o \u00e0 maxila. A medida que os beb\u00eas fazem o movimento de suc\u00e7\u00e3o para mamar, o desenvolvimento desses ossos v\u00e3o sendo estimulados at\u00e9 que se tenha um equil\u00edbrio. Na mamadeira esse est\u00edmulo \u00e9 bem menor, ela facilita muito o trabalho para o beb\u00ea, tornando esse equil\u00edbrio mais dif\u00edcil.<\/p>\n<p>Com a maxila e mand\u00edbula bem desenvolvidas, as chances de se ter dentes apinhados por falta de espa\u00e7o \u00e9 muito menor.<\/p>\n<p>M\u00fasculos bem desenvolvidos ajudam a crian\u00e7a a desenvolver com maior facilidade a fala e a respira\u00e7\u00e3o. Isso tamb\u00e9m contribui para dentes e gengivas mais saud\u00e1veis.<\/p>\n<p>Bom pessoal, essas s\u00e3o mais algumas de tantas raz\u00f5es para que nossos beb\u00eas sejam amamentados no peito.<\/p>\n<p>OK? Essa \u00e9 a dica de hoje, um abra\u00e7o a todos e at\u00e9 a pr\u00f3xima.<\/p>\n<\/div>\n<\/div><\/div>\n<div id=\"cmsmasters_column_dob7cm496d\" class=\"cmsmasters_column one_first\">\n<div class=\"cmsmasters_column_inner\"><\/div><\/div>\n<\/div>\n<\/div>\n<\/div>\n<\/div>\n<\/div>\n\n","protected":false},"excerpt":{"rendered":"<p>Voc\u00ea pode estar se perguntando qual a rela\u00e7\u00e3o entre a amamenta\u00e7\u00e3o e os dentes ou a boca do beb\u00ea, pois \u00e9! Existe uma grande rela\u00e7\u00e3o. Uma coisa que \u00e9 muito pouco falada, por\u00e9m, de suma import\u00e2ncia, \u00e9 que a amamenta\u00e7\u00e3o n\u00e3o faz bem apenas para a sa\u00fade geral do beb\u00ea, ela tamb\u00e9m influencia no desenvolvimento&#8230;<\/p>\n","protected":false},"author":1,"featured_media":14293,"comment_status":"open","ping_status":"open","sticky":false,"template":"","format":"standard","meta":{"_joinchat":[],"footnotes":""},"categories":[61],"tags":[79],"class_list":["post-14289","post","type-post","status-publish","format-standard","has-post-thumbnail","hentry","category-artigos","tag-amamentacao"],"yoast_head":"<!-- This site is optimized with the Yoast SEO plugin v26.8 - https:\/\/yoast.com\/product\/yoast-seo-wordpress\/ -->\n<title>Amamenta\u00e7\u00e3o - IOM - INSTITUTO ODONTOL\u00d3GICO<\/title>\n<meta name=\"robots\" content=\"index, follow, max-snippet:-1, max-image-preview:large, max-video-preview:-1\" \/>\n<link rel=\"canonical\" href=\"https:\/\/iomodontologia.com.br\/index.php\/2021\/05\/18\/amamentacao\/\" \/>\n<meta property=\"og:locale\" content=\"pt_BR\" \/>\n<meta property=\"og:type\" content=\"article\" \/>\n<meta property=\"og:title\" content=\"Amamenta\u00e7\u00e3o - IOM - INSTITUTO ODONTOL\u00d3GICO\" \/>\n<meta property=\"og:description\" content=\"Voc\u00ea pode estar se perguntando qual a rela\u00e7\u00e3o entre a amamenta\u00e7\u00e3o e os dentes ou a boca do beb\u00ea, pois \u00e9! Existe uma grande rela\u00e7\u00e3o. Uma coisa que \u00e9 muito pouco falada, por\u00e9m, de suma import\u00e2ncia, \u00e9 que a amamenta\u00e7\u00e3o n\u00e3o faz bem apenas para a sa\u00fade geral do beb\u00ea, ela tamb\u00e9m influencia no desenvolvimento...\" \/>\n<meta property=\"og:url\" content=\"https:\/\/iomodontologia.com.br\/index.php\/2021\/05\/18\/amamentacao\/\" \/>\n<meta property=\"og:site_name\" content=\"IOM - INSTITUTO ODONTOL\u00d3GICO\" \/>\n<meta property=\"article:publisher\" content=\"https:\/\/www.facebook.com\/iomodontologia\" \/>\n<meta property=\"article:published_time\" content=\"2021-05-18T04:46:40+00:00\" \/>\n<meta property=\"article:modified_time\" content=\"2021-05-18T07:12:07+00:00\" \/>\n<meta property=\"og:image\" content=\"https:\/\/iomodontologia.com.br\/wp-content\/uploads\/2021\/05\/amamentacao-iom-mogi-das-cruzes.jpg\" \/>\n\t<meta property=\"og:image:width\" content=\"1096\" \/>\n\t<meta property=\"og:image:height\" content=\"594\" \/>\n\t<meta property=\"og:image:type\" content=\"image\/jpeg\" \/>\n<meta name=\"author\" content=\"IOM\" \/>\n<meta name=\"twitter:card\" content=\"summary_large_image\" \/>\n<meta name=\"twitter:label1\" content=\"Escrito por\" \/>\n\t<meta name=\"twitter:data1\" content=\"IOM\" \/>\n\t<meta name=\"twitter:label2\" content=\"Est. tempo de leitura\" \/>\n\t<meta name=\"twitter:data2\" content=\"2 minutos\" \/>\n<script type=\"application\/ld+json\" class=\"yoast-schema-graph\">{\"@context\":\"https:\/\/schema.org\",\"@graph\":[{\"@type\":\"Article\",\"@id\":\"https:\/\/iomodontologia.com.br\/index.php\/2021\/05\/18\/amamentacao\/#article\",\"isPartOf\":{\"@id\":\"https:\/\/iomodontologia.com.br\/index.php\/2021\/05\/18\/amamentacao\/\"},\"author\":{\"name\":\"IOM\",\"@id\":\"https:\/\/iomodontologia.com.br\/#\/schema\/person\/2d8ae883d777958331a9492184992de0\"},\"headline\":\"Amamenta\u00e7\u00e3o\",\"datePublished\":\"2021-05-18T04:46:40+00:00\",\"dateModified\":\"2021-05-18T07:12:07+00:00\",\"mainEntityOfPage\":{\"@id\":\"https:\/\/iomodontologia.com.br\/index.php\/2021\/05\/18\/amamentacao\/\"},\"wordCount\":462,\"commentCount\":0,\"publisher\":{\"@id\":\"https:\/\/iomodontologia.com.br\/#organization\"},\"image\":{\"@id\":\"https:\/\/iomodontologia.com.br\/index.php\/2021\/05\/18\/amamentacao\/#primaryimage\"},\"thumbnailUrl\":\"https:\/\/iomodontologia.com.br\/wp-content\/uploads\/2021\/05\/amamentacao-iom-mogi-das-cruzes.jpg\",\"keywords\":[\"Amamenta\u00e7\u00e3o\"],\"articleSection\":[\"Artigos\"],\"inLanguage\":\"pt-BR\",\"potentialAction\":[{\"@type\":\"CommentAction\",\"name\":\"Comment\",\"target\":[\"https:\/\/iomodontologia.com.br\/index.php\/2021\/05\/18\/amamentacao\/#respond\"]}]},{\"@type\":\"WebPage\",\"@id\":\"https:\/\/iomodontologia.com.br\/index.php\/2021\/05\/18\/amamentacao\/\",\"url\":\"https:\/\/iomodontologia.com.br\/index.php\/2021\/05\/18\/amamentacao\/\",\"name\":\"Amamenta\u00e7\u00e3o - IOM - INSTITUTO ODONTOL\u00d3GICO\",\"isPartOf\":{\"@id\":\"https:\/\/iomodontologia.com.br\/#website\"},\"primaryImageOfPage\":{\"@id\":\"https:\/\/iomodontologia.com.br\/index.php\/2021\/05\/18\/amamentacao\/#primaryimage\"},\"image\":{\"@id\":\"https:\/\/iomodontologia.com.br\/index.php\/2021\/05\/18\/amamentacao\/#primaryimage\"},\"thumbnailUrl\":\"https:\/\/iomodontologia.com.br\/wp-content\/uploads\/2021\/05\/amamentacao-iom-mogi-das-cruzes.jpg\",\"datePublished\":\"2021-05-18T04:46:40+00:00\",\"dateModified\":\"2021-05-18T07:12:07+00:00\",\"breadcrumb\":{\"@id\":\"https:\/\/iomodontologia.com.br\/index.php\/2021\/05\/18\/amamentacao\/#breadcrumb\"},\"inLanguage\":\"pt-BR\",\"potentialAction\":[{\"@type\":\"ReadAction\",\"target\":[\"https:\/\/iomodontologia.com.br\/index.php\/2021\/05\/18\/amamentacao\/\"]}]},{\"@type\":\"ImageObject\",\"inLanguage\":\"pt-BR\",\"@id\":\"https:\/\/iomodontologia.com.br\/index.php\/2021\/05\/18\/amamentacao\/#primaryimage\",\"url\":\"https:\/\/iomodontologia.com.br\/wp-content\/uploads\/2021\/05\/amamentacao-iom-mogi-das-cruzes.jpg\",\"contentUrl\":\"https:\/\/iomodontologia.com.br\/wp-content\/uploads\/2021\/05\/amamentacao-iom-mogi-das-cruzes.jpg\",\"width\":1096,\"height\":594},{\"@type\":\"BreadcrumbList\",\"@id\":\"https:\/\/iomodontologia.com.br\/index.php\/2021\/05\/18\/amamentacao\/#breadcrumb\",\"itemListElement\":[{\"@type\":\"ListItem\",\"position\":1,\"name\":\"Home\",\"item\":\"https:\/\/iomodontologia.com.br\/\"},{\"@type\":\"ListItem\",\"position\":2,\"name\":\"Amamenta\u00e7\u00e3o\"}]},{\"@type\":\"WebSite\",\"@id\":\"https:\/\/iomodontologia.com.br\/#website\",\"url\":\"https:\/\/iomodontologia.com.br\/\",\"name\":\"IOM - INSTITUTO ODONTOL\u00d3GICO\",\"description\":\"CL\u00cdNICA ODONTOL\u00d3GICA\",\"publisher\":{\"@id\":\"https:\/\/iomodontologia.com.br\/#organization\"},\"potentialAction\":[{\"@type\":\"SearchAction\",\"target\":{\"@type\":\"EntryPoint\",\"urlTemplate\":\"https:\/\/iomodontologia.com.br\/?s={search_term_string}\"},\"query-input\":{\"@type\":\"PropertyValueSpecification\",\"valueRequired\":true,\"valueName\":\"search_term_string\"}}],\"inLanguage\":\"pt-BR\"},{\"@type\":\"Organization\",\"@id\":\"https:\/\/iomodontologia.com.br\/#organization\",\"name\":\"IOM - Instituto Odontol\u00f3gico Mogiano\",\"url\":\"https:\/\/iomodontologia.com.br\/\",\"logo\":{\"@type\":\"ImageObject\",\"inLanguage\":\"pt-BR\",\"@id\":\"https:\/\/iomodontologia.com.br\/#\/schema\/logo\/image\/\",\"url\":\"https:\/\/iomodontologia.com.br\/wp-content\/uploads\/2019\/11\/IOM-Logo-slogan.png\",\"contentUrl\":\"https:\/\/iomodontologia.com.br\/wp-content\/uploads\/2019\/11\/IOM-Logo-slogan.png\",\"width\":2000,\"height\":858,\"caption\":\"IOM - Instituto Odontol\u00f3gico Mogiano\"},\"image\":{\"@id\":\"https:\/\/iomodontologia.com.br\/#\/schema\/logo\/image\/\"},\"sameAs\":[\"https:\/\/www.facebook.com\/iomodontologia\",\"https:\/\/www.instagram.com\/iom.odonto\"]},{\"@type\":\"Person\",\"@id\":\"https:\/\/iomodontologia.com.br\/#\/schema\/person\/2d8ae883d777958331a9492184992de0\",\"name\":\"IOM\",\"image\":{\"@type\":\"ImageObject\",\"inLanguage\":\"pt-BR\",\"@id\":\"https:\/\/iomodontologia.com.br\/#\/schema\/person\/image\/\",\"url\":\"https:\/\/secure.gravatar.com\/avatar\/003dc2a3c14e0b6b5d63ec9413622bf8?s=96&d=mm&r=g\",\"contentUrl\":\"https:\/\/secure.gravatar.com\/avatar\/003dc2a3c14e0b6b5d63ec9413622bf8?s=96&d=mm&r=g\",\"caption\":\"IOM\"},\"sameAs\":[\"http:\/\/taprontosite.com.br\/iom\"],\"url\":\"https:\/\/iomodontologia.com.br\/index.php\/author\/iom\/\"}]}<\/script>\n<!-- \/ Yoast SEO plugin. -->","yoast_head_json":{"title":"Amamenta\u00e7\u00e3o - IOM - INSTITUTO ODONTOL\u00d3GICO","robots":{"index":"index","follow":"follow","max-snippet":"max-snippet:-1","max-image-preview":"max-image-preview:large","max-video-preview":"max-video-preview:-1"},"canonical":"https:\/\/iomodontologia.com.br\/index.php\/2021\/05\/18\/amamentacao\/","og_locale":"pt_BR","og_type":"article","og_title":"Amamenta\u00e7\u00e3o - IOM - INSTITUTO ODONTOL\u00d3GICO","og_description":"Voc\u00ea pode estar se perguntando qual a rela\u00e7\u00e3o entre a amamenta\u00e7\u00e3o e os dentes ou a boca do beb\u00ea, pois \u00e9! Existe uma grande rela\u00e7\u00e3o. Uma coisa que \u00e9 muito pouco falada, por\u00e9m, de suma import\u00e2ncia, \u00e9 que a amamenta\u00e7\u00e3o n\u00e3o faz bem apenas para a sa\u00fade geral do beb\u00ea, ela tamb\u00e9m influencia no desenvolvimento...","og_url":"https:\/\/iomodontologia.com.br\/index.php\/2021\/05\/18\/amamentacao\/","og_site_name":"IOM - INSTITUTO ODONTOL\u00d3GICO","article_publisher":"https:\/\/www.facebook.com\/iomodontologia","article_published_time":"2021-05-18T04:46:40+00:00","article_modified_time":"2021-05-18T07:12:07+00:00","og_image":[{"width":1096,"height":594,"url":"https:\/\/iomodontologia.com.br\/wp-content\/uploads\/2021\/05\/amamentacao-iom-mogi-das-cruzes.jpg","type":"image\/jpeg"}],"author":"IOM","twitter_card":"summary_large_image","twitter_misc":{"Escrito por":"IOM","Est. tempo de leitura":"2 minutos"},"schema":{"@context":"https:\/\/schema.org","@graph":[{"@type":"Article","@id":"https:\/\/iomodontologia.com.br\/index.php\/2021\/05\/18\/amamentacao\/#article","isPartOf":{"@id":"https:\/\/iomodontologia.com.br\/index.php\/2021\/05\/18\/amamentacao\/"},"author":{"name":"IOM","@id":"https:\/\/iomodontologia.com.br\/#\/schema\/person\/2d8ae883d777958331a9492184992de0"},"headline":"Amamenta\u00e7\u00e3o","datePublished":"2021-05-18T04:46:40+00:00","dateModified":"2021-05-18T07:12:07+00:00","mainEntityOfPage":{"@id":"https:\/\/iomodontologia.com.br\/index.php\/2021\/05\/18\/amamentacao\/"},"wordCount":462,"commentCount":0,"publisher":{"@id":"https:\/\/iomodontologia.com.br\/#organization"},"image":{"@id":"https:\/\/iomodontologia.com.br\/index.php\/2021\/05\/18\/amamentacao\/#primaryimage"},"thumbnailUrl":"https:\/\/iomodontologia.com.br\/wp-content\/uploads\/2021\/05\/amamentacao-iom-mogi-das-cruzes.jpg","keywords":["Amamenta\u00e7\u00e3o"],"articleSection":["Artigos"],"inLanguage":"pt-BR","potentialAction":[{"@type":"CommentAction","name":"Comment","target":["https:\/\/iomodontologia.com.br\/index.php\/2021\/05\/18\/amamentacao\/#respond"]}]},{"@type":"WebPage","@id":"https:\/\/iomodontologia.com.br\/index.php\/2021\/05\/18\/amamentacao\/","url":"https:\/\/iomodontologia.com.br\/index.php\/2021\/05\/18\/amamentacao\/","name":"Amamenta\u00e7\u00e3o - IOM - INSTITUTO ODONTOL\u00d3GICO","isPartOf":{"@id":"https:\/\/iomodontologia.com.br\/#website"},"primaryImageOfPage":{"@id":"https:\/\/iomodontologia.com.br\/index.php\/2021\/05\/18\/amamentacao\/#primaryimage"},"image":{"@id":"https:\/\/iomodontologia.com.br\/index.php\/2021\/05\/18\/amamentacao\/#primaryimage"},"thumbnailUrl":"https:\/\/iomodontologia.com.br\/wp-content\/uploads\/2021\/05\/amamentacao-iom-mogi-das-cruzes.jpg","datePublished":"2021-05-18T04:46:40+00:00","dateModified":"2021-05-18T07:12:07+00:00","breadcrumb":{"@id":"https:\/\/iomodontologia.com.br\/index.php\/2021\/05\/18\/amamentacao\/#breadcrumb"},"inLanguage":"pt-BR","potentialAction":[{"@type":"ReadAction","target":["https:\/\/iomodontologia.com.br\/index.php\/2021\/05\/18\/amamentacao\/"]}]},{"@type":"ImageObject","inLanguage":"pt-BR","@id":"https:\/\/iomodontologia.com.br\/index.php\/2021\/05\/18\/amamentacao\/#primaryimage","url":"https:\/\/iomodontologia.com.br\/wp-content\/uploads\/2021\/05\/amamentacao-iom-mogi-das-cruzes.jpg","contentUrl":"https:\/\/iomodontologia.com.br\/wp-content\/uploads\/2021\/05\/amamentacao-iom-mogi-das-cruzes.jpg","width":1096,"height":594},{"@type":"BreadcrumbList","@id":"https:\/\/iomodontologia.com.br\/index.php\/2021\/05\/18\/amamentacao\/#breadcrumb","itemListElement":[{"@type":"ListItem","position":1,"name":"Home","item":"https:\/\/iomodontologia.com.br\/"},{"@type":"ListItem","position":2,"name":"Amamenta\u00e7\u00e3o"}]},{"@type":"WebSite","@id":"https:\/\/iomodontologia.com.br\/#website","url":"https:\/\/iomodontologia.com.br\/","name":"IOM - INSTITUTO ODONTOL\u00d3GICO","description":"CL\u00cdNICA ODONTOL\u00d3GICA","publisher":{"@id":"https:\/\/iomodontologia.com.br\/#organization"},"potentialAction":[{"@type":"SearchAction","target":{"@type":"EntryPoint","urlTemplate":"https:\/\/iomodontologia.com.br\/?s={search_term_string}"},"query-input":{"@type":"PropertyValueSpecification","valueRequired":true,"valueName":"search_term_string"}}],"inLanguage":"pt-BR"},{"@type":"Organization","@id":"https:\/\/iomodontologia.com.br\/#organization","name":"IOM - Instituto Odontol\u00f3gico Mogiano","url":"https:\/\/iomodontologia.com.br\/","logo":{"@type":"ImageObject","inLanguage":"pt-BR","@id":"https:\/\/iomodontologia.com.br\/#\/schema\/logo\/image\/","url":"https:\/\/iomodontologia.com.br\/wp-content\/uploads\/2019\/11\/IOM-Logo-slogan.png","contentUrl":"https:\/\/iomodontologia.com.br\/wp-content\/uploads\/2019\/11\/IOM-Logo-slogan.png","width":2000,"height":858,"caption":"IOM - Instituto Odontol\u00f3gico Mogiano"},"image":{"@id":"https:\/\/iomodontologia.com.br\/#\/schema\/logo\/image\/"},"sameAs":["https:\/\/www.facebook.com\/iomodontologia","https:\/\/www.instagram.com\/iom.odonto"]},{"@type":"Person","@id":"https:\/\/iomodontologia.com.br\/#\/schema\/person\/2d8ae883d777958331a9492184992de0","name":"IOM","image":{"@type":"ImageObject","inLanguage":"pt-BR","@id":"https:\/\/iomodontologia.com.br\/#\/schema\/person\/image\/","url":"https:\/\/secure.gravatar.com\/avatar\/003dc2a3c14e0b6b5d63ec9413622bf8?s=96&d=mm&r=g","contentUrl":"https:\/\/secure.gravatar.com\/avatar\/003dc2a3c14e0b6b5d63ec9413622bf8?s=96&d=mm&r=g","caption":"IOM"},"sameAs":["http:\/\/taprontosite.com.br\/iom"],"url":"https:\/\/iomodontologia.com.br\/index.php\/author\/iom\/"}]}},"_links":{"self":[{"href":"https:\/\/iomodontologia.com.br\/index.php\/wp-json\/wp\/v2\/posts\/14289","targetHints":{"allow":["GET"]}}],"collection":[{"href":"https:\/\/iomodontologia.com.br\/index.php\/wp-json\/wp\/v2\/posts"}],"about":[{"href":"https:\/\/iomodontologia.com.br\/index.php\/wp-json\/wp\/v2\/types\/post"}],"author":[{"embeddable":true,"href":"https:\/\/iomodontologia.com.br\/index.php\/wp-json\/wp\/v2\/users\/1"}],"replies":[{"embeddable":true,"href":"https:\/\/iomodontologia.com.br\/index.php\/wp-json\/wp\/v2\/comments?post=14289"}],"version-history":[{"count":4,"href":"https:\/\/iomodontologia.com.br\/index.php\/wp-json\/wp\/v2\/posts\/14289\/revisions"}],"predecessor-version":[{"id":14371,"href":"https:\/\/iomodontologia.com.br\/index.php\/wp-json\/wp\/v2\/posts\/14289\/revisions\/14371"}],"wp:featuredmedia":[{"embeddable":true,"href":"https:\/\/iomodontologia.com.br\/index.php\/wp-json\/wp\/v2\/media\/14293"}],"wp:attachment":[{"href":"https:\/\/iomodontologia.com.br\/index.php\/wp-json\/wp\/v2\/media?parent=14289"}],"wp:term":[{"taxonomy":"category","embeddable":true,"href":"https:\/\/iomodontologia.com.br\/index.php\/wp-json\/wp\/v2\/categories?post=14289"},{"taxonomy":"post_tag","embeddable":true,"href":"https:\/\/iomodontologia.com.br\/index.php\/wp-json\/wp\/v2\/tags?post=14289"}],"curies":[{"name":"wp","href":"https:\/\/api.w.org\/{rel}","templated":true}]}}