{"id":132,"date":"2017-08-02T13:21:53","date_gmt":"2017-08-02T13:21:53","guid":{"rendered":"https:\/\/iomimplantes.000webhostapp.com\/?p=132"},"modified":"2017-08-02T13:21:53","modified_gmt":"2017-08-02T13:21:53","slug":"vitamina-d-odontologia","status":"publish","type":"post","link":"https:\/\/iomodontologia.com.br\/index.php\/2017\/08\/02\/vitamina-d-odontologia\/","title":{"rendered":"A vitamina D e a Odontologia"},"content":{"rendered":"<h1>A vitamina D e a Odontologia<\/h1>\n<p>A vitamina D, hoje classificada por muitos como um horm\u00f4nio, apresenta-se em duas formas, Vitamina D2 e Vitamina D3 e \u00e9 formada na pele por meio da exposi\u00e7\u00e3o solar. Os baixos n\u00edveis de vitamina D constituem um problema atual da popula\u00e7\u00e3o mundial. Essa vitamina precisa da luz do sol para ser metabolizada pelo organismo e os h\u00e1bitos de vida da popula\u00e7\u00e3o tem feito com que cada vez menos haja exposi\u00e7\u00e3o ao sol. Quantas pessoas n\u00e3o saem de casa em seu carro, chega na garagem do pr\u00e9dio onde trabalha, passa o dia todo no escrit\u00f3rio e s\u00f3 volta a noite pra casa, sem ao menos te visto a cara do sol?. Assim, \u00e9 muito frequente observar n\u00edveis baixos da vitamina D, por essa raz\u00e3o sua suplementa\u00e7\u00e3o se torna necess\u00e1ria.<\/p>\n<p>A<strong>\u00a0vitamina D3<\/strong>\u00a0estimula a absor\u00e7\u00e3o de c\u00e1lcio no intestino, atuando sobre a manuten\u00e7\u00e3o do equil\u00edbrio do c\u00e1lcio e, indiretamente,\u00a0<strong>regulando a mineraliza\u00e7\u00e3o \u00f3ssea<\/strong>. Al\u00e9m disso, tem sido mostrado que vitamina D atua tamb\u00e9m como\u00a0<strong>reguladora da imunidade (defesa do organismo)<\/strong>. Desta forma, a defici\u00eancia e\/ou insufici\u00eancia de vitamina D estaria relacionada a maior suscetibilidade a infec\u00e7\u00f5es bacterianas, como a\u00a0<strong>periodontite e a c\u00e1rie<\/strong>. Isso n\u00e3o significa que sua defici\u00eancia ou insufici\u00eancia seja causa da perda \u00f3ssea decorrente da periodontite ou do aparecimento de cavidades de c\u00e1rie. Esses desn\u00edveis podem piorar o quadro inflamat\u00f3rio e ou infeccioso, aumentando o problema. A causa da doen\u00e7a periodontal e da c\u00e1rie\u00a0 continua sendo a placa bacteriana, associada ao tempo e a m\u00e1 higieniza\u00e7\u00e3o.<\/p>\n<p>Pesquisadores tem investigado o efeito da suplementa\u00e7\u00e3o de vitamina D sobre os resultados do tratamento periodontal e da c\u00e1rie, e foi poss\u00edvel observar melhora no quadro cl\u00ednico.<\/p>\n<p>Como a vitamina D est\u00e1 relacionada com o equil\u00edbrio do c\u00e1lcio nos ossos, a cicatriza\u00e7\u00e3o dos\u00a0<strong>implantes dentais<\/strong>\u00a0pode ser influenciada pelos baixos n\u00edveis dessa vitamina. Vale dizer que essa condi\u00e7\u00e3o n\u00e3o \u00e9 contraindica\u00e7\u00e3o para a coloca\u00e7\u00e3o de implantes, mas a suplementa\u00e7\u00e3o da vitamina pode melhorar o processo de cicatriza\u00e7\u00e3o, levando a maior integra\u00e7\u00e3o entre implante e osso, ou seja o implante pode ficar mais aderido ao osso.<\/p>\n<p>Sendo assim, a vitamina D \u00e9 de suma import\u00e2ncia para cavidade oral, por essa raz\u00e3o \u00a0estamos hoje dentro da Odontologia trabalhando com modula\u00e7\u00e3o hormonal com efeitos odontol\u00f3gicos, e n\u00e3o \u00e9 s\u00f3 a falta da vitamina D que pode nos trazer problemas, temos outros horm\u00f4nios que em baixo ou alto n\u00edveis podem nos trazer preju\u00edzo \u00e0 sa\u00fade bucal, \u00e9 o caso do cortisol, conhecido como horm\u00f4nio do estresse que est\u00e1 envolvido diretamente com o bruxismo, mas esse assunto deixaremos para pr\u00f3xima dica.<\/p>\n<p>Se ficar alguma d\u00favida entre em contato conosco teremos maior prazer em responder suas d\u00favidas ou coment\u00e1rios!<\/p>\n","protected":false},"excerpt":{"rendered":"<p>A vitamina D e a Odontologia A vitamina D, hoje classificada por muitos como um horm\u00f4nio, apresenta-se em duas formas, Vitamina D2 e Vitamina D3 e \u00e9 formada na pele por meio da exposi\u00e7\u00e3o solar. Os baixos n\u00edveis de vitamina D constituem um problema atual da popula\u00e7\u00e3o mundial. Essa vitamina precisa da luz do sol&#8230;<\/p>\n","protected":false},"author":1,"featured_media":133,"comment_status":"open","ping_status":"open","sticky":false,"template":"","format":"standard","meta":{"_joinchat":[],"footnotes":""},"categories":[61],"tags":[],"class_list":["post-132","post","type-post","status-publish","format-standard","has-post-thumbnail","hentry","category-artigos"],"yoast_head":"<!-- This site is optimized with the Yoast SEO plugin v26.8 - https:\/\/yoast.com\/product\/yoast-seo-wordpress\/ -->\n<title>A vitamina D e a Odontologia - IOM - INSTITUTO ODONTOL\u00d3GICO<\/title>\n<meta name=\"description\" content=\"A vitamina D e a Odontologia saiba neste artigo detalhes fundamentais, sobre a import\u00e2ncia da vitamina D e sua rela\u00e7\u00e3o com a sa\u00fade bucal\" \/>\n<meta name=\"robots\" content=\"index, follow, max-snippet:-1, max-image-preview:large, max-video-preview:-1\" \/>\n<link rel=\"canonical\" href=\"https:\/\/iomodontologia.com.br\/index.php\/2017\/08\/02\/vitamina-d-odontologia\/\" \/>\n<meta property=\"og:locale\" content=\"pt_BR\" \/>\n<meta property=\"og:type\" content=\"article\" \/>\n<meta property=\"og:title\" content=\"A vitamina D e a Odontologia - IOM - INSTITUTO ODONTOL\u00d3GICO\" \/>\n<meta property=\"og:description\" content=\"A vitamina D e a Odontologia saiba neste artigo detalhes fundamentais, sobre a import\u00e2ncia da vitamina D e sua rela\u00e7\u00e3o com a sa\u00fade bucal\" \/>\n<meta property=\"og:url\" content=\"https:\/\/iomodontologia.com.br\/index.php\/2017\/08\/02\/vitamina-d-odontologia\/\" \/>\n<meta property=\"og:site_name\" content=\"IOM - INSTITUTO ODONTOL\u00d3GICO\" \/>\n<meta property=\"article:publisher\" content=\"https:\/\/www.facebook.com\/iomodontologia\" \/>\n<meta property=\"article:published_time\" content=\"2017-08-02T13:21:53+00:00\" \/>\n<meta property=\"og:image\" content=\"https:\/\/iomodontologia.com.br\/wp-content\/uploads\/2017\/08\/A-vitamina-D-e-a-Odontologia.jpg\" \/>\n\t<meta property=\"og:image:width\" content=\"800\" \/>\n\t<meta property=\"og:image:height\" content=\"534\" \/>\n\t<meta property=\"og:image:type\" content=\"image\/jpeg\" \/>\n<meta name=\"author\" content=\"IOM\" \/>\n<meta name=\"twitter:card\" content=\"summary_large_image\" \/>\n<meta name=\"twitter:label1\" content=\"Escrito por\" \/>\n\t<meta name=\"twitter:data1\" content=\"IOM\" \/>\n\t<meta name=\"twitter:label2\" content=\"Est. tempo de leitura\" \/>\n\t<meta name=\"twitter:data2\" content=\"3 minutos\" \/>\n<script type=\"application\/ld+json\" class=\"yoast-schema-graph\">{\"@context\":\"https:\/\/schema.org\",\"@graph\":[{\"@type\":\"Article\",\"@id\":\"https:\/\/iomodontologia.com.br\/index.php\/2017\/08\/02\/vitamina-d-odontologia\/#article\",\"isPartOf\":{\"@id\":\"https:\/\/iomodontologia.com.br\/index.php\/2017\/08\/02\/vitamina-d-odontologia\/\"},\"author\":{\"name\":\"IOM\",\"@id\":\"https:\/\/iomodontologia.com.br\/#\/schema\/person\/2d8ae883d777958331a9492184992de0\"},\"headline\":\"A vitamina D e a Odontologia\",\"datePublished\":\"2017-08-02T13:21:53+00:00\",\"mainEntityOfPage\":{\"@id\":\"https:\/\/iomodontologia.com.br\/index.php\/2017\/08\/02\/vitamina-d-odontologia\/\"},\"wordCount\":511,\"commentCount\":0,\"publisher\":{\"@id\":\"https:\/\/iomodontologia.com.br\/#organization\"},\"image\":{\"@id\":\"https:\/\/iomodontologia.com.br\/index.php\/2017\/08\/02\/vitamina-d-odontologia\/#primaryimage\"},\"thumbnailUrl\":\"https:\/\/iomodontologia.com.br\/wp-content\/uploads\/2017\/08\/A-vitamina-D-e-a-Odontologia.jpg\",\"articleSection\":[\"Artigos\"],\"inLanguage\":\"pt-BR\",\"potentialAction\":[{\"@type\":\"CommentAction\",\"name\":\"Comment\",\"target\":[\"https:\/\/iomodontologia.com.br\/index.php\/2017\/08\/02\/vitamina-d-odontologia\/#respond\"]}]},{\"@type\":\"WebPage\",\"@id\":\"https:\/\/iomodontologia.com.br\/index.php\/2017\/08\/02\/vitamina-d-odontologia\/\",\"url\":\"https:\/\/iomodontologia.com.br\/index.php\/2017\/08\/02\/vitamina-d-odontologia\/\",\"name\":\"A vitamina D e a Odontologia - IOM - INSTITUTO ODONTOL\u00d3GICO\",\"isPartOf\":{\"@id\":\"https:\/\/iomodontologia.com.br\/#website\"},\"primaryImageOfPage\":{\"@id\":\"https:\/\/iomodontologia.com.br\/index.php\/2017\/08\/02\/vitamina-d-odontologia\/#primaryimage\"},\"image\":{\"@id\":\"https:\/\/iomodontologia.com.br\/index.php\/2017\/08\/02\/vitamina-d-odontologia\/#primaryimage\"},\"thumbnailUrl\":\"https:\/\/iomodontologia.com.br\/wp-content\/uploads\/2017\/08\/A-vitamina-D-e-a-Odontologia.jpg\",\"datePublished\":\"2017-08-02T13:21:53+00:00\",\"description\":\"A vitamina D e a Odontologia saiba neste artigo detalhes fundamentais, sobre a import\u00e2ncia da vitamina D e sua rela\u00e7\u00e3o com a sa\u00fade bucal\",\"breadcrumb\":{\"@id\":\"https:\/\/iomodontologia.com.br\/index.php\/2017\/08\/02\/vitamina-d-odontologia\/#breadcrumb\"},\"inLanguage\":\"pt-BR\",\"potentialAction\":[{\"@type\":\"ReadAction\",\"target\":[\"https:\/\/iomodontologia.com.br\/index.php\/2017\/08\/02\/vitamina-d-odontologia\/\"]}]},{\"@type\":\"ImageObject\",\"inLanguage\":\"pt-BR\",\"@id\":\"https:\/\/iomodontologia.com.br\/index.php\/2017\/08\/02\/vitamina-d-odontologia\/#primaryimage\",\"url\":\"https:\/\/iomodontologia.com.br\/wp-content\/uploads\/2017\/08\/A-vitamina-D-e-a-Odontologia.jpg\",\"contentUrl\":\"https:\/\/iomodontologia.com.br\/wp-content\/uploads\/2017\/08\/A-vitamina-D-e-a-Odontologia.jpg\",\"width\":800,\"height\":534,\"caption\":\"A-vitamina-D-e-a-Odontologia\"},{\"@type\":\"BreadcrumbList\",\"@id\":\"https:\/\/iomodontologia.com.br\/index.php\/2017\/08\/02\/vitamina-d-odontologia\/#breadcrumb\",\"itemListElement\":[{\"@type\":\"ListItem\",\"position\":1,\"name\":\"Home\",\"item\":\"https:\/\/iomodontologia.com.br\/\"},{\"@type\":\"ListItem\",\"position\":2,\"name\":\"A vitamina D e a Odontologia\"}]},{\"@type\":\"WebSite\",\"@id\":\"https:\/\/iomodontologia.com.br\/#website\",\"url\":\"https:\/\/iomodontologia.com.br\/\",\"name\":\"IOM - INSTITUTO ODONTOL\u00d3GICO\",\"description\":\"CL\u00cdNICA ODONTOL\u00d3GICA\",\"publisher\":{\"@id\":\"https:\/\/iomodontologia.com.br\/#organization\"},\"potentialAction\":[{\"@type\":\"SearchAction\",\"target\":{\"@type\":\"EntryPoint\",\"urlTemplate\":\"https:\/\/iomodontologia.com.br\/?s={search_term_string}\"},\"query-input\":{\"@type\":\"PropertyValueSpecification\",\"valueRequired\":true,\"valueName\":\"search_term_string\"}}],\"inLanguage\":\"pt-BR\"},{\"@type\":\"Organization\",\"@id\":\"https:\/\/iomodontologia.com.br\/#organization\",\"name\":\"IOM - Instituto Odontol\u00f3gico Mogiano\",\"url\":\"https:\/\/iomodontologia.com.br\/\",\"logo\":{\"@type\":\"ImageObject\",\"inLanguage\":\"pt-BR\",\"@id\":\"https:\/\/iomodontologia.com.br\/#\/schema\/logo\/image\/\",\"url\":\"https:\/\/iomodontologia.com.br\/wp-content\/uploads\/2019\/11\/IOM-Logo-slogan.png\",\"contentUrl\":\"https:\/\/iomodontologia.com.br\/wp-content\/uploads\/2019\/11\/IOM-Logo-slogan.png\",\"width\":2000,\"height\":858,\"caption\":\"IOM - Instituto Odontol\u00f3gico Mogiano\"},\"image\":{\"@id\":\"https:\/\/iomodontologia.com.br\/#\/schema\/logo\/image\/\"},\"sameAs\":[\"https:\/\/www.facebook.com\/iomodontologia\",\"https:\/\/www.instagram.com\/iom.odonto\"]},{\"@type\":\"Person\",\"@id\":\"https:\/\/iomodontologia.com.br\/#\/schema\/person\/2d8ae883d777958331a9492184992de0\",\"name\":\"IOM\",\"image\":{\"@type\":\"ImageObject\",\"inLanguage\":\"pt-BR\",\"@id\":\"https:\/\/iomodontologia.com.br\/#\/schema\/person\/image\/\",\"url\":\"https:\/\/secure.gravatar.com\/avatar\/003dc2a3c14e0b6b5d63ec9413622bf8?s=96&d=mm&r=g\",\"contentUrl\":\"https:\/\/secure.gravatar.com\/avatar\/003dc2a3c14e0b6b5d63ec9413622bf8?s=96&d=mm&r=g\",\"caption\":\"IOM\"},\"sameAs\":[\"http:\/\/taprontosite.com.br\/iom\"],\"url\":\"https:\/\/iomodontologia.com.br\/index.php\/author\/iom\/\"}]}<\/script>\n<!-- \/ Yoast SEO plugin. -->","yoast_head_json":{"title":"A vitamina D e a Odontologia - IOM - INSTITUTO ODONTOL\u00d3GICO","description":"A vitamina D e a Odontologia saiba neste artigo detalhes fundamentais, sobre a import\u00e2ncia da vitamina D e sua rela\u00e7\u00e3o com a sa\u00fade bucal","robots":{"index":"index","follow":"follow","max-snippet":"max-snippet:-1","max-image-preview":"max-image-preview:large","max-video-preview":"max-video-preview:-1"},"canonical":"https:\/\/iomodontologia.com.br\/index.php\/2017\/08\/02\/vitamina-d-odontologia\/","og_locale":"pt_BR","og_type":"article","og_title":"A vitamina D e a Odontologia - IOM - INSTITUTO ODONTOL\u00d3GICO","og_description":"A vitamina D e a Odontologia saiba neste artigo detalhes fundamentais, sobre a import\u00e2ncia da vitamina D e sua rela\u00e7\u00e3o com a sa\u00fade bucal","og_url":"https:\/\/iomodontologia.com.br\/index.php\/2017\/08\/02\/vitamina-d-odontologia\/","og_site_name":"IOM - INSTITUTO ODONTOL\u00d3GICO","article_publisher":"https:\/\/www.facebook.com\/iomodontologia","article_published_time":"2017-08-02T13:21:53+00:00","og_image":[{"width":800,"height":534,"url":"https:\/\/iomodontologia.com.br\/wp-content\/uploads\/2017\/08\/A-vitamina-D-e-a-Odontologia.jpg","type":"image\/jpeg"}],"author":"IOM","twitter_card":"summary_large_image","twitter_misc":{"Escrito por":"IOM","Est. tempo de leitura":"3 minutos"},"schema":{"@context":"https:\/\/schema.org","@graph":[{"@type":"Article","@id":"https:\/\/iomodontologia.com.br\/index.php\/2017\/08\/02\/vitamina-d-odontologia\/#article","isPartOf":{"@id":"https:\/\/iomodontologia.com.br\/index.php\/2017\/08\/02\/vitamina-d-odontologia\/"},"author":{"name":"IOM","@id":"https:\/\/iomodontologia.com.br\/#\/schema\/person\/2d8ae883d777958331a9492184992de0"},"headline":"A vitamina D e a Odontologia","datePublished":"2017-08-02T13:21:53+00:00","mainEntityOfPage":{"@id":"https:\/\/iomodontologia.com.br\/index.php\/2017\/08\/02\/vitamina-d-odontologia\/"},"wordCount":511,"commentCount":0,"publisher":{"@id":"https:\/\/iomodontologia.com.br\/#organization"},"image":{"@id":"https:\/\/iomodontologia.com.br\/index.php\/2017\/08\/02\/vitamina-d-odontologia\/#primaryimage"},"thumbnailUrl":"https:\/\/iomodontologia.com.br\/wp-content\/uploads\/2017\/08\/A-vitamina-D-e-a-Odontologia.jpg","articleSection":["Artigos"],"inLanguage":"pt-BR","potentialAction":[{"@type":"CommentAction","name":"Comment","target":["https:\/\/iomodontologia.com.br\/index.php\/2017\/08\/02\/vitamina-d-odontologia\/#respond"]}]},{"@type":"WebPage","@id":"https:\/\/iomodontologia.com.br\/index.php\/2017\/08\/02\/vitamina-d-odontologia\/","url":"https:\/\/iomodontologia.com.br\/index.php\/2017\/08\/02\/vitamina-d-odontologia\/","name":"A vitamina D e a Odontologia - IOM - INSTITUTO ODONTOL\u00d3GICO","isPartOf":{"@id":"https:\/\/iomodontologia.com.br\/#website"},"primaryImageOfPage":{"@id":"https:\/\/iomodontologia.com.br\/index.php\/2017\/08\/02\/vitamina-d-odontologia\/#primaryimage"},"image":{"@id":"https:\/\/iomodontologia.com.br\/index.php\/2017\/08\/02\/vitamina-d-odontologia\/#primaryimage"},"thumbnailUrl":"https:\/\/iomodontologia.com.br\/wp-content\/uploads\/2017\/08\/A-vitamina-D-e-a-Odontologia.jpg","datePublished":"2017-08-02T13:21:53+00:00","description":"A vitamina D e a Odontologia saiba neste artigo detalhes fundamentais, sobre a import\u00e2ncia da vitamina D e sua rela\u00e7\u00e3o com a sa\u00fade bucal","breadcrumb":{"@id":"https:\/\/iomodontologia.com.br\/index.php\/2017\/08\/02\/vitamina-d-odontologia\/#breadcrumb"},"inLanguage":"pt-BR","potentialAction":[{"@type":"ReadAction","target":["https:\/\/iomodontologia.com.br\/index.php\/2017\/08\/02\/vitamina-d-odontologia\/"]}]},{"@type":"ImageObject","inLanguage":"pt-BR","@id":"https:\/\/iomodontologia.com.br\/index.php\/2017\/08\/02\/vitamina-d-odontologia\/#primaryimage","url":"https:\/\/iomodontologia.com.br\/wp-content\/uploads\/2017\/08\/A-vitamina-D-e-a-Odontologia.jpg","contentUrl":"https:\/\/iomodontologia.com.br\/wp-content\/uploads\/2017\/08\/A-vitamina-D-e-a-Odontologia.jpg","width":800,"height":534,"caption":"A-vitamina-D-e-a-Odontologia"},{"@type":"BreadcrumbList","@id":"https:\/\/iomodontologia.com.br\/index.php\/2017\/08\/02\/vitamina-d-odontologia\/#breadcrumb","itemListElement":[{"@type":"ListItem","position":1,"name":"Home","item":"https:\/\/iomodontologia.com.br\/"},{"@type":"ListItem","position":2,"name":"A vitamina D e a Odontologia"}]},{"@type":"WebSite","@id":"https:\/\/iomodontologia.com.br\/#website","url":"https:\/\/iomodontologia.com.br\/","name":"IOM - INSTITUTO ODONTOL\u00d3GICO","description":"CL\u00cdNICA ODONTOL\u00d3GICA","publisher":{"@id":"https:\/\/iomodontologia.com.br\/#organization"},"potentialAction":[{"@type":"SearchAction","target":{"@type":"EntryPoint","urlTemplate":"https:\/\/iomodontologia.com.br\/?s={search_term_string}"},"query-input":{"@type":"PropertyValueSpecification","valueRequired":true,"valueName":"search_term_string"}}],"inLanguage":"pt-BR"},{"@type":"Organization","@id":"https:\/\/iomodontologia.com.br\/#organization","name":"IOM - Instituto Odontol\u00f3gico Mogiano","url":"https:\/\/iomodontologia.com.br\/","logo":{"@type":"ImageObject","inLanguage":"pt-BR","@id":"https:\/\/iomodontologia.com.br\/#\/schema\/logo\/image\/","url":"https:\/\/iomodontologia.com.br\/wp-content\/uploads\/2019\/11\/IOM-Logo-slogan.png","contentUrl":"https:\/\/iomodontologia.com.br\/wp-content\/uploads\/2019\/11\/IOM-Logo-slogan.png","width":2000,"height":858,"caption":"IOM - Instituto Odontol\u00f3gico Mogiano"},"image":{"@id":"https:\/\/iomodontologia.com.br\/#\/schema\/logo\/image\/"},"sameAs":["https:\/\/www.facebook.com\/iomodontologia","https:\/\/www.instagram.com\/iom.odonto"]},{"@type":"Person","@id":"https:\/\/iomodontologia.com.br\/#\/schema\/person\/2d8ae883d777958331a9492184992de0","name":"IOM","image":{"@type":"ImageObject","inLanguage":"pt-BR","@id":"https:\/\/iomodontologia.com.br\/#\/schema\/person\/image\/","url":"https:\/\/secure.gravatar.com\/avatar\/003dc2a3c14e0b6b5d63ec9413622bf8?s=96&d=mm&r=g","contentUrl":"https:\/\/secure.gravatar.com\/avatar\/003dc2a3c14e0b6b5d63ec9413622bf8?s=96&d=mm&r=g","caption":"IOM"},"sameAs":["http:\/\/taprontosite.com.br\/iom"],"url":"https:\/\/iomodontologia.com.br\/index.php\/author\/iom\/"}]}},"_links":{"self":[{"href":"https:\/\/iomodontologia.com.br\/index.php\/wp-json\/wp\/v2\/posts\/132","targetHints":{"allow":["GET"]}}],"collection":[{"href":"https:\/\/iomodontologia.com.br\/index.php\/wp-json\/wp\/v2\/posts"}],"about":[{"href":"https:\/\/iomodontologia.com.br\/index.php\/wp-json\/wp\/v2\/types\/post"}],"author":[{"embeddable":true,"href":"https:\/\/iomodontologia.com.br\/index.php\/wp-json\/wp\/v2\/users\/1"}],"replies":[{"embeddable":true,"href":"https:\/\/iomodontologia.com.br\/index.php\/wp-json\/wp\/v2\/comments?post=132"}],"version-history":[{"count":0,"href":"https:\/\/iomodontologia.com.br\/index.php\/wp-json\/wp\/v2\/posts\/132\/revisions"}],"wp:featuredmedia":[{"embeddable":true,"href":"https:\/\/iomodontologia.com.br\/index.php\/wp-json\/wp\/v2\/media\/133"}],"wp:attachment":[{"href":"https:\/\/iomodontologia.com.br\/index.php\/wp-json\/wp\/v2\/media?parent=132"}],"wp:term":[{"taxonomy":"category","embeddable":true,"href":"https:\/\/iomodontologia.com.br\/index.php\/wp-json\/wp\/v2\/categories?post=132"},{"taxonomy":"post_tag","embeddable":true,"href":"https:\/\/iomodontologia.com.br\/index.php\/wp-json\/wp\/v2\/tags?post=132"}],"curies":[{"name":"wp","href":"https:\/\/api.w.org\/{rel}","templated":true}]}}