{"id":113,"date":"2017-08-01T13:47:32","date_gmt":"2017-08-01T13:47:32","guid":{"rendered":"https:\/\/iomimplantes.000webhostapp.com\/?p=113"},"modified":"2017-08-01T13:47:32","modified_gmt":"2017-08-01T13:47:32","slug":"sequencia-da-odontologia-estetica","status":"publish","type":"post","link":"https:\/\/iomodontologia.com.br\/index.php\/2017\/08\/01\/sequencia-da-odontologia-estetica\/","title":{"rendered":"A sequ\u00eancia da Odontologia est\u00e9tica"},"content":{"rendered":"<h1>A sequ\u00eancia da Odontologia est\u00e9tica<\/h1>\n<p>\u00c9 muito comum encontrar pessoas que n\u00e3o tem o h\u00e1bito de sorrir, principalmente pra as fotos, grande parte da causa est\u00e1 no sorriso que elas possuem. Os motivos variam entre dentes tortos, encavalados, gengiva grande, dentes amarelados ou manchados e l\u00f3gico a falta de dentes.<\/p>\n<p>A boa not\u00edcia \u00e9 que a\u00a0<a href=\"http:\/\/odontologiaesaudebh.com.br\/odontologia-estetica\/\">Odontologia Est\u00e9tica<\/a>\u00a0t\u00e1 a\u00ed para resgatar a autoestima das pessoas, al\u00e9m de promover a sa\u00fade bucal. Afinal as especialidades da odontologia andam juntas e se complementam.<\/p>\n<p>Muitos pacientes realizam os tratamentos odontol\u00f3gicos est\u00e9ticos em busca de um sorriso dos sonhos sem seguir uma ordem correta, as vezes os resultados n\u00e3o s\u00e3o alcan\u00e7ados por n\u00e3o seguirem essa ordem, uma sequ\u00eancia que garante n\u00e3o s\u00f3 a preserva\u00e7\u00e3o da sa\u00fade bucal como tamb\u00e9m os investimentos financeiros feitos. A ordem saud\u00e1vel e ideal da Odontologia Est\u00e9tica \u00e9 a seguinte: Profilaxia, aparelho ortod\u00f4ntico, implante,\u00a0<a href=\"http:\/\/odontologiaesaudebh.com.br\/clareamento-dental-porque-fazer-quem-pode-fazer\/\">clareamento<\/a>, aplica\u00e7\u00e3o de lentes de contato ou facetas e realiza\u00e7\u00e3o de restaura\u00e7\u00f5es est\u00e9ticas.<\/p>\n<p>Exemplo: pacientes que usam aparelho ou t\u00eam prescri\u00e7\u00e3o de us\u00e1-lo n\u00e3o ter\u00e3o resultado com o clareamento dental, pois onde est\u00e1 a brackett do aparelho n\u00e3o ser\u00e1 clareado e o aparelho pode mudar a cor do dente, perdendo assim o efeito do clareamento. Outro caso \u00e9 a coloca\u00e7\u00e3o do implante antes do uso do aparelho ortod\u00f4ntico. Este \u00e9 um procedimento errado porque dente implantado n\u00e3o \u00e9 poss\u00edvel de se mover. Portanto, a utiliza\u00e7\u00e3o do aparelho ortod\u00f4ntico deve ser feita antes de clarear ou\u00a0<a href=\"http:\/\/odontologiaesaudebh.com.br\/implante-fazer-ou-nao-e-caro-ou-barato\/\">implantar os dentes<\/a>.<\/p>\n<p>Os pacientes que possuem pequenas imperfei\u00e7\u00f5es nos dentes (como desalinhamentos, aberturas ou comprimento insatisfat\u00f3rio) podem colocar a\u00a0<a href=\"http:\/\/odontologiaesaudebh.com.br\/lente-de-contato\/\">lente de contato<\/a>\u00a0dental para a corre\u00e7\u00e3o desejada. Aqueles que possuem intensidade de manchas e estrutura do dente comprometida,t\u00eam a op\u00e7\u00e3o de colocar a faceta dental, esses procedimentos nunca dever\u00e3o ser realizados antes do clareamento, pois, se colocarmos as facetas antes do clareamento, os dentes que futuramente ser\u00e3o clareados provavelmente ficar\u00e3o mais claros.<\/p>\n<p>Vejam como \u00e9 poss\u00edvel aliar sa\u00fade e beleza para transformar um sorriso. O ideal \u00e9 que o paciente encontre uma equipe de dentistas qualificados e experientes para poder atend\u00ea-lo sob a \u00f3tica dos procedimentos avan\u00e7ados, sempre tudo previamente planejado e priorizando a sequ\u00eancia correta e ser seguida. Assim o paciente colher\u00e1 os verdadeiros benef\u00edcios da Odontologia est\u00e9tica.<\/p>\n<p>Essa foi a dica de hoje um abra\u00e7o a todos e at\u00e9 a pr\u00f3xima.<\/p>\n","protected":false},"excerpt":{"rendered":"<p>A sequ\u00eancia da Odontologia est\u00e9tica \u00c9 muito comum encontrar pessoas que n\u00e3o tem o h\u00e1bito de sorrir, principalmente pra as fotos, grande parte da causa est\u00e1 no sorriso que elas possuem. Os motivos variam entre dentes tortos, encavalados, gengiva grande, dentes amarelados ou manchados e l\u00f3gico a falta de dentes. A boa not\u00edcia \u00e9 que&#8230;<\/p>\n","protected":false},"author":1,"featured_media":114,"comment_status":"open","ping_status":"open","sticky":false,"template":"","format":"standard","meta":{"_joinchat":[],"footnotes":""},"categories":[61],"tags":[],"class_list":["post-113","post","type-post","status-publish","format-standard","has-post-thumbnail","hentry","category-artigos"],"yoast_head":"<!-- This site is optimized with the Yoast SEO plugin v26.8 - https:\/\/yoast.com\/product\/yoast-seo-wordpress\/ -->\n<title>A sequ\u00eancia da Odontologia est\u00e9tica - IOM - INSTITUTO ODONTOL\u00d3GICO<\/title>\n<meta name=\"description\" content=\"A sequ\u00eancia da Odontologia est\u00e9tica a\u00ed para resgatar a autoestima das pessoas, al\u00e9m de promover a sa\u00fade bucal. Conhe\u00e7a neste artigos detalhes fundamentais\" \/>\n<meta name=\"robots\" content=\"index, follow, max-snippet:-1, max-image-preview:large, max-video-preview:-1\" \/>\n<link rel=\"canonical\" href=\"https:\/\/iomodontologia.com.br\/index.php\/2017\/08\/01\/sequencia-da-odontologia-estetica\/\" \/>\n<meta property=\"og:locale\" content=\"pt_BR\" \/>\n<meta property=\"og:type\" content=\"article\" \/>\n<meta property=\"og:title\" content=\"A sequ\u00eancia da Odontologia est\u00e9tica - IOM - INSTITUTO ODONTOL\u00d3GICO\" \/>\n<meta property=\"og:description\" content=\"A sequ\u00eancia da Odontologia est\u00e9tica a\u00ed para resgatar a autoestima das pessoas, al\u00e9m de promover a sa\u00fade bucal. Conhe\u00e7a neste artigos detalhes fundamentais\" \/>\n<meta property=\"og:url\" content=\"https:\/\/iomodontologia.com.br\/index.php\/2017\/08\/01\/sequencia-da-odontologia-estetica\/\" \/>\n<meta property=\"og:site_name\" content=\"IOM - INSTITUTO ODONTOL\u00d3GICO\" \/>\n<meta property=\"article:publisher\" content=\"https:\/\/www.facebook.com\/iomodontologia\" \/>\n<meta property=\"article:published_time\" content=\"2017-08-01T13:47:32+00:00\" \/>\n<meta name=\"author\" content=\"IOM\" \/>\n<meta name=\"twitter:card\" content=\"summary_large_image\" \/>\n<meta name=\"twitter:label1\" content=\"Escrito por\" \/>\n\t<meta name=\"twitter:data1\" content=\"IOM\" \/>\n\t<meta name=\"twitter:label2\" content=\"Est. tempo de leitura\" \/>\n\t<meta name=\"twitter:data2\" content=\"2 minutos\" \/>\n<script type=\"application\/ld+json\" class=\"yoast-schema-graph\">{\"@context\":\"https:\/\/schema.org\",\"@graph\":[{\"@type\":\"Article\",\"@id\":\"https:\/\/iomodontologia.com.br\/index.php\/2017\/08\/01\/sequencia-da-odontologia-estetica\/#article\",\"isPartOf\":{\"@id\":\"https:\/\/iomodontologia.com.br\/index.php\/2017\/08\/01\/sequencia-da-odontologia-estetica\/\"},\"author\":{\"name\":\"IOM\",\"@id\":\"https:\/\/iomodontologia.com.br\/#\/schema\/person\/2d8ae883d777958331a9492184992de0\"},\"headline\":\"A sequ\u00eancia da Odontologia est\u00e9tica\",\"datePublished\":\"2017-08-01T13:47:32+00:00\",\"mainEntityOfPage\":{\"@id\":\"https:\/\/iomodontologia.com.br\/index.php\/2017\/08\/01\/sequencia-da-odontologia-estetica\/\"},\"wordCount\":440,\"commentCount\":0,\"publisher\":{\"@id\":\"https:\/\/iomodontologia.com.br\/#organization\"},\"image\":{\"@id\":\"https:\/\/iomodontologia.com.br\/index.php\/2017\/08\/01\/sequencia-da-odontologia-estetica\/#primaryimage\"},\"thumbnailUrl\":\"\",\"articleSection\":[\"Artigos\"],\"inLanguage\":\"pt-BR\",\"potentialAction\":[{\"@type\":\"CommentAction\",\"name\":\"Comment\",\"target\":[\"https:\/\/iomodontologia.com.br\/index.php\/2017\/08\/01\/sequencia-da-odontologia-estetica\/#respond\"]}]},{\"@type\":\"WebPage\",\"@id\":\"https:\/\/iomodontologia.com.br\/index.php\/2017\/08\/01\/sequencia-da-odontologia-estetica\/\",\"url\":\"https:\/\/iomodontologia.com.br\/index.php\/2017\/08\/01\/sequencia-da-odontologia-estetica\/\",\"name\":\"A sequ\u00eancia da Odontologia est\u00e9tica - IOM - INSTITUTO ODONTOL\u00d3GICO\",\"isPartOf\":{\"@id\":\"https:\/\/iomodontologia.com.br\/#website\"},\"primaryImageOfPage\":{\"@id\":\"https:\/\/iomodontologia.com.br\/index.php\/2017\/08\/01\/sequencia-da-odontologia-estetica\/#primaryimage\"},\"image\":{\"@id\":\"https:\/\/iomodontologia.com.br\/index.php\/2017\/08\/01\/sequencia-da-odontologia-estetica\/#primaryimage\"},\"thumbnailUrl\":\"\",\"datePublished\":\"2017-08-01T13:47:32+00:00\",\"description\":\"A sequ\u00eancia da Odontologia est\u00e9tica a\u00ed para resgatar a autoestima das pessoas, al\u00e9m de promover a sa\u00fade bucal. Conhe\u00e7a neste artigos detalhes fundamentais\",\"breadcrumb\":{\"@id\":\"https:\/\/iomodontologia.com.br\/index.php\/2017\/08\/01\/sequencia-da-odontologia-estetica\/#breadcrumb\"},\"inLanguage\":\"pt-BR\",\"potentialAction\":[{\"@type\":\"ReadAction\",\"target\":[\"https:\/\/iomodontologia.com.br\/index.php\/2017\/08\/01\/sequencia-da-odontologia-estetica\/\"]}]},{\"@type\":\"ImageObject\",\"inLanguage\":\"pt-BR\",\"@id\":\"https:\/\/iomodontologia.com.br\/index.php\/2017\/08\/01\/sequencia-da-odontologia-estetica\/#primaryimage\",\"url\":\"\",\"contentUrl\":\"\"},{\"@type\":\"BreadcrumbList\",\"@id\":\"https:\/\/iomodontologia.com.br\/index.php\/2017\/08\/01\/sequencia-da-odontologia-estetica\/#breadcrumb\",\"itemListElement\":[{\"@type\":\"ListItem\",\"position\":1,\"name\":\"Home\",\"item\":\"https:\/\/iomodontologia.com.br\/\"},{\"@type\":\"ListItem\",\"position\":2,\"name\":\"A sequ\u00eancia da Odontologia est\u00e9tica\"}]},{\"@type\":\"WebSite\",\"@id\":\"https:\/\/iomodontologia.com.br\/#website\",\"url\":\"https:\/\/iomodontologia.com.br\/\",\"name\":\"IOM - INSTITUTO ODONTOL\u00d3GICO\",\"description\":\"CL\u00cdNICA ODONTOL\u00d3GICA\",\"publisher\":{\"@id\":\"https:\/\/iomodontologia.com.br\/#organization\"},\"potentialAction\":[{\"@type\":\"SearchAction\",\"target\":{\"@type\":\"EntryPoint\",\"urlTemplate\":\"https:\/\/iomodontologia.com.br\/?s={search_term_string}\"},\"query-input\":{\"@type\":\"PropertyValueSpecification\",\"valueRequired\":true,\"valueName\":\"search_term_string\"}}],\"inLanguage\":\"pt-BR\"},{\"@type\":\"Organization\",\"@id\":\"https:\/\/iomodontologia.com.br\/#organization\",\"name\":\"IOM - Instituto Odontol\u00f3gico Mogiano\",\"url\":\"https:\/\/iomodontologia.com.br\/\",\"logo\":{\"@type\":\"ImageObject\",\"inLanguage\":\"pt-BR\",\"@id\":\"https:\/\/iomodontologia.com.br\/#\/schema\/logo\/image\/\",\"url\":\"https:\/\/iomodontologia.com.br\/wp-content\/uploads\/2019\/11\/IOM-Logo-slogan.png\",\"contentUrl\":\"https:\/\/iomodontologia.com.br\/wp-content\/uploads\/2019\/11\/IOM-Logo-slogan.png\",\"width\":2000,\"height\":858,\"caption\":\"IOM - Instituto Odontol\u00f3gico Mogiano\"},\"image\":{\"@id\":\"https:\/\/iomodontologia.com.br\/#\/schema\/logo\/image\/\"},\"sameAs\":[\"https:\/\/www.facebook.com\/iomodontologia\",\"https:\/\/www.instagram.com\/iom.odonto\"]},{\"@type\":\"Person\",\"@id\":\"https:\/\/iomodontologia.com.br\/#\/schema\/person\/2d8ae883d777958331a9492184992de0\",\"name\":\"IOM\",\"image\":{\"@type\":\"ImageObject\",\"inLanguage\":\"pt-BR\",\"@id\":\"https:\/\/iomodontologia.com.br\/#\/schema\/person\/image\/\",\"url\":\"https:\/\/secure.gravatar.com\/avatar\/003dc2a3c14e0b6b5d63ec9413622bf8?s=96&d=mm&r=g\",\"contentUrl\":\"https:\/\/secure.gravatar.com\/avatar\/003dc2a3c14e0b6b5d63ec9413622bf8?s=96&d=mm&r=g\",\"caption\":\"IOM\"},\"sameAs\":[\"http:\/\/taprontosite.com.br\/iom\"],\"url\":\"https:\/\/iomodontologia.com.br\/index.php\/author\/iom\/\"}]}<\/script>\n<!-- \/ Yoast SEO plugin. -->","yoast_head_json":{"title":"A sequ\u00eancia da Odontologia est\u00e9tica - IOM - INSTITUTO ODONTOL\u00d3GICO","description":"A sequ\u00eancia da Odontologia est\u00e9tica a\u00ed para resgatar a autoestima das pessoas, al\u00e9m de promover a sa\u00fade bucal. Conhe\u00e7a neste artigos detalhes fundamentais","robots":{"index":"index","follow":"follow","max-snippet":"max-snippet:-1","max-image-preview":"max-image-preview:large","max-video-preview":"max-video-preview:-1"},"canonical":"https:\/\/iomodontologia.com.br\/index.php\/2017\/08\/01\/sequencia-da-odontologia-estetica\/","og_locale":"pt_BR","og_type":"article","og_title":"A sequ\u00eancia da Odontologia est\u00e9tica - IOM - INSTITUTO ODONTOL\u00d3GICO","og_description":"A sequ\u00eancia da Odontologia est\u00e9tica a\u00ed para resgatar a autoestima das pessoas, al\u00e9m de promover a sa\u00fade bucal. Conhe\u00e7a neste artigos detalhes fundamentais","og_url":"https:\/\/iomodontologia.com.br\/index.php\/2017\/08\/01\/sequencia-da-odontologia-estetica\/","og_site_name":"IOM - INSTITUTO ODONTOL\u00d3GICO","article_publisher":"https:\/\/www.facebook.com\/iomodontologia","article_published_time":"2017-08-01T13:47:32+00:00","author":"IOM","twitter_card":"summary_large_image","twitter_misc":{"Escrito por":"IOM","Est. tempo de leitura":"2 minutos"},"schema":{"@context":"https:\/\/schema.org","@graph":[{"@type":"Article","@id":"https:\/\/iomodontologia.com.br\/index.php\/2017\/08\/01\/sequencia-da-odontologia-estetica\/#article","isPartOf":{"@id":"https:\/\/iomodontologia.com.br\/index.php\/2017\/08\/01\/sequencia-da-odontologia-estetica\/"},"author":{"name":"IOM","@id":"https:\/\/iomodontologia.com.br\/#\/schema\/person\/2d8ae883d777958331a9492184992de0"},"headline":"A sequ\u00eancia da Odontologia est\u00e9tica","datePublished":"2017-08-01T13:47:32+00:00","mainEntityOfPage":{"@id":"https:\/\/iomodontologia.com.br\/index.php\/2017\/08\/01\/sequencia-da-odontologia-estetica\/"},"wordCount":440,"commentCount":0,"publisher":{"@id":"https:\/\/iomodontologia.com.br\/#organization"},"image":{"@id":"https:\/\/iomodontologia.com.br\/index.php\/2017\/08\/01\/sequencia-da-odontologia-estetica\/#primaryimage"},"thumbnailUrl":"","articleSection":["Artigos"],"inLanguage":"pt-BR","potentialAction":[{"@type":"CommentAction","name":"Comment","target":["https:\/\/iomodontologia.com.br\/index.php\/2017\/08\/01\/sequencia-da-odontologia-estetica\/#respond"]}]},{"@type":"WebPage","@id":"https:\/\/iomodontologia.com.br\/index.php\/2017\/08\/01\/sequencia-da-odontologia-estetica\/","url":"https:\/\/iomodontologia.com.br\/index.php\/2017\/08\/01\/sequencia-da-odontologia-estetica\/","name":"A sequ\u00eancia da Odontologia est\u00e9tica - IOM - INSTITUTO ODONTOL\u00d3GICO","isPartOf":{"@id":"https:\/\/iomodontologia.com.br\/#website"},"primaryImageOfPage":{"@id":"https:\/\/iomodontologia.com.br\/index.php\/2017\/08\/01\/sequencia-da-odontologia-estetica\/#primaryimage"},"image":{"@id":"https:\/\/iomodontologia.com.br\/index.php\/2017\/08\/01\/sequencia-da-odontologia-estetica\/#primaryimage"},"thumbnailUrl":"","datePublished":"2017-08-01T13:47:32+00:00","description":"A sequ\u00eancia da Odontologia est\u00e9tica a\u00ed para resgatar a autoestima das pessoas, al\u00e9m de promover a sa\u00fade bucal. Conhe\u00e7a neste artigos detalhes fundamentais","breadcrumb":{"@id":"https:\/\/iomodontologia.com.br\/index.php\/2017\/08\/01\/sequencia-da-odontologia-estetica\/#breadcrumb"},"inLanguage":"pt-BR","potentialAction":[{"@type":"ReadAction","target":["https:\/\/iomodontologia.com.br\/index.php\/2017\/08\/01\/sequencia-da-odontologia-estetica\/"]}]},{"@type":"ImageObject","inLanguage":"pt-BR","@id":"https:\/\/iomodontologia.com.br\/index.php\/2017\/08\/01\/sequencia-da-odontologia-estetica\/#primaryimage","url":"","contentUrl":""},{"@type":"BreadcrumbList","@id":"https:\/\/iomodontologia.com.br\/index.php\/2017\/08\/01\/sequencia-da-odontologia-estetica\/#breadcrumb","itemListElement":[{"@type":"ListItem","position":1,"name":"Home","item":"https:\/\/iomodontologia.com.br\/"},{"@type":"ListItem","position":2,"name":"A sequ\u00eancia da Odontologia est\u00e9tica"}]},{"@type":"WebSite","@id":"https:\/\/iomodontologia.com.br\/#website","url":"https:\/\/iomodontologia.com.br\/","name":"IOM - INSTITUTO ODONTOL\u00d3GICO","description":"CL\u00cdNICA ODONTOL\u00d3GICA","publisher":{"@id":"https:\/\/iomodontologia.com.br\/#organization"},"potentialAction":[{"@type":"SearchAction","target":{"@type":"EntryPoint","urlTemplate":"https:\/\/iomodontologia.com.br\/?s={search_term_string}"},"query-input":{"@type":"PropertyValueSpecification","valueRequired":true,"valueName":"search_term_string"}}],"inLanguage":"pt-BR"},{"@type":"Organization","@id":"https:\/\/iomodontologia.com.br\/#organization","name":"IOM - Instituto Odontol\u00f3gico Mogiano","url":"https:\/\/iomodontologia.com.br\/","logo":{"@type":"ImageObject","inLanguage":"pt-BR","@id":"https:\/\/iomodontologia.com.br\/#\/schema\/logo\/image\/","url":"https:\/\/iomodontologia.com.br\/wp-content\/uploads\/2019\/11\/IOM-Logo-slogan.png","contentUrl":"https:\/\/iomodontologia.com.br\/wp-content\/uploads\/2019\/11\/IOM-Logo-slogan.png","width":2000,"height":858,"caption":"IOM - Instituto Odontol\u00f3gico Mogiano"},"image":{"@id":"https:\/\/iomodontologia.com.br\/#\/schema\/logo\/image\/"},"sameAs":["https:\/\/www.facebook.com\/iomodontologia","https:\/\/www.instagram.com\/iom.odonto"]},{"@type":"Person","@id":"https:\/\/iomodontologia.com.br\/#\/schema\/person\/2d8ae883d777958331a9492184992de0","name":"IOM","image":{"@type":"ImageObject","inLanguage":"pt-BR","@id":"https:\/\/iomodontologia.com.br\/#\/schema\/person\/image\/","url":"https:\/\/secure.gravatar.com\/avatar\/003dc2a3c14e0b6b5d63ec9413622bf8?s=96&d=mm&r=g","contentUrl":"https:\/\/secure.gravatar.com\/avatar\/003dc2a3c14e0b6b5d63ec9413622bf8?s=96&d=mm&r=g","caption":"IOM"},"sameAs":["http:\/\/taprontosite.com.br\/iom"],"url":"https:\/\/iomodontologia.com.br\/index.php\/author\/iom\/"}]}},"_links":{"self":[{"href":"https:\/\/iomodontologia.com.br\/index.php\/wp-json\/wp\/v2\/posts\/113","targetHints":{"allow":["GET"]}}],"collection":[{"href":"https:\/\/iomodontologia.com.br\/index.php\/wp-json\/wp\/v2\/posts"}],"about":[{"href":"https:\/\/iomodontologia.com.br\/index.php\/wp-json\/wp\/v2\/types\/post"}],"author":[{"embeddable":true,"href":"https:\/\/iomodontologia.com.br\/index.php\/wp-json\/wp\/v2\/users\/1"}],"replies":[{"embeddable":true,"href":"https:\/\/iomodontologia.com.br\/index.php\/wp-json\/wp\/v2\/comments?post=113"}],"version-history":[{"count":0,"href":"https:\/\/iomodontologia.com.br\/index.php\/wp-json\/wp\/v2\/posts\/113\/revisions"}],"wp:featuredmedia":[{"embeddable":true,"href":"https:\/\/iomodontologia.com.br\/index.php\/wp-json\/"}],"wp:attachment":[{"href":"https:\/\/iomodontologia.com.br\/index.php\/wp-json\/wp\/v2\/media?parent=113"}],"wp:term":[{"taxonomy":"category","embeddable":true,"href":"https:\/\/iomodontologia.com.br\/index.php\/wp-json\/wp\/v2\/categories?post=113"},{"taxonomy":"post_tag","embeddable":true,"href":"https:\/\/iomodontologia.com.br\/index.php\/wp-json\/wp\/v2\/tags?post=113"}],"curies":[{"name":"wp","href":"https:\/\/api.w.org\/{rel}","templated":true}]}}